{"id":385,"date":"2012-05-29T14:02:17","date_gmt":"2012-05-29T14:02:17","guid":{"rendered":"http:\/\/quasarcomunicacion.wordpress.com\/?p=385"},"modified":"2012-05-29T14:02:17","modified_gmt":"2012-05-29T14:02:17","slug":"8-y-9-de-junio-dia-mundial-del-ambiente-en-pilar","status":"publish","type":"post","link":"https:\/\/quasarcomunicacion.com.ar\/web\/8-y-9-de-junio-dia-mundial-del-ambiente-en-pilar\/","title":{"rendered":"8 y 9 de junio  D\u00eda Mundial del Ambiente en Pilar"},"content":{"rendered":"<p style=\"text-align:left;\" align=\"center\">La Asociaci\u00f3n Patrimonio Natural celebra el D\u00eda Mundial del Ambiente e invita a toda la comunidad el pr\u00f3ximo viernes 8 de junio a una Jornada en la Plaza 12 de Octubre de Pilar<!--more--><\/p>\n<p>Con la consigna \u00abSumate al d\u00eda del ambiente\u00bb, a partir de las 11 hs se realizar\u00e1n actividades de difusi\u00f3n, proyecci\u00f3n de videos y charlas. Adem\u00e1s, como ya es tradici\u00f3n, compartir\u00e1n mates entre las distintas actividades que se ir\u00e1n desarrollando.<br \/>\nPor su parte, el s\u00e1bado 9 de junio en la Reserva Natural del Pilar, desde las 11 hs, se realizar\u00e1n actividades l\u00fadicas. Adem\u00e1s, habr\u00e1 visitas guiadas destacando la necesidad de cambiar nuestros h\u00e1bitos de consumo.<br \/>\nPara toda la familia habr\u00e1 juegos y plantaci\u00f3n de especies aut\u00f3ctonas. Por la tarde, entre todos los presentes compartir\u00e1n la merienda.<br \/>\nM\u00e1s informaci\u00f3n escribiendo a\u00a0<a href=\"mailto:info@patrimonionatural.org.ar\">info@patrimonionatural.org.ar<\/a>\u00a0o a<a href=\"mailto:patrimonionatural@gmail.com\">patrimonionatural@gmail.com<\/a>\u00a0\u00f3 telef\u00f3nicamente comunic\u00e1ndose con el 011 15 5052 7846<br \/>\nLa\u00a0<strong>Reserva Natural<\/strong><strong>\u00a0del Pilar<\/strong>\u00a0se encuentra a menos de 2 km del casco urbano de la ciudad del Pilar y de la Panamericana (Ramal Pilar). Su acceso es muy f\u00e1cil ya que hay asfalto hasta el ingreso a la misma y el colectivo 501 llega hasta all\u00ed, indica a Ex F\u00e1brica Militar y parte del centro de Pilar. La Reserva se encuentra en la calle Argerich sin n\u00famero, detr\u00e1s de la ex F\u00e1brica Militar, por ruta 25 camino a Escobar.<\/p>\n","protected":false},"excerpt":{"rendered":"<p>La Asociaci\u00f3n Patrimonio Natural celebra el D\u00eda Mundial del Ambiente e invita a toda la comunidad el pr\u00f3ximo viernes 8 [&hellip;]<\/p>\n","protected":false},"author":2,"featured_media":0,"comment_status":"open","ping_status":"open","sticky":false,"template":"","format":"standard","meta":[],"categories":[2],"tags":[],"_links":{"self":[{"href":"https:\/\/quasarcomunicacion.com.ar\/web\/wp-json\/wp\/v2\/posts\/385"}],"collection":[{"href":"https:\/\/quasarcomunicacion.com.ar\/web\/wp-json\/wp\/v2\/posts"}],"about":[{"href":"https:\/\/quasarcomunicacion.com.ar\/web\/wp-json\/wp\/v2\/types\/post"}],"author":[{"embeddable":true,"href":"https:\/\/quasarcomunicacion.com.ar\/web\/wp-json\/wp\/v2\/users\/2"}],"replies":[{"embeddable":true,"href":"https:\/\/quasarcomunicacion.com.ar\/web\/wp-json\/wp\/v2\/comments?post=385"}],"version-history":[{"count":0,"href":"https:\/\/quasarcomunicacion.com.ar\/web\/wp-json\/wp\/v2\/posts\/385\/revisions"}],"wp:attachment":[{"href":"https:\/\/quasarcomunicacion.com.ar\/web\/wp-json\/wp\/v2\/media?parent=385"}],"wp:term":[{"taxonomy":"category","embeddable":true,"href":"https:\/\/quasarcomunicacion.com.ar\/web\/wp-json\/wp\/v2\/categories?post=385"},{"taxonomy":"post_tag","embeddable":true,"href":"https:\/\/quasarcomunicacion.com.ar\/web\/wp-json\/wp\/v2\/tags?post=385"}],"curies":[{"name":"wp","href":"https:\/\/api.w.org\/{rel}","templated":true}]}}