{"id":3810,"date":"2014-01-24T15:22:39","date_gmt":"2014-01-24T18:22:39","guid":{"rendered":"https:\/\/quasarcomunicacion.com.ar\/web\/?p=3810"},"modified":"2014-01-24T15:22:39","modified_gmt":"2014-01-24T18:22:39","slug":"actividades-al-aire-libre-por-la-semana-por-el-dia-mundial-de-los-humedales","status":"publish","type":"post","link":"https:\/\/quasarcomunicacion.com.ar\/web\/actividades-al-aire-libre-por-la-semana-por-el-dia-mundial-de-los-humedales\/","title":{"rendered":"Actividades al aire libre por el D\u00eda Mundial de los Humedales"},"content":{"rendered":"<p style=\"text-align: left;\" align=\"center\"><i>\u00a0<\/i><span style=\"font-family: Verdana; font-size: small;\">Las Entidades de la Cuenca que desde el a\u00f1o 2012 vienen trabajando en la COMISI\u00d3N ASESORA del COMIT\u00c9 DE CUENCA DEL R\u00cdO LUJ\u00c1N, adem\u00e1s de otras instituciones relacionadas de la regi\u00f3n, est\u00e1n organizando la conmemoraci\u00f3n del D\u00cdA MUNDIAL DE LOS HUMEDALES 2014 que comenzar\u00e1 el s\u00e1bado 1\u00ba de febrero en Pilar.<!--more--><\/span><\/p>\n<p align=\"center\"><a href=\"https:\/\/quasarcomunicacion.com.ar\/web\/wp-content\/uploads\/2014\/01\/1044012_780490388645460_1319490761_n.jpg\"><img class=\"aligncenter\" alt=\"1044012_780490388645460_1319490761_n\" src=\"https:\/\/quasarcomunicacion.com.ar\/web\/wp-content\/uploads\/2014\/01\/1044012_780490388645460_1319490761_n.jpg\" \/><\/a><\/p>\n<p><span style=\"font-family: Verdana; font-size: small;\">Se sumaron a esta propuesta adem\u00e1s de <b>Patrimonio Natural<\/b>, la Administraci\u00f3n de Parques Nacionales (APN), SOS H\u00e1bitat, Vecinos del Humedal, Asociaci\u00f3n Ambientalista del Partido de Escobar, FIPCA (Fundaci\u00f3n Interactiva para Promover la Cultura del Agua), Club de Remo y N\u00e1utica Bel\u00e9n de Escobar y la Reserva Natural Otamendi <\/span> <span style=\"font-family: Verdana; font-size: small;\">Las actividades comienzan el s\u00e1bado 1\u00ba de febrero desde las 11 horas con los paseos en canoas en la <b>Reserva Natural del Pilar<\/b>, organizados por la <b>Asociaci\u00f3n Patrimonio Natural del Pilar.<\/b> La <b>Reserva Natural <\/b>est\u00e1 ubicada en Argerich sin n\u00famero, detr\u00e1s de la ex F\u00e1brica Militar, por ruta 25 camino a Escobar). M\u00e1s informaci\u00f3n y adhesiones escribiendo a info@patrimonionatural.org.ar o 011-15-5052-7846<\/span> <a href=\"https:\/\/quasarcomunicacion.com.ar\/web\/wp-content\/uploads\/2014\/01\/muelle.gif\"><img class=\"aligncenter\" alt=\"muelle\" src=\"https:\/\/quasarcomunicacion.com.ar\/web\/wp-content\/uploads\/2014\/01\/muelle.gif\" \/><\/a> \u00a0 <span style=\"font-family: Verdana; font-size: small;\">Luego, siguiendo con el cronograma, el domingo 2 los participantes realizar\u00e1n una caminata desde la Reserva Arroyo Balta (Mercedes) hasta el R\u00edo Luj\u00e1n, desde las 9 horas. <\/span> <span style=\"font-family: Verdana; font-size: small;\">El lunes 3 de febrero se llevar\u00e1 a cabo la Traves\u00eda en Kayaks y Canoas, desde la Reserva del Pilar hasta la Reserva Otamendi (Campana), a partir de las 9 horas. <\/span> <span style=\"font-family: Verdana; font-size: small;\">M\u00e1s adelante, el s\u00e1bado 8, se har\u00e1 otra Traves\u00eda en Kayaks y Canoas, pero esta vez desde Ruta 9 y R\u00edo Luj\u00e1n hasta El Cazador (Asociaci\u00f3n Ambientalista Escobar), a partir de las 8 horas. <\/span> <span style=\"font-family: Verdana; font-size: small;\">Adem\u00e1s, quedan fechas a confirmar para la realizaci\u00f3n de la traves\u00eda desde El Cazador hasta San Fernando (FIPCA y Club de Remo Escobar) <\/span> <span style=\"font-family: Verdana; font-size: small;\">Aquellos interesados en aportar una actividad o adherirse a las ya mencionadas, enviar un e-mail a <a href=\"mailto:difusion@cuencariolujan.org\">difusion@cuencariolujan.org<\/a>\u00a0 <\/span> <span style=\"font-family: Verdana; font-size: small;\">Para quienes no saben la importancia de los Humedales del Lujan, los bienes y servicios ambientales que nos proveen (y que contribuyen a nuestro bienestar) incluyen: el h\u00e1bitat de flora y fauna silvestre, la amortiguaci\u00f3n de inundaciones y sequ\u00edas, la adaptaci\u00f3n y mitigaci\u00f3n del cambio clim\u00e1tico, la provisi\u00f3n de agua y alimentos y por \u00faltimo, el esparcimiento. <\/span> <span style=\"font-family: Verdana; font-size: small;\">Sin embargo, y lamentablemente, hoy los Humedales del Luj\u00e1n se ven severamente amenazados por determinados factores, como son: relleno para construcci\u00f3n de urbanizaciones privadas y parques industriales, la contaminaci\u00f3n por efluentes cloacales e industriales, la sustituci\u00f3n de la vegetaci\u00f3n nativa, la invasi\u00f3n de especies ex\u00f3ticas y perdida de la biodiversidad, y el impacto de la agricultura y ganader\u00eda <\/span> <span style=\"font-family: Verdana; font-size: small;\">\u201cConocer el humedal nos permitir\u00e1 cuidarlo\u201d, se\u00f1alan desde la<b> Reserva Natural del Pilar<\/b>.<\/span><\/p>\n<p align=\"center\"><b><span style=\"font-family: Arial; font-size: small;\">Toda la info de la Reserva ingresando en\u00a0<\/span><\/b> <b><span style=\"font-family: Arial; font-size: medium;\"> <a href=\"http:\/\/www.quasarcomunicacion.com.ar\/reserva\/prensa.htm\"> http:\/\/www.quasarcomunicacion.com.ar\/reserva<\/a><\/span><\/b><\/p>\n<p align=\"center\"><span style=\"font-size: small;\"><b><i> Contactos de Prensa<\/i><\/b><\/span><\/p>\n<div align=\"left\">\n<table width=\"100%\" border=\"1\" cellpadding=\"2\" align=\"left\">\n<tbody>\n<tr>\n<td width=\"50%\">\n<p align=\"left\"><span style=\"font-size: medium;\"><strong> <span style=\"color: #808080; font-family: Arial; font-size: small;\"> Camila Sarmiento &#8211; Asistente de Cuentas<\/span><\/strong><\/span><\/p>\n<p><span style=\"font-size: xx-small;\"><span style=\"color: #ff0000;\"> Directo<\/span><b>: <\/b> 0230<\/span><span style=\"font-size: xx-small;\">-4664772 <\/span><span style=\"color: #ff0000; font-size: xx-small;\"> Skype:<\/span><span style=\"font-size: xx-small;\"> quasarcomunicacion <\/span><span style=\"color: #ff0000; font-size: xx-small;\"> Twitter:<\/span><span style=\"font-size: xx-small;\"> @quasarpilar <\/span><span style=\"color: #ff0000; font-size: xx-small;\"> Gr<\/span><span style=\"color: #ff0000; font-size: xx-small;\">upo y p\u00e1gina en Facebook: <\/span> <span style=\"color: #808080; font-size: xx-small;\">www.facebook.com\/<\/span><a href=\"mailto:mfipata@gmail.com\"><span style=\"font-size: xx-small;\">Quasar<\/span><\/a><span style=\"font-size: xx-small;\">Comunicacion <\/span><span style=\"color: #ff0000; font-size: xx-small;\"> Web:<\/span><b><\/b> <a href=\"http:\/\/www.quasarcomunicacion.com.ar\/\"> <span style=\"font-size: xx-small;\">www.quasarcomunicacion.com.ar<\/span><\/a><\/p>\n<p align=\"left\"><span style=\"font-size: xx-small;\"> <span style=\"color: #ff0000;\">Mail<\/span><b>:<\/b><\/span><span style=\"font-size: xx-small;\"> <a href=\"mailto:fernanda@quasarcomunicacion.com.ar\"> asistente@quasarcomunicacion.com.ar<\/a><\/span><\/p>\n<\/td>\n<td width=\"50%\">\n<p align=\"right\"><span style=\"font-size: medium;\"><strong> <span style=\"color: #808080; font-family: Arial; font-size: small;\"> Lic. Mar\u00eda Fernanda Ipata &#8211; Directora <\/span> <\/strong><\/span> <span style=\"font-size: xx-small;\"><span style=\"color: #ff0000;\"> Directo<\/span><b>: <\/b> 0230<\/span><span style=\"font-size: xx-small;\">-4664772<\/span><span style=\"font-size: xx-small;\"> <span style=\"color: #ff0000;\">M\u00f3vil:<\/span><b> <\/b> 0230<\/span><span style=\"font-size: xx-small;\">-15-4584535 011-15-6096-4656 ID 558*3763 <\/span><span style=\"color: #ff0000; font-size: xx-small;\"> Skype:<\/span><span style=\"font-size: xx-small;\"> quasarcomunicacion <\/span><span style=\"color: #ff0000; font-size: xx-small;\"> Twitter:<\/span><span style=\"font-size: xx-small;\"> @quasarpilar <\/span><span style=\"color: #ff0000; font-size: xx-small;\"> Gr<\/span><span style=\"color: #ff0000; font-size: xx-small;\">upo y p\u00e1gina en Facebook: <\/span> <span style=\"color: #808080; font-size: xx-small;\">www.facebook.com\/<\/span><a href=\"mailto:mfipata@gmail.com\"><span style=\"font-size: xx-small;\">Quasar<\/span><\/a><span style=\"font-size: xx-small;\">Comunicacion <\/span><span style=\"font-size: xx-small;\"> <span style=\"color: #ff0000;\">LinkedIn<\/span><b>:\u00a0 <\/b><\/span> <span style=\"font-size: xx-small;\"><b> <a href=\"http:\/\/www.linkedin.com\/in\/mfipata\"> http:\/\/www.linkedin.com\/in\/mfipata<\/a><\/b><\/span><span style=\"color: #ff0000; font-size: xx-small;\"> Web:<\/span><b><\/b> <a href=\"http:\/\/www.quasarcomunicacion.com.ar\/\"> <span style=\"font-size: xx-small;\">www.quasarcomunicacion.com.ar<\/span><\/a><span style=\"font-size: xx-small;\"> <span style=\"color: #ff0000;\">Mail<\/span><b>:<\/b><\/span><span style=\"font-size: xx-small;\"><a href=\"mailto:fernanda@quasarcomunicacion.com.ar\"> fernanda@quasarcomunicacion.com.ar<\/a><\/span><\/p>\n<\/td>\n<\/tr>\n<\/tbody>\n<\/table>\n<\/div>\n","protected":false},"excerpt":{"rendered":"<p>\u00a0Las Entidades de la Cuenca que desde el a\u00f1o 2012 vienen trabajando en la COMISI\u00d3N ASESORA del COMIT\u00c9 DE CUENCA [&hellip;]<\/p>\n","protected":false},"author":2,"featured_media":3811,"comment_status":"open","ping_status":"open","sticky":false,"template":"","format":"standard","meta":[],"categories":[2],"tags":[],"_links":{"self":[{"href":"https:\/\/quasarcomunicacion.com.ar\/web\/wp-json\/wp\/v2\/posts\/3810"}],"collection":[{"href":"https:\/\/quasarcomunicacion.com.ar\/web\/wp-json\/wp\/v2\/posts"}],"about":[{"href":"https:\/\/quasarcomunicacion.com.ar\/web\/wp-json\/wp\/v2\/types\/post"}],"author":[{"embeddable":true,"href":"https:\/\/quasarcomunicacion.com.ar\/web\/wp-json\/wp\/v2\/users\/2"}],"replies":[{"embeddable":true,"href":"https:\/\/quasarcomunicacion.com.ar\/web\/wp-json\/wp\/v2\/comments?post=3810"}],"version-history":[{"count":0,"href":"https:\/\/quasarcomunicacion.com.ar\/web\/wp-json\/wp\/v2\/posts\/3810\/revisions"}],"wp:featuredmedia":[{"embeddable":true,"href":"https:\/\/quasarcomunicacion.com.ar\/web\/wp-json\/wp\/v2\/media\/3811"}],"wp:attachment":[{"href":"https:\/\/quasarcomunicacion.com.ar\/web\/wp-json\/wp\/v2\/media?parent=3810"}],"wp:term":[{"taxonomy":"category","embeddable":true,"href":"https:\/\/quasarcomunicacion.com.ar\/web\/wp-json\/wp\/v2\/categories?post=3810"},{"taxonomy":"post_tag","embeddable":true,"href":"https:\/\/quasarcomunicacion.com.ar\/web\/wp-json\/wp\/v2\/tags?post=3810"}],"curies":[{"name":"wp","href":"https:\/\/api.w.org\/{rel}","templated":true}]}}