{"id":3793,"date":"2014-01-23T13:55:19","date_gmt":"2014-01-23T16:55:19","guid":{"rendered":"https:\/\/quasarcomunicacion.com.ar\/web\/?p=3793"},"modified":"2014-01-23T13:55:19","modified_gmt":"2014-01-23T16:55:19","slug":"pautas-para-elegir-el-mejor-jardin-maternal-para-mi-hijo","status":"publish","type":"post","link":"https:\/\/quasarcomunicacion.com.ar\/web\/pautas-para-elegir-el-mejor-jardin-maternal-para-mi-hijo\/","title":{"rendered":"Pautas para elegir el mejor Jard\u00edn Maternal para mi hijo"},"content":{"rendered":"<p style=\"text-align: left;\" align=\"center\"><i><a href=\"https:\/\/quasarcomunicacion.com.ar\/web\/wp-content\/uploads\/2014\/01\/adri.jpg\"><img class=\"alignright\" alt=\"adri\" src=\"https:\/\/quasarcomunicacion.com.ar\/web\/wp-content\/uploads\/2014\/01\/adri.jpg\" \/><\/a><\/i><span style=\"font-family: Verdana; font-size: small;\">Si se viene el momento de elegir un Jard\u00edn Maternal para enviar a tus hijos, este informe es para vos. Sin dudas es una decisi\u00f3n dif\u00edcil que requiere de mucho an\u00e1lisis e investigaci\u00f3n para que la elecci\u00f3n nos brinde la tranquilidad suficiente para dejar a nuestros hijos sin culpas ni preocupaci\u00f3n.<!--more--><\/span><b> <\/b><\/p>\n<p><span style=\"font-family: Verdana; font-size: small;\">El jard\u00edn maternal corresponde al primer ciclo del nivel inicial y abarca la educaci\u00f3n de los ni\u00f1os en las secciones de lactarios (beb\u00e9s de menos de un a\u00f1o), deambuladores (entre uno y dos a\u00f1os) y la sala de dos a\u00f1os. De ah\u00ed la importancia de elegir una buena instituci\u00f3n, que nos brinde como madres la seguridad de que estar\u00e1n bien atendidos y estimulados.<\/span><\/p>\n<div align=\"center\"><center><\/p>\n<table width=\"90%\" border=\"0\" cellspacing=\"4\" cellpadding=\"4\">\n<tbody>\n<tr>\n<td bgcolor=\"#ECFFF9\" width=\"100%\"><i> <span style=\"font-family: Verdana; font-size: xx-small;\">El equipo de profesionales de <b>MOMENTO CERO<\/b><\/span><\/i><span style=\"font-family: Verdana; font-size: xx-small;\"><i> est\u00e1 disponible para consultas o entrevistas sobre el tema. Comunicarse al 0230-4664772 \u00f3 011-15-6096-4656 para concretarlas o enviar un mail a <a href=\"mailto:gabriela@quasarcomunicacion.com.ar\"> fernanda@quasarcomunicacion.com.ar <\/a>\u00a0<\/i><\/span><\/td>\n<\/tr>\n<\/tbody>\n<\/table>\n<p><\/center><\/div>\n<p><span style=\"font-family: Verdana; font-size: small;\">La Lic. Adriana L\u00f3pez, co-fundadora de <b>Momento Cero<\/b>, instituci\u00f3n destinada a generar espacios para mam\u00e1s y pap\u00e1s, con el fin de facilitar la crianza de sus hijos en salud y recuperar el arte perdido que es el ejercicio de la maternidad y paternidad; asegura que \u00abel momento de elegir un jard\u00edn maternal para dejar a nuestro beb\u00e9, suele ser un per\u00edodo de muchas ansiedades y temores. Por tal motivo es importante tener en cuenta algunas pautas que nos den confianza y tranquilicen\u00bb.<\/span><br \/>\n<b><span style=\"font-family: Verdana; font-size: small;\">Entre las pautas se destacan: <\/span><\/b><br \/>\n<span style=\"font-family: Verdana; font-size: small;\">\u2022 Ubicaci\u00f3n de la Instituci\u00f3n: Ver si preferimos que est\u00e9 cerca de casa o del trabajo La cercan\u00eda de la instituci\u00f3n es relevante sobre todo en el per\u00edodo de adaptaci\u00f3n en que los ni\u00f1os no est\u00e1n all\u00ed la jornada completa. Tambi\u00e9n a la hora de acudir ante un eventual problema (fiebre, un golpe, dolor de panza, etc.).<br \/>\n\u2022 Ver que el jard\u00edn re\u00fana las caracter\u00edsticas b\u00e1sicas que los padres buscan, que puedan sentirse identificados con la filosof\u00eda que el jard\u00edn propone.<\/span><br \/>\n<span style=\"font-family: Verdana; font-size: small;\">\u2022 Que les sea posible ver si lo expresado en la propuesta es coherente con lo realizado.<\/span><br \/>\n<span style=\"font-family: Verdana; font-size: small;\">\u2022 Garantizarse que sea un lugar seguro, c\u00e1lido, organizado, y con personal capacitado para trabajar con ni\u00f1os peque\u00f1os, que sepan escuchar y que sean capaces de entender las necesidades particulares de cada ni\u00f1o. <\/span><br \/>\n<span style=\"font-family: Verdana; font-size: small;\">\u2022 La cantidad de alumnos y docentes tambi\u00e9n es muy importante: Cu\u00e1ntos chicos hay por grupo en cada una de las salas, cu\u00e1ntos docentes hay por sala y si hay auxiliares. Si lo hay, \u00bfson fijos o compartidos entre salas? Debe haber una concordancia entre la edad de los ni\u00f1os, el tama\u00f1o m\u00e1ximo del grupo y la cantidad de personal.<br \/>\n\u2022 Es importante ver la fluidez en la comunicaci\u00f3n con los docentes y directivos. La mam\u00e1 necesita una continuidad de informaci\u00f3n sobre c\u00f3mo est\u00e1 su hijo o c\u00f3mo transcurri\u00f3 su d\u00eda. Esto le permitir\u00e1 entender las manifestaciones del ni\u00f1o y recuperar mentalmente el d\u00eda de su hijo. Tambi\u00e9n el jard\u00edn necesita continuidad en la informaci\u00f3n para que los cuidados est\u00e9n m\u00e1s en sinton\u00eda con lo que le ocurre al ni\u00f1o.<\/span><br \/>\n<span style=\"font-family: Verdana; font-size: small;\">\u00abTeniendo en cuenta todas las variables, m\u00e1s todas las expectativas puestas en la elecci\u00f3n del mejor espacio donde transcurra el d\u00eda de su hijo, los padres cuentan con muchas herramientas para saber si est\u00e1n eligiendo correctamente y si hay alguna duda, pueden seguir buscando hasta encontrar la guarder\u00eda m\u00e1s apropiada, es un momento muy importante en el ciclo de la familia y merece ser vivido con mucha tranquilidad\u00bb, indica la<br \/>\nLic. Adriana L\u00f3pez, de Momento Cero (www.momentocero.com.ar). Matr\u00edcula Profesional: 23.655<\/span><\/p>\n<p align=\"center\"><b><span style=\"font-family: Arial; font-size: small;\">Toda la info de la Reserva ingresando en\u00a0<\/span><\/b><br \/>\n<a href=\"http:\/\/www.quasarcomunicacion.com.ar\/momentocero\"> http:\/\/www.quasarcomunicacion.com.ar\/momentocero<\/a><\/p>\n<p align=\"right\"><span style=\"font-size: medium;\"><strong> <span style=\"color: #808080; font-family: Arial; font-size: small;\"> Lic. Mar\u00eda Fernanda Ipata<br \/>\nQu\u00e1sar Comunicaci\u00f3n<br \/>\n<\/span> <\/strong><\/span> <span style=\"font-size: xx-small;\"><span style=\"color: #ff0000;\"> Directo<\/span><b>: <\/b> 0230<\/span><span style=\"font-size: xx-small;\">-4664772<\/span><span style=\"font-size: xx-small;\"><br \/>\n<\/span><span style=\"font-size: xx-small;\"> <span style=\"color: #ff0000;\">M\u00f3vil:<\/span><b> <\/b> 0230-<\/span><span style=\"font-size: xx-small;\">15-4584535<br \/>\n011-15-6096-4656 ID 558*3763<br \/>\n<\/span><span style=\"color: #ff0000; font-size: xx-small;\"> Skype:<\/span><span style=\"font-size: xx-small;\"> quasarcomunicacion<br \/>\n<\/span><span style=\"color: #ff0000; font-size: xx-small;\"> Twitter:<\/span><span style=\"font-size: xx-small;\"> @quasarpilar<br \/>\n<\/span><span style=\"color: #ff0000; font-size: xx-small;\"> Gr<\/span><span style=\"color: #ff0000; font-size: xx-small;\">upo y p\u00e1gina en Facebook: <\/span> <span style=\"color: #808080; font-size: xx-small;\">www.facebook.com\/<\/span><a href=\"mailto:mfipata@gmail.com\"><span style=\"font-size: xx-small;\">Quasar<\/span><\/a><span style=\"font-size: xx-small;\">Comunicacion<br \/>\n<\/span><span style=\"font-size: xx-small;\"> <span style=\"color: #ff0000;\">LinkedIn<\/span><b>: <\/b><\/span> <a title=\"Ver perfil p\u00fablico\" href=\"http:\/\/ar.linkedin.com\/pub\/mar%C3%83%C2%AD-a-fernanda-ipata\/a\/293\/212\"> <span style=\"font-size: xx-small;\"> http:\/\/ar.linkedin.com\/pub\/mar%C3%AD-a-fernanda-ipata\/a\/293\/212<\/span><\/a><span style=\"font-size: xx-small;\"><br \/>\n<\/span><span style=\"color: #ff0000; font-size: xx-small;\"> Web:<\/span><b><\/b> <a href=\"http:\/\/www.quasarcomunicacion.com.ar\/\"> <span style=\"font-size: xx-small;\">www.quasarcomunicacion.com.ar<\/span><\/a><span style=\"font-size: xx-small;\"><br \/>\n<\/span><span style=\"font-size: xx-small;\"> <span style=\"color: #ff0000;\">Mail<\/span><b>:<\/b><\/span><span style=\"font-size: xx-small;\"> fernanda@quasarcomunicacion.com.ar<\/span><\/p>\n<hr \/>\n<p><b><span style=\"font-family: Verdana; font-size: small;\"> Adriana Marcela L\u00f3pez <\/span><\/b><br \/>\n<b><\/b><span style=\"font-family: Verdana; font-size: xx-small;\">Licenciada en Psicolog\u00eda de la Universidad de Buenos Aires. Especialista en vincularidad temprana. <\/span><br \/>\n<span style=\"font-family: Verdana; font-size: xx-small;\">Psic\u00f3loga y supervisora del Centro de Psicopatolog\u00eda Infanto-Juvenil de San Isidro.<br \/>\nPsic\u00f3loga de ni\u00f1os, adolescentes y adultos. Abordaje en Psicodiagn\u00f3stico, tratamiento individual, Orientaci\u00f3n a padres, Asesoramiento a instituciones educativas.<\/span><br \/>\n<span style=\"font-family: Verdana; font-size: xx-small;\">Coordinadora del Seminario de Observaci\u00f3n de Lactantes, m\u00e9todo de Esther Bick, para profesionales de la salud.<\/span><br \/>\n<span style=\"font-family: Verdana; font-size: xx-small;\">Creadora y coordinadora de Momento Cero, programa destinado al trabajo con padres e hijos con el objetivo de favorecer un desarrollo emocional sano. <\/span><br \/>\n<span style=\"font-family: Verdana; font-size: xx-small;\">Creadora y coordinadora de EPsiS Equipo psicol\u00f3gico para la Salud C.A.B.A.: Centro, Palermo, Belgrano<\/span><\/p>\n","protected":false},"excerpt":{"rendered":"<p>Si se viene el momento de elegir un Jard\u00edn Maternal para enviar a tus hijos, este informe es para vos. [&hellip;]<\/p>\n","protected":false},"author":2,"featured_media":3794,"comment_status":"open","ping_status":"open","sticky":false,"template":"","format":"standard","meta":[],"categories":[2],"tags":[],"_links":{"self":[{"href":"https:\/\/quasarcomunicacion.com.ar\/web\/wp-json\/wp\/v2\/posts\/3793"}],"collection":[{"href":"https:\/\/quasarcomunicacion.com.ar\/web\/wp-json\/wp\/v2\/posts"}],"about":[{"href":"https:\/\/quasarcomunicacion.com.ar\/web\/wp-json\/wp\/v2\/types\/post"}],"author":[{"embeddable":true,"href":"https:\/\/quasarcomunicacion.com.ar\/web\/wp-json\/wp\/v2\/users\/2"}],"replies":[{"embeddable":true,"href":"https:\/\/quasarcomunicacion.com.ar\/web\/wp-json\/wp\/v2\/comments?post=3793"}],"version-history":[{"count":0,"href":"https:\/\/quasarcomunicacion.com.ar\/web\/wp-json\/wp\/v2\/posts\/3793\/revisions"}],"wp:featuredmedia":[{"embeddable":true,"href":"https:\/\/quasarcomunicacion.com.ar\/web\/wp-json\/wp\/v2\/media\/3794"}],"wp:attachment":[{"href":"https:\/\/quasarcomunicacion.com.ar\/web\/wp-json\/wp\/v2\/media?parent=3793"}],"wp:term":[{"taxonomy":"category","embeddable":true,"href":"https:\/\/quasarcomunicacion.com.ar\/web\/wp-json\/wp\/v2\/categories?post=3793"},{"taxonomy":"post_tag","embeddable":true,"href":"https:\/\/quasarcomunicacion.com.ar\/web\/wp-json\/wp\/v2\/tags?post=3793"}],"curies":[{"name":"wp","href":"https:\/\/api.w.org\/{rel}","templated":true}]}}