{"id":3778,"date":"2014-01-22T11:50:11","date_gmt":"2014-01-22T14:50:11","guid":{"rendered":"https:\/\/quasarcomunicacion.com.ar\/web\/?p=3778"},"modified":"2014-01-22T11:50:11","modified_gmt":"2014-01-22T14:50:11","slug":"san-valentin-en-feirs-park-hotel-rooftop","status":"publish","type":"post","link":"https:\/\/quasarcomunicacion.com.ar\/web\/san-valentin-en-feirs-park-hotel-rooftop\/","title":{"rendered":"San Valent\u00edn en Feir\u00b4s Park Hotel &amp; Rooftop"},"content":{"rendered":"<p align=\"left\">\u00a0<b>Fei<\/b><b>r\u00b4s Park Hotel &amp; Rooftop<\/b>, el hotel ubicado en el barrio de Retiro\/Recoleta, en pleno coraz\u00f3n de la Capital Federal (Argentina), lanza una serie de promociones para festejar el D\u00eda de los Enamorados\u00a0<b>\u00abUna noche rom\u00e1ntica&#8230; 14 de febrero&#8230; be my Valentine\u00bb<\/b>.<\/p>\n<p align=\"left\"><!--more--><\/p>\n<p align=\"left\"><span style=\"font-family: Verdana; font-size: small;\">La propuesta incluye u<\/span><span style=\"font-family: Verdana; font-size: small;\">na botella de champagne, chocolates, late check out, estacionamiento, desayuno en Esmeralda Lounge, WiFi, utilizaci\u00f3n de piscina externa, sauna y gimnasio.<\/span><\/p>\n<p><img class=\"aligncenter\" alt=\"fachada\" src=\"https:\/\/quasarcomunicacion.com.ar\/web\/wp-content\/uploads\/2014\/01\/fachada.gif\" \/><\/p>\n<p align=\"left\"><span style=\"font-family: Verdana; font-size: small;\">El hu\u00e9sped puede elegir cualquiera de las suites que se destacan por sus amplias dimensiones y comodidades.<\/span><\/p>\n<p align=\"left\"><span style=\"font-family: Verdana; font-size: small;\">Los valores seg\u00fan el alojamiento son los siguientes:<\/span><\/p>\n<p align=\"left\"><span style=\"font-family: Verdana; font-size: small;\">\u2022 Executive Suite a $ 840 + IVA la noche<br \/>\n\u2022 Premiere Suite a $ 1030 + IVA la noche<br \/>\n\u2022 Premiere Superior con jacuzzi a $ 1140 + IVA<\/span><\/p>\n<p align=\"left\"><a href=\"https:\/\/quasarcomunicacion.com.ar\/web\/wp-content\/uploads\/2014\/01\/feir.gif\"><img class=\"aligncenter\" alt=\"feir\" src=\"https:\/\/quasarcomunicacion.com.ar\/web\/wp-content\/uploads\/2014\/01\/feir.gif\" \/><\/a><\/p>\n<p align=\"left\"><span style=\"font-family: Verdana; font-size: small;\">Las promociones son s\u00f3lo validas para la noche del Viernes 14 de febrero, reservas telef\u00f3nicas al 4131-1999 o por mail a <a href=\"mailto:reservas@feirspark.com.ar\"> reservas@feirspark.com.ar<\/a>. <\/span><\/p>\n<p align=\"left\"><span style=\"font-family: Verdana; font-size: small;\">El hotel cuenta con 112 habitaciones distribuidas en 13 pisos y en seis categor\u00edas diferentes, cuyas superficies exceden el est\u00e1ndar de la ciudad, en metros cuadrados por habitaci\u00f3n, brindando amplios ambientes y gran confort.<\/span><\/p>\n<p align=\"left\"><span style=\"font-family: Verdana; font-size: small;\">En todo los espacios comunes del hotel y en las habitaciones, se ofrece el servicio de WiFi con acceso gratuito.<\/span><\/p>\n<p align=\"left\"><span style=\"font-family: Verdana; font-size: small;\">Ubicado en el barrio de Retiro\/Recoleta y cercano a Puerto Madero, en un \u00e1rea privilegiada, residencial y la m\u00e1s elegante de la Ciudad de Buenos Aires. Rodeado de 22 galer\u00edas de arte, a 2 cuadras de Plaza San Mart\u00edn, 2 cuadras de la Av. 9 de Julio, 2 cuadras de la autopista, 4 y 8 cuadras de los shoppings Patio Bullrich y Galer\u00edas Pacifico respectivamente.<\/span><\/p>\n<p align=\"left\"><span style=\"font-family: Verdana; font-size: small;\">Destaca al hotel el servicio de atenci\u00f3n personalizado, con personal multiling\u00fce en distintas \u00e1reas, brindando al hu\u00e9sped una atenci\u00f3n individual, logrando as\u00ed un servicio de excelencia.<\/span><\/p>\n<p align=\"left\"><span style=\"font-family: Verdana; font-size: small;\">En el edificio tambi\u00e9n se erige el Esmeralda Lounge, un espacio ideal para relajarse luego de una intensa jornada, donde podr\u00e1 disfrutar de unos deliciosos tragos sentado en su acogedora barra o en su confortable living.<\/span><\/p>\n<p align=\"left\"><span style=\"font-family: Verdana; font-size: small;\">Adem\u00e1s, podr\u00e1n disfrutar de la Piscina del Rooftop con una vista panor\u00e1mica de la ciudad con Solarium, Fitness y Sauna.<\/span><\/p>\n<p align=\"left\"><span style=\"font-family: Verdana; font-size: small;\"><b> Contacto: <\/b><a href=\"http:\/\/www.feirspark.com.ar\/\">www.feirspark.com.ar<\/a> \/\/ feirspark@feirspark.com.ar \/\/\u00a0 5411-4131-1900<\/span><\/p>\n<p align=\"left\"><span style=\"font-size: small;\"><b><i><span style=\"font-family: Arial;\">Por otras im\u00e1genes, audios o entrevistas no dude en contactarse<\/span><\/i><\/b><\/span><\/p>\n<p align=\"center\"><span style=\"font-size: small;\"><b><i> Contactos de Prensa<\/i><\/b><\/span><\/p>\n<div align=\"left\">\n<table width=\"100%\" border=\"1\" cellpadding=\"2\" align=\"left\">\n<tbody>\n<tr>\n<td width=\"50%\">\n<p align=\"left\"><span style=\"font-size: medium;\"><strong> <span style=\"color: #808080; font-family: Arial; font-size: small;\"> Camila Sarmiento &#8211; Asistente de Cuentas<\/span><\/strong><\/span><\/p>\n<p><span style=\"font-size: xx-small;\"><span style=\"color: #ff0000;\"> Directo<\/span><b>: <\/b> 0230<\/span><span style=\"font-size: xx-small;\">-4664772<br \/>\n<\/span><span style=\"color: #ff0000; font-size: xx-small;\"> Skype:<\/span><span style=\"font-size: xx-small;\"> quasarcomunicacion<br \/>\n<\/span><span style=\"color: #ff0000; font-size: xx-small;\"> Twitter:<\/span><span style=\"font-size: xx-small;\"> @quasarpilar<br \/>\n<\/span><span style=\"color: #ff0000; font-size: xx-small;\"> Gr<\/span><span style=\"color: #ff0000; font-size: xx-small;\">upo y p\u00e1gina en Facebook: <\/span> <span style=\"color: #808080; font-size: xx-small;\">www.facebook.com\/<\/span><a href=\"mailto:mfipata@gmail.com\"><span style=\"font-size: xx-small;\">Quasar<\/span><\/a><span style=\"font-size: xx-small;\">Comunicacion<br \/>\n<\/span><span style=\"color: #ff0000; font-size: xx-small;\"> Web:<\/span><b><\/b> <a href=\"http:\/\/www.quasarcomunicacion.com.ar\/\"> <span style=\"font-size: xx-small;\">www.quasarcomunicacion.com.ar<\/span><\/a><\/p>\n<p align=\"left\"><span style=\"font-size: xx-small;\"> <span style=\"color: #ff0000;\">Mail<\/span><b>:<\/b><\/span><span style=\"font-size: xx-small;\"> <a href=\"mailto:fernanda@quasarcomunicacion.com.ar\"> asistente@quasarcomunicacion.com.ar<\/a><\/span><\/p>\n<\/td>\n<td width=\"50%\">\n<p align=\"right\"><span style=\"font-size: medium;\"><strong> <span style=\"color: #808080; font-family: Arial; font-size: small;\"> Lic. Mar\u00eda Fernanda Ipata &#8211; Directora<br \/>\n<\/span> <\/strong><\/span> <span style=\"font-size: xx-small;\"><span style=\"color: #ff0000;\"><br \/>\nDirecto<\/span><b>: <\/b> 0230<\/span><span style=\"font-size: xx-small;\">-4664772<\/span><span style=\"font-size: xx-small;\"><br \/>\n<\/span><span style=\"font-size: xx-small;\"> <span style=\"color: #ff0000;\">M\u00f3vil:<\/span><b> <\/b> 0230<\/span><span style=\"font-size: xx-small;\">-15-4584535<br \/>\n011-15-6096-4656 ID 558*3763<br \/>\n<\/span><span style=\"color: #ff0000; font-size: xx-small;\"> Skype:<\/span><span style=\"font-size: xx-small;\"> quasarcomunicacion<br \/>\n<\/span><span style=\"color: #ff0000; font-size: xx-small;\"> Twitter:<\/span><span style=\"font-size: xx-small;\"> @quasarpilar<br \/>\n<\/span><span style=\"color: #ff0000; font-size: xx-small;\"> Gr<\/span><span style=\"color: #ff0000; font-size: xx-small;\">upo y p\u00e1gina en Facebook: <\/span> <span style=\"color: #808080; font-size: xx-small;\">www.facebook.com\/<\/span><a href=\"mailto:mfipata@gmail.com\"><span style=\"font-size: xx-small;\">Quasar<\/span><\/a><span style=\"font-size: xx-small;\">Comunicacion<br \/>\n<\/span><span style=\"font-size: xx-small;\"> <span style=\"color: #ff0000;\">LinkedIn<\/span><b>:\u00a0 <\/b><\/span> <span style=\"font-size: xx-small;\"><b> <a href=\"http:\/\/www.linkedin.com\/in\/mfipata\"> http:\/\/www.linkedin.com\/in\/mfipata<\/a><\/b><\/span><span style=\"font-size: xx-small;\"><br \/>\n<\/span><span style=\"color: #ff0000; font-size: xx-small;\"> Web:<\/span><b><\/b> <a href=\"http:\/\/www.quasarcomunicacion.com.ar\/\"> <span style=\"font-size: xx-small;\">www.quasarcomunicacion.com.ar<\/span><\/a><span style=\"font-size: xx-small;\"><br \/>\n<\/span><span style=\"font-size: xx-small;\"> <span style=\"color: #ff0000;\">Mail<\/span><b>:<\/b><\/span><span style=\"font-size: xx-small;\"><a href=\"mailto:fernanda@quasarcomunicacion.com.ar\"> fernanda@quasarcomunicacion.com.ar<\/a><\/span><\/p>\n<\/td>\n<\/tr>\n<\/tbody>\n<\/table>\n<\/div>\n","protected":false},"excerpt":{"rendered":"<p>\u00a0Feir\u00b4s Park Hotel &amp; Rooftop, el hotel ubicado en el barrio de Retiro\/Recoleta, en pleno coraz\u00f3n de la Capital Federal [&hellip;]<\/p>\n","protected":false},"author":2,"featured_media":3779,"comment_status":"open","ping_status":"open","sticky":false,"template":"","format":"standard","meta":[],"categories":[2],"tags":[],"_links":{"self":[{"href":"https:\/\/quasarcomunicacion.com.ar\/web\/wp-json\/wp\/v2\/posts\/3778"}],"collection":[{"href":"https:\/\/quasarcomunicacion.com.ar\/web\/wp-json\/wp\/v2\/posts"}],"about":[{"href":"https:\/\/quasarcomunicacion.com.ar\/web\/wp-json\/wp\/v2\/types\/post"}],"author":[{"embeddable":true,"href":"https:\/\/quasarcomunicacion.com.ar\/web\/wp-json\/wp\/v2\/users\/2"}],"replies":[{"embeddable":true,"href":"https:\/\/quasarcomunicacion.com.ar\/web\/wp-json\/wp\/v2\/comments?post=3778"}],"version-history":[{"count":0,"href":"https:\/\/quasarcomunicacion.com.ar\/web\/wp-json\/wp\/v2\/posts\/3778\/revisions"}],"wp:featuredmedia":[{"embeddable":true,"href":"https:\/\/quasarcomunicacion.com.ar\/web\/wp-json\/wp\/v2\/media\/3779"}],"wp:attachment":[{"href":"https:\/\/quasarcomunicacion.com.ar\/web\/wp-json\/wp\/v2\/media?parent=3778"}],"wp:term":[{"taxonomy":"category","embeddable":true,"href":"https:\/\/quasarcomunicacion.com.ar\/web\/wp-json\/wp\/v2\/categories?post=3778"},{"taxonomy":"post_tag","embeddable":true,"href":"https:\/\/quasarcomunicacion.com.ar\/web\/wp-json\/wp\/v2\/tags?post=3778"}],"curies":[{"name":"wp","href":"https:\/\/api.w.org\/{rel}","templated":true}]}}