{"id":375,"date":"2012-05-24T16:58:22","date_gmt":"2012-05-24T16:58:22","guid":{"rendered":"http:\/\/quasarcomunicacion.wordpress.com\/?p=375"},"modified":"2012-05-24T16:58:22","modified_gmt":"2012-05-24T16:58:22","slug":"nomofobia-un-mal-del-siglo-xxi","status":"publish","type":"post","link":"https:\/\/quasarcomunicacion.com.ar\/web\/nomofobia-un-mal-del-siglo-xxi\/","title":{"rendered":"Nomofobia: un mal del siglo XXI"},"content":{"rendered":"<p style=\"text-align:left;\" align=\"center\"><em>El <strong>Centro de Estudios Especializados en Trastornos de Ansiedad<\/strong> (CEETA) emiti\u00f3 un informe especial sobre la Nomofobia o miedo irracional a salir de casa sin el tel\u00e9fono celular.<!--more--><\/em><\/p>\n<p><span style=\"font-family:Verdana;font-size:small;\">Si eres de las personas que al olvidar el celular en casa entran en p\u00e1nico y los invade la ansiedad por sentirse desconectados del resto del mundo, puede ser que seas uno de los muchos alrededor del mundo que sufren de nomofobia.<\/span><br \/>\n<img loading=\"lazy\" src=\"http:\/\/www.quasarcomunicacion.com.ar\/ceeta\/2012\/nomofobia.gif\" alt=\"\" width=\"500\" height=\"289\" \/><\/p>\n<div align=\"center\">\n<table id=\"AutoNumber4\" width=\"90%\" border=\"0\" cellspacing=\"4\" cellpadding=\"4\">\n<tbody>\n<tr>\n<td bgcolor=\"#ECFFF9\" width=\"100%\"><em> <span style=\"font-family:Verdana;font-size:xx-small;\">El equipo de profesionales del <strong>CEETA<\/strong><\/span><\/em><span style=\"font-family:Verdana;font-size:xx-small;\"><em> est\u00e1 disponible para consultas o entrevistas sobre el tema. Comunicarse al 011-4110-0183 \u00f3 011-15-6096-4656 para concretarlas o enviar un mail a <a href=\"mailto:gabriela@quasarcomunicacion.com.ar\"> fernanda@quasarcomunicacion.com.ar <\/a>\u00a0<\/em><\/span><\/td>\n<\/tr>\n<\/tbody>\n<\/table>\n<\/div>\n<p><span style=\"font-family:Verdana;font-size:small;\">La nomofobia es definida como el miedo irracional a salir de casa sin el tel\u00e9fono m\u00f3vil.1 2 El t\u00e9rmino es una abreviatura de la expresi\u00f3n inglesa \u00abno-mobile-phone phobia\u00bb <\/span><br \/>\n<span style=\"font-family:Verdana;font-size:small;\">Estudios realizados en Reino Unido en 2011 con una muestra de 2.163 personas, revelaron que casi el 53% de los usuarios de tel\u00e9fonos m\u00f3viles tienden a sentir ansiedad cuando \u00abpierden su tel\u00e9fono m\u00f3vil, se les agota la bater\u00eda o el cr\u00e9dito, o no tienen cobertura de la red.\u00bb<\/span><br \/>\n<img loading=\"lazy\" src=\"http:\/\/www.quasarcomunicacion.com.ar\/ceeta\/2012\/nomofobia1.gif\" alt=\"\" width=\"300\" height=\"225\" align=\"right\" hspace=\"6\" vspace=\"6\" \/><span style=\"font-family:Verdana;font-size:small;\">Salir a la calle sin celular puede crear inestabilidad, agresividad y dificultades de concentraci\u00f3n (s\u00edntomas t\u00edpicos de los trastornos de ansiedad). Suele estar acompa\u00f1ada de s\u00edntomas tales como malestar general, hipervigilancia, inquietud, temor a estar desconectado o aislado, comportamientos de reaseguro: sentir que el tel\u00e9fono o las conversaciones mantenidas generan tranquilidad, rechequeo de mensajes, mails y visitas a las p\u00e1ginas de redes sociales, p\u00e9rdida de oportunidades laborales, consulta permanente de noticias, preocupaci\u00f3n desmedida por lo que pudiera suceder si la persona no est\u00e1 conectada, crisis de p\u00e1nico, agorafobia.<\/span><br \/>\n<span style=\"font-family:Verdana;font-size:small;\">Estudios realizados en Finlandia indican que las personas consultan una media de 34 veces al d\u00eda sus tel\u00e9fonos<\/span><br \/>\n<span style=\"font-family:Verdana;font-size:small;\">Este padecimiento creci\u00f3 13% en los \u00faltimos cuatro a\u00f1os, debido a que cada vez son m\u00e1s los consumidores que se ven atados a sus tel\u00e9fonos inteligentes y a que la tecnolog\u00eda es cada vez m\u00e1s accesible y econ\u00f3mica<\/span><br \/>\n<span style=\"font-family:Verdana;font-size:small;\">Las personas que padecen de nomofobia expresan que su tel\u00e9fono es su vida, que lo es todo, y les brinda la sensaci\u00f3n sobre todo de sentirse acompa\u00f1ados. <\/span><br \/>\n<span style=\"font-family:Verdana;font-size:small;\">Las mujeres y los adolescentes suelen ser m\u00e1s propensos a padecerla.<\/span><br \/>\n<span style=\"font-family:Verdana;font-size:small;\">Los adultos significativos en la vida de los ni\u00f1os ejercen una influencia important\u00edsima a trav\u00e9s de su comportamiento llevando a situaciones tales como no poder dejarlo incluso en los momentos de reuni\u00f3n familiar como puede ser compartir una cena o reuni\u00f3n. <\/span><br \/>\n<strong><span style=\"font-family:Verdana;font-size:small;\">El tratamiento <\/span><\/strong><br \/>\n<span style=\"font-family:Verdana;font-size:small;\">Seg\u00fan los especialistas la clave es aprender a controlarse, desprenderse del m\u00f3vil de forma gradual, afrontar de forma aislada las sensaciones y pensamientos negativos derivados de este padecimiento como pueden ser las crisis de p\u00e1nico<br \/>\nPara prevenir este problema, se recomienda a los padres evitar que los hijos tengan conexi\u00f3n a la red desde su habitaci\u00f3n y establecer unos horarios para un uso correcto de las tecnolog\u00edas.<\/span><br \/>\n<span style=\"font-family:Verdana;font-size:small;\">Hay que separar momentos. La noche es para dormir y, por lo tanto, el m\u00f3vil debe de estar apagado; del mismo modo, que la cena es para comer y no para estar con el m\u00f3vil.<\/span><br \/>\n<span style=\"font-family:Verdana;font-size:small;\">Si ya has detectado que pudieras tener algunos de estos s\u00edntomas, lo mejor es que asistas a un psic\u00f3logo para atajar el problema lo antes posible. <\/span><br \/>\n<span style=\"font-family:Verdana;font-size:small;\">El equipo de profesion<\/span><span style=\"font-family:Verdana;font-size:small;\">ales del <strong>Centro de Estudios Especializados en Trastornos de Ansiedad <\/strong>brinda tratamiento para este tipo de problemas.\u00a0 El <strong>CEETA<\/strong> est\u00e1 ubicad<\/span><span style=\"font-family:Verdana;font-size:small;\">o en el Edificio Concord-Sector los Almendros-piso segundo Oficina 202. Km 50 de la ruta Panamericana ramal Pilar. Tel\u00e9fono: 0230-4667175 \u00f3 al Celular 15-4416-1578 <a href=\"http:\/\/www.ceeta.org\/\">www.ceeta.org<\/a>\u00a0 <a href=\"mailto:info@ceeta.org\">info@ceeta.org<\/a> <\/span><\/p>\n","protected":false},"excerpt":{"rendered":"<p>El Centro de Estudios Especializados en Trastornos de Ansiedad (CEETA) emiti\u00f3 un informe especial sobre la Nomofobia o miedo irracional [&hellip;]<\/p>\n","protected":false},"author":2,"featured_media":0,"comment_status":"open","ping_status":"open","sticky":false,"template":"","format":"standard","meta":[],"categories":[2],"tags":[],"_links":{"self":[{"href":"https:\/\/quasarcomunicacion.com.ar\/web\/wp-json\/wp\/v2\/posts\/375"}],"collection":[{"href":"https:\/\/quasarcomunicacion.com.ar\/web\/wp-json\/wp\/v2\/posts"}],"about":[{"href":"https:\/\/quasarcomunicacion.com.ar\/web\/wp-json\/wp\/v2\/types\/post"}],"author":[{"embeddable":true,"href":"https:\/\/quasarcomunicacion.com.ar\/web\/wp-json\/wp\/v2\/users\/2"}],"replies":[{"embeddable":true,"href":"https:\/\/quasarcomunicacion.com.ar\/web\/wp-json\/wp\/v2\/comments?post=375"}],"version-history":[{"count":0,"href":"https:\/\/quasarcomunicacion.com.ar\/web\/wp-json\/wp\/v2\/posts\/375\/revisions"}],"wp:attachment":[{"href":"https:\/\/quasarcomunicacion.com.ar\/web\/wp-json\/wp\/v2\/media?parent=375"}],"wp:term":[{"taxonomy":"category","embeddable":true,"href":"https:\/\/quasarcomunicacion.com.ar\/web\/wp-json\/wp\/v2\/categories?post=375"},{"taxonomy":"post_tag","embeddable":true,"href":"https:\/\/quasarcomunicacion.com.ar\/web\/wp-json\/wp\/v2\/tags?post=375"}],"curies":[{"name":"wp","href":"https:\/\/api.w.org\/{rel}","templated":true}]}}