{"id":3699,"date":"2014-01-03T12:48:07","date_gmt":"2014-01-03T15:48:07","guid":{"rendered":"https:\/\/quasarcomunicacion.com.ar\/web\/?p=3699"},"modified":"2014-01-03T12:48:07","modified_gmt":"2014-01-03T15:48:07","slug":"ha-cambiado-mucho-la-estrategia-de-comunicacion","status":"publish","type":"post","link":"https:\/\/quasarcomunicacion.com.ar\/web\/ha-cambiado-mucho-la-estrategia-de-comunicacion\/","title":{"rendered":"\u201cHa cambiado mucho la estrategia de comunicaci\u00f3n\u201d"},"content":{"rendered":"<div>Lo dijo<strong>\u00a0Eduardo Vi\u00f1ales, director de la Subsecretar\u00eda de Desarrollo Econ\u00f3mico Sustentable de Vicente L\u00f3pez<\/strong>, al hablar sobre la manera en que actualmente las empresas llegan a sus clientes.<\/div>\n<div><!--more--><\/div>\n<div>\n<iframe loading=\"lazy\" width=\"500\" height=\"281\" src=\"http:\/\/www.youtube.com\/embed\/oqJiXSHboZE?feature=oembed\" frameborder=\"0\" allowfullscreen><\/iframe><br \/>\n<strong>En esa l\u00ednea, el entrevistado de la semana le cont\u00f3 a Alejandro Calderaro todo lo que un emprendedor tiene que saber en cuanto a las rondas de negocios que realiza el municipio de zona norte.<\/strong><br \/>\n\u201cHoy en d\u00eda, todo lo que sea la estrategia de marketing online es crucial para cualquier negocio. Nosotros notamos que en muchos casos, el emprendedor, el empresario PYME y el peque\u00f1o comerciante no conoce o no se actualiza con las herramientas correspondientes que te puede dar el marketing online para potenciar tu negocio y aumentar las ventas a trav\u00e9s de Internet\u201d, ilustr\u00f3 el entrevistado en un nuevo env\u00edo de las notas de\u00a0<strong>SOMOS PYMES<\/strong>\u00a0con las estrellas del programa.<br \/>\n<strong>\u201cEn lo que es la estrategia de marketing online, lo primero es detectar al p\u00fablico objetivo y, en segunda medida, el contenido que le vas a ofrecer (al cliente). Nosotros apuntamos a generar contenido al p\u00fablico potencial que le sea de inter\u00e9s\u201d, grafic\u00f3 sobre la actividad que desarrolla.<\/strong><br \/>\nY resalt\u00f3: \u201cEn el marco de trabajo que hacemos con emprendedores, algo que nos parece fundamental es la generaci\u00f3n de capacidad de trabajo en red, que se puede generar entre los emprendedores de la zona. Con ese objetivo generamos rondas de contacto y ruedas de negocio, porque nos parece fundamental el aprendizaje que se da y tambi\u00e9n la capacidad de generar alianzas\u201d.<br \/>\nEn ese contexto, Vi\u00f1ales aclar\u00f3: \u201cApostamos mucho a la actividad de grupo y a la interacci\u00f3n\u201d.<br \/>\n<strong>Para el funcionario, \u201cha cambiado mucho la estrategia de comunicaci\u00f3n y de c\u00f3mo mostrarse ante la comunidad en general. Hoy, las empresas muestran un perfil mucho m\u00e1s humano a trav\u00e9s del trabajo en redes sociales y la publicidad, donde se exhibe el compromiso con la comunidad y el medio ambiente, mostrando una imagen m\u00e1s transparente\u201d.<\/strong><br \/>\nAl dar detalles de las reuniones de negocios que efect\u00faa el municipio, Vi\u00f1ales describi\u00f3 que el p\u00fablico presente \u201ces muy variado\u201d, ya que se puede encontrar un gran grupo de desarrolladores de artesan\u00eda e indumentaria tanto como dise\u00f1adores y programadores web, que ofrecen p\u00e1ginas para conocer nuevas aplicaciones en Internet, apuntando a lo innovador.<br \/>\n\u201cYa vamos a cumplir dos a\u00f1os de gesti\u00f3n bajo el intendente Jorge Macri. Y nuestro eje de trabajo ha sido el desarrollo de emprendedores y PYMES. Seguimos generando contactos y conociendo a la comunidad emprendedora a trav\u00e9s del an\u00e1lisis del trabajo. Y hemos desarrollado programas dirigidos a la capacitaci\u00f3n, eventos masivos para convocar (a los empresarios) y talleres m\u00e1s profundos de marketing online con empresas en desarrollo\u201d, reflej\u00f3 el entrevistado.<br \/>\nY enfatiz\u00f3:<strong>\u00a0\u201cTambi\u00e9n tenemos una tarjeta de beneficios para emprendedores de Vicente L\u00f3pez, a trav\u00e9s de la cual se trabaja con PYMES avanzadas que les ofrecen servicios relacionados con el comienzo de un emprendimiento\u201d.<\/strong><br \/>\nDe cara al futuro, Vi\u00f1ales expres\u00f3: \u201cMe gustar\u00eda que la oficina se convierta en referente en cuanto a todo lo que es apoyo e incentivo a los emprendedores y a las PYMES de la zona. Y que el programa pueda funcionar con peso propio para que la persona que contin\u00faa con mi trabajo tenga algo en que apoyarse y no tener que cambiar todo\u201d.<br \/>\n<strong>FUENTE<\/strong>:\u00a0<a href=\"http:\/\/www.somospymes.com.ar\/noticias\/emprendedores\/ha-cambiado-mucho-la-estrategia-de-comunicacion.html?mkt_hm=5&amp;utm_source=email_marketing&amp;utm_admin=14140&amp;utm_medium=email&amp;utm_campaign=Prepar_tu_\">http:\/\/www.somospymes.com.ar\/noticias\/emprendedores\/ha-cambiado-mucho-la-estrategia-de-comunicacion.html?mkt_hm=5&amp;utm_source=email_marketing&amp;utm_admin=14140&amp;utm_medium=email&amp;utm_campaign=Prepar_tu_<\/a>\n<\/div>\n","protected":false},"excerpt":{"rendered":"<p>Lo dijo\u00a0Eduardo Vi\u00f1ales, director de la Subsecretar\u00eda de Desarrollo Econ\u00f3mico Sustentable de Vicente L\u00f3pez, al hablar sobre la manera en [&hellip;]<\/p>\n","protected":false},"author":2,"featured_media":0,"comment_status":"open","ping_status":"open","sticky":false,"template":"","format":"standard","meta":[],"categories":[64],"tags":[],"_links":{"self":[{"href":"https:\/\/quasarcomunicacion.com.ar\/web\/wp-json\/wp\/v2\/posts\/3699"}],"collection":[{"href":"https:\/\/quasarcomunicacion.com.ar\/web\/wp-json\/wp\/v2\/posts"}],"about":[{"href":"https:\/\/quasarcomunicacion.com.ar\/web\/wp-json\/wp\/v2\/types\/post"}],"author":[{"embeddable":true,"href":"https:\/\/quasarcomunicacion.com.ar\/web\/wp-json\/wp\/v2\/users\/2"}],"replies":[{"embeddable":true,"href":"https:\/\/quasarcomunicacion.com.ar\/web\/wp-json\/wp\/v2\/comments?post=3699"}],"version-history":[{"count":0,"href":"https:\/\/quasarcomunicacion.com.ar\/web\/wp-json\/wp\/v2\/posts\/3699\/revisions"}],"wp:attachment":[{"href":"https:\/\/quasarcomunicacion.com.ar\/web\/wp-json\/wp\/v2\/media?parent=3699"}],"wp:term":[{"taxonomy":"category","embeddable":true,"href":"https:\/\/quasarcomunicacion.com.ar\/web\/wp-json\/wp\/v2\/categories?post=3699"},{"taxonomy":"post_tag","embeddable":true,"href":"https:\/\/quasarcomunicacion.com.ar\/web\/wp-json\/wp\/v2\/tags?post=3699"}],"curies":[{"name":"wp","href":"https:\/\/api.w.org\/{rel}","templated":true}]}}