{"id":3695,"date":"2014-01-03T12:27:51","date_gmt":"2014-01-03T15:27:51","guid":{"rendered":"https:\/\/quasarcomunicacion.com.ar\/web\/?p=3695"},"modified":"2014-01-03T12:27:51","modified_gmt":"2014-01-03T15:27:51","slug":"gonzalo-aramburu-trajo-la-cocina-molecular-a-katharina","status":"publish","type":"post","link":"https:\/\/quasarcomunicacion.com.ar\/web\/gonzalo-aramburu-trajo-la-cocina-molecular-a-katharina\/","title":{"rendered":"Gonzalo Aramburu trajo la cocina molecular a Katharina"},"content":{"rendered":"<p style=\"text-align: left;\" align=\"center\"><span style=\"font-family: Verdana; font-size: small;\">El famoso chef Gonzalo Aramburu, descansando en Mendoza, no pudo dejar de brindar su arte gastron\u00f3mico en el<b> restaurante Katharina<\/b>, del hotel boutique <b>Entre Cielos<\/b>.<\/span><\/p>\n<p><span style=\"font-family: Verdana; font-size: small;\"><!--more--> <\/span><br \/>\n<a href=\"https:\/\/quasarcomunicacion.com.ar\/web\/wp-content\/uploads\/2014\/01\/aramburu.gif\"><img class=\"aligncenter\" alt=\"aramburu\" src=\"https:\/\/quasarcomunicacion.com.ar\/web\/wp-content\/uploads\/2014\/01\/aramburu.gif\" \/><\/a><br \/>\n<span style=\"font-family: Verdana; font-size: small;\">Es de destacar que su restaurante en Buenos Aires, Aramburu, figura entre los mejores 50 de Latinoam\u00e9rica ostentando el lugar N\u00b0 31 en Sudam\u00e9rica seg\u00fan el ranking 2013 de la revista inglesa Restaurant. <\/span><br \/>\n<span style=\"font-family: Verdana; font-size: small;\">\u201cDe esta exclusiva cena participaron distintos medios como MDZ OnLine, Food Lovers, El diario los Andes y tambi\u00e9n representantes de algunas bodegas como Ruca Malen y empresas de turismo Discover The Andes\u201d, indic\u00f3 el gerente de Entre Cielos, Fernando Mart\u00edn.<\/span><br \/>\n<span style=\"font-family: Verdana; font-size: small;\">Cada plato fue explicado de forma pormenorizada para interiorizar a los presentes sobre la alta gastronom\u00eda ofrecida.<\/span><br \/>\n<span style=\"font-family: Verdana; font-size: small;\">Los presentes pudieron apreciar las bondades de la cocina molecular degustando una cena en 8 pasos maridada con Clara Benegas 2011( 85% chardonnay, 15% sauvignon blanc), 2- Dolium Petite Reserve Sauvignon Blanc 2009,\u00a0 Hubert Weber blend 2007 (60% cabernet sauvignon, 30% merlot, 10% malbec) y Mar\u00eda Codoirn\u00fa, sur, extra brut &#8211; (80% chardonnay, 20% pinot noir)<\/span><br \/>\n<span style=\"font-family: Verdana; font-size: small;\">El primer paso consisti\u00f3 en Tartar de salm\u00f3n con aguacate y perejil; Papa frita con merkel y alioli de lima y Campari mate; campari con naranja, granita de mate y hojas de menta fresca <\/span><br \/>\n<span style=\"font-family: Verdana; font-size: small;\">Para el paso dos se ofreci\u00f3 una ensalada estacional con mouse de queso de cabra y lim\u00f3n; vinagreta de naranja y cebolla colorada <\/span><br \/>\n<span style=\"font-family: Verdana; font-size: small;\">En el tercer paso se pudo probar el tartar de quinoa roja y algas wakame fritas, crema inglesa de dij\u00f3n.<\/span><br \/>\n<span style=\"font-family: Verdana; font-size: small;\">En cuarto lugar, los asistentes degustaron langostino envuelto en masa \u00abcadai\u00bb (de origen armenio) con bisque ligero de langostinos y leche de coco <\/span><br \/>\n<span style=\"font-family: Verdana; font-size: small;\">Ya por el quinto paso, fue el turno del salm\u00f3n grillado en tinta de calamar, con pur\u00e9 de coliflor, salicornia (clase de alga) y aire de lim\u00f3n.<\/span><br \/>\n<span style=\"font-family: Verdana; font-size: small;\">Para ir terminando, en sexto lugar se prob\u00f3 el filet mignon con pur\u00e9 de trufa negra y crocante de papa y luego lleg\u00f3 el turno del ingenioso pre postre con una vistosa canasta de runnoise de frutillas, pistacho y manzana verde, manzana rellena de pur\u00e9 de manzana<\/span><br \/>\n<span style=\"font-family: Verdana; font-size: small;\">La cena finaliz\u00f3 con el paso ocho, el postre que estuvo compuesto por Cuscus de parfait, crocante de cacao prieto, helado de crocante con nueces<br \/>\ncaramelizadas <\/span><br \/>\n<span style=\"font-family: Verdana; font-size: small;\">Cabe recordar que Aramburu es el propietario del restaurante que lleva su nombre y se form\u00f3 en los mejores restaurantes de Europa, Nueva York y Chicago. El prestigioso chef que visit\u00f3 Katharina cocin\u00f3 en cocinas notables:\u00a0las de Charlie Trotter, Daniel Boulud, Jo\u00ebl Robuchon, Mart\u00edn Berasategui, entre otras. Se titul\u00f3 en el\u00a0Instituto Argentino de Gastronom\u00eda. <\/span><br \/>\n<span style=\"font-family: Verdana; font-size: small;\"><b>Acerca de\u00a0 Katharina<\/b><\/span><br \/>\n<span style=\"font-family: Verdana; font-size: xx-small;\"><b>Katharina<\/b> es el restaurant del hotel boutique <b>Entre Cielos<\/b>, ubicado en Vistalba, provincia de Mendoza. Se caracteriza por su excelencia en la labor gastron\u00f3mica y un men\u00fa exclusivo, basado en ingredientes cuyanos frescos y naturales.<\/span><br \/>\n<span style=\"font-family: Verdana; font-size: xx-small;\">Katharina esta abierto de Lunes a Domingo de 8 a 00hs y ofrece desayuno, almuerzo, servicio de t\u00e9 y cena.<\/span><br \/>\n<span style=\"font-family: Verdana; font-size: xx-small;\">Reserva anticipada a <a href=\"mailto:katharina@entrecielos.com\"> katharina@entrecielos.com<\/a> o al tel\u00e9fono 0261-4983377 ext 2<\/span><br \/>\n<span style=\"font-family: Verdana; font-size: small;\"><b>Acerca de Entre Cielos<\/b><\/span><br \/>\n<b><span style=\"font-size: xx-small;\">Entre Cielos<\/span><span style=\"font-size: xx-small;\">\u00a0<\/span><\/b><span style=\"font-size: xx-small;\">es un lujoso hotel boutique de 16 suites y habitaciones de lujo que incluye un exclusivo Hamam y Spa y una oferta gastron\u00f3mica gourmet todo en un entorno de <\/span> <span style=\"font-size: xx-small;\">vi\u00f1edos inigualable, <\/span> <span style=\"font-size: xx-small;\"> ubicado en la localidad de Vistalba, a pocos minutos de la ciudad de Mendoz<\/span><span style=\"font-size: xx-small;\">a.<\/span><br \/>\n<span style=\"font-size: xx-small;\">Cada habitaci\u00f3n ha sido pensada con un dise\u00f1o de sutil lujo y gran comodidad. La amplitud, la luminosidad y el contacto con la naturaleza son la esencia de las 16 habitaciones. La experiencia en Entre Cielos ser\u00e1\u00a0inolvidable. Seis categor\u00edas de habitaciones pensadas para disfrutar sin l\u00edmites.<\/span><br \/>\n<span style=\"font-size: xx-small;\">Este proyecto es el resultado del trabajo de un grupo de suizos entusiastas\u00a0que en 2009 descubrieron por primera vez las maravillas de esa provincia. Inmediatamente comenzaron a desarrollar su visi\u00f3n del dise\u00f1o, la hospitalidad y el servicio que buscaban ofrecer para transmitirle sus valores alpinos a los pies de los Andes.<\/span><br \/>\n<b> <span style=\"font-size: xx-small;\">Entre Cielos<\/span><span style=\"font-size: xx-small;\">\u00a0<\/span><\/b><span style=\"font-size: xx-small;\">une los grandes placeres de la vida, reflejados en cuatro\u00a0componentes: el hotel, el hamam+spa, dos restaurantes y el vino.<\/span><br \/>\n<span style=\"font-size: xx-small;\"> Entre sus actividades incluye: Wine tours y degustaciones privadas, excursiones en bicicleta, nataci\u00f3n, fitness, deportes al aire libre (Bicicletas, monta\u00f1ismo, pesca, hiking, golf, paseos a caballo, kayaking, rafting, wind-surfing) y excursiones organizadas.<\/span><br \/>\n<span style=\"font-size: xx-small;\"><br \/>\n<\/span> <span style=\"font-family: Verdana; font-size: xx-small;\"> <b>Informaci\u00f3n y contacto:<\/b> hotel@entrecielos.com<br \/>\nTel\u00e9fono de contacto: 0261-498 33 77<br \/>\n<a href=\"http:\/\/www.entrecielos.com\/\">www.entrecielos.com<\/a><\/span><\/p>\n<p align=\"center\"><b><i> Por otras im\u00e1genes, audios o entrevistas no dude en contactarse<\/i><\/b><\/p>\n<p align=\"center\">Acceso a toda la informaci\u00f3n ingresando en \u00a0<b><i><br \/>\n<a href=\"http:\/\/www.quasarcomunicacion.com.ar\/entrecielos\"> www.quasarcomunicacion.com.ar\/entrecielos<\/a>\u00a0 <\/i><\/b><\/p>\n<p align=\"right\"><span style=\"font-size: medium;\"><strong> <span style=\"color: #808080; font-family: Arial; font-size: small;\"> Lic. Mar\u00eda Fernanda Ipata<br \/>\nQu\u00e1sar Comunicaci\u00f3n<br \/>\n<\/span> <\/strong><\/span> <span style=\"font-size: xx-small;\"><span style=\"color: #ff0000;\"> Directo<\/span><b>: <\/b> 0230<\/span><span style=\"font-size: xx-small;\">-4664772<\/span><span style=\"font-size: xx-small;\"><br \/>\n<\/span><span style=\"font-size: xx-small;\"> <span style=\"color: #ff0000;\">M\u00f3vil:<\/span><b> <\/b> 0230-<\/span><span style=\"font-size: xx-small;\">15-4584535<br \/>\n011-15-6096-4656 ID 558*3763<br \/>\n<\/span><span style=\"color: #ff0000; font-size: xx-small;\"> Skype:<\/span><span style=\"font-size: xx-small;\"> quasarcomunicacion<br \/>\n<\/span><span style=\"color: #ff0000; font-size: xx-small;\"> Twitter:<\/span><span style=\"font-size: xx-small;\"> @quasarpilar<br \/>\n<\/span><span style=\"color: #ff0000; font-size: xx-small;\"> Gr<\/span><span style=\"color: #ff0000; font-size: xx-small;\">upo y p\u00e1gina en Facebook: <\/span> <span style=\"color: #808080; font-size: xx-small;\">www.facebook.com\/<\/span><a href=\"mailto:mfipata@gmail.com\"><span style=\"font-size: xx-small;\">Quasar<\/span><\/a><span style=\"font-size: xx-small;\">Comunicacion<br \/>\n<\/span><span style=\"font-size: xx-small;\"> <span style=\"color: #ff0000;\">LinkedIn<\/span><b>: <\/b><\/span> <a title=\"Ver perfil p\u00fablico\" href=\"http:\/\/ar.linkedin.com\/pub\/mar%C3%83%C2%AD-a-fernanda-ipata\/a\/293\/212\"> <span style=\"font-size: xx-small;\"> http:\/\/ar.linkedin.com\/pub\/mar%C3%AD-a-fernanda-ipata\/a\/293\/212<\/span><\/a><span style=\"font-size: xx-small;\"><br \/>\n<\/span><span style=\"color: #ff0000; font-size: xx-small;\"> Web:<\/span><b><\/b> <a href=\"http:\/\/www.quasarcomunicacion.com.ar\/\"> <span style=\"font-size: xx-small;\">www.quasarcomunicacion.com.ar<\/span><\/a><span style=\"font-size: xx-small;\"><br \/>\n<\/span><span style=\"font-size: xx-small;\"> <span style=\"color: #ff0000;\">Mail<\/span><b>:<\/b> <a href=\"mailto:fernanda@quasarcomunicacion.com.ar\"> <span style=\"color: #808080;\">ferna<\/span><span style=\"color: #808080;\">nda@quasarcomunicacion.com.ar<\/span><\/a><\/span><\/p>\n","protected":false},"excerpt":{"rendered":"<p>El famoso chef Gonzalo Aramburu, descansando en Mendoza, no pudo dejar de brindar su arte gastron\u00f3mico en el restaurante Katharina, [&hellip;]<\/p>\n","protected":false},"author":2,"featured_media":3696,"comment_status":"open","ping_status":"open","sticky":false,"template":"","format":"standard","meta":[],"categories":[2],"tags":[],"_links":{"self":[{"href":"https:\/\/quasarcomunicacion.com.ar\/web\/wp-json\/wp\/v2\/posts\/3695"}],"collection":[{"href":"https:\/\/quasarcomunicacion.com.ar\/web\/wp-json\/wp\/v2\/posts"}],"about":[{"href":"https:\/\/quasarcomunicacion.com.ar\/web\/wp-json\/wp\/v2\/types\/post"}],"author":[{"embeddable":true,"href":"https:\/\/quasarcomunicacion.com.ar\/web\/wp-json\/wp\/v2\/users\/2"}],"replies":[{"embeddable":true,"href":"https:\/\/quasarcomunicacion.com.ar\/web\/wp-json\/wp\/v2\/comments?post=3695"}],"version-history":[{"count":0,"href":"https:\/\/quasarcomunicacion.com.ar\/web\/wp-json\/wp\/v2\/posts\/3695\/revisions"}],"wp:featuredmedia":[{"embeddable":true,"href":"https:\/\/quasarcomunicacion.com.ar\/web\/wp-json\/wp\/v2\/media\/3696"}],"wp:attachment":[{"href":"https:\/\/quasarcomunicacion.com.ar\/web\/wp-json\/wp\/v2\/media?parent=3695"}],"wp:term":[{"taxonomy":"category","embeddable":true,"href":"https:\/\/quasarcomunicacion.com.ar\/web\/wp-json\/wp\/v2\/categories?post=3695"},{"taxonomy":"post_tag","embeddable":true,"href":"https:\/\/quasarcomunicacion.com.ar\/web\/wp-json\/wp\/v2\/tags?post=3695"}],"curies":[{"name":"wp","href":"https:\/\/api.w.org\/{rel}","templated":true}]}}