{"id":367,"date":"2012-05-21T19:58:28","date_gmt":"2012-05-21T19:58:28","guid":{"rendered":"http:\/\/quasarcomunicacion.wordpress.com\/?p=367"},"modified":"2012-05-21T19:58:28","modified_gmt":"2012-05-21T19:58:28","slug":"fiesta-folklorica-solidaria-en-pilar-point","status":"publish","type":"post","link":"https:\/\/quasarcomunicacion.com.ar\/web\/fiesta-folklorica-solidaria-en-pilar-point\/","title":{"rendered":"Fiesta Folkl\u00f3rica Solidaria en Pilar Point"},"content":{"rendered":"<p style=\"text-align:left;\" align=\"center\">\u00a0El pr\u00f3ximo jueves 24 de mayo a las 20 hs, en <strong>Pilar Point<\/strong> se realizar\u00e1 una Fiesta Folkl\u00f3rica Solidaria a beneficio del Merendero Chicos Felices. La entrada es libre y gratuita, se solicita colaborar con alimentos no perecederos.<!--more--><\/p>\n<p align=\"left\"><span style=\"font-size:small;\"> El <\/span> shopping est\u00e1 ubicado en Estanislao L\u00f3pez (ex ruta 8) e Ituzaing\u00f3, Pilar.<\/p>\n<p><img loading=\"lazy\" src=\"http:\/\/www.quasarcomunicacion.com.ar\/pilarpoint\/2012\/folklore.gif\" alt=\"\" width=\"490\" height=\"306\" \/><br \/>\nDe la Fiesta Folkl\u00f3rica Solidaria participar\u00e1n Grupo Emerger, Walter Mari, La Vuelta Folkl\u00f3rica, Huella Argentina, Los Manantiales, Juan Jos\u00e9 y su conjunto, Ram\u00f3n Nu\u00f1ez y Eduardo Bravo, Laura Ponce, Ballet Turay Bande\u00f1o, Agrupaci\u00f3n folkl\u00f3rica Matreros y Marcha de Bombos.<br \/>\nLa Fiesta est\u00e1 organizada por Marcelo Herrera, quien produce el programa Entre Mate y Mate, que se emite todos los S\u00e1bados de 8 a 10 hs por Radio X Pilar.<br \/>\nAdem\u00e1s, es de destacar que <strong>Pilar Point<\/strong> cuenta con seguridad, wi-fi y estacionamiento.<br \/>\n<span style=\"font-size:small;\"> Segu\u00ed a <strong>Pilar Point<\/strong> en <a href=\"http:\/\/www.facebook.com\/pilarpoint\"> www.facebook.com\/pilarpoint<\/a> <\/span><\/p>\n","protected":false},"excerpt":{"rendered":"<p>\u00a0El pr\u00f3ximo jueves 24 de mayo a las 20 hs, en Pilar Point se realizar\u00e1 una Fiesta Folkl\u00f3rica Solidaria a [&hellip;]<\/p>\n","protected":false},"author":2,"featured_media":0,"comment_status":"open","ping_status":"open","sticky":false,"template":"","format":"standard","meta":[],"categories":[2],"tags":[],"_links":{"self":[{"href":"https:\/\/quasarcomunicacion.com.ar\/web\/wp-json\/wp\/v2\/posts\/367"}],"collection":[{"href":"https:\/\/quasarcomunicacion.com.ar\/web\/wp-json\/wp\/v2\/posts"}],"about":[{"href":"https:\/\/quasarcomunicacion.com.ar\/web\/wp-json\/wp\/v2\/types\/post"}],"author":[{"embeddable":true,"href":"https:\/\/quasarcomunicacion.com.ar\/web\/wp-json\/wp\/v2\/users\/2"}],"replies":[{"embeddable":true,"href":"https:\/\/quasarcomunicacion.com.ar\/web\/wp-json\/wp\/v2\/comments?post=367"}],"version-history":[{"count":0,"href":"https:\/\/quasarcomunicacion.com.ar\/web\/wp-json\/wp\/v2\/posts\/367\/revisions"}],"wp:attachment":[{"href":"https:\/\/quasarcomunicacion.com.ar\/web\/wp-json\/wp\/v2\/media?parent=367"}],"wp:term":[{"taxonomy":"category","embeddable":true,"href":"https:\/\/quasarcomunicacion.com.ar\/web\/wp-json\/wp\/v2\/categories?post=367"},{"taxonomy":"post_tag","embeddable":true,"href":"https:\/\/quasarcomunicacion.com.ar\/web\/wp-json\/wp\/v2\/tags?post=367"}],"curies":[{"name":"wp","href":"https:\/\/api.w.org\/{rel}","templated":true}]}}