{"id":3657,"date":"2013-12-27T13:52:20","date_gmt":"2013-12-27T16:52:20","guid":{"rendered":"https:\/\/quasarcomunicacion.com.ar\/web\/?p=3657"},"modified":"2013-12-27T13:52:20","modified_gmt":"2013-12-27T16:52:20","slug":"entre-cielos-fue-distinguido-por-la-asociacion-de-ejecutivos-de-mendoza-por-su-calidad-de-servicio","status":"publish","type":"post","link":"https:\/\/quasarcomunicacion.com.ar\/web\/entre-cielos-fue-distinguido-por-la-asociacion-de-ejecutivos-de-mendoza-por-su-calidad-de-servicio\/","title":{"rendered":"Entre Cielos fue distinguido por la Asociaci\u00f3n de Ejecutivos de Mendoza por su &quot;Calidad de Servicio&quot;"},"content":{"rendered":"<p style=\"text-align: left;\" align=\"center\"><b style=\"font-family: Verdana; font-size: small;\">Entre Cielos Luxury Wine Hotel &amp; Spa<\/b><span style=\"font-family: Verdana; font-size: small;\"> recibi\u00f3 un nuevo premio, ahora en la ciudad de Mendoza, donde la Asociaci\u00f3n de Ejecutivos de Mendoza (AEM) lo distingui\u00f3 como el mejor en el rubro \u00abCalidad de Servicio\u00bb.<!--more--><\/span><\/p>\n<p align=\"right\"><a href=\"https:\/\/quasarcomunicacion.com.ar\/web\/wp-content\/uploads\/2013\/12\/aem1.gif\"><img class=\"aligncenter\" alt=\"aem1\" src=\"https:\/\/quasarcomunicacion.com.ar\/web\/wp-content\/uploads\/2013\/12\/aem1.gif\" \/><\/a><\/p>\n<p><span style=\"font-size: small;\"> Con la presencia de Cecile Adam, Co-Owner and Branding Manager de <b>Entre Cielos<\/b>, recibieron la distinci\u00f3n en la cena anual que se realiz\u00f3 en Bodega Los Toneles.<\/span><br \/>\n<span style=\"font-size: small;\">El evento cont\u00f3 con la participaci\u00f3n de autoridades de la Asociaci\u00f3n y el sector pol\u00edtico. La Asociaci\u00f3n de Ejecutivos de Mendoza representa y re\u00fane a m\u00e1s de 150 ejecutivos de las principales empresas de la provincia y Cuyo<\/span><br \/>\n<span style=\"font-size: small;\"> La conformaci\u00f3n de las diversas ternas es el resultado de la opini\u00f3n y participaci\u00f3n de los miembros de la Asociaci\u00f3n de Ejecutivos, periodistas relacionados al sector socio-empresarial y entidades empresarias vinculadas con el desarrollo econ\u00f3mico de la provincia. Ese mismo grupo de personas es la que vota al mejor en cada rubro. <\/span><br \/>\n<b><span style=\"font-size: small;\">Entre Cielos<\/span><span style=\"font-size: small;\">\u00a0<\/span><\/b><span style=\"font-size: small;\">es un lujoso hotel boutique de 16 suites y habitaciones de lujo que incluye un exclusivo Hamam y Spa y una oferta gastron\u00f3mica brindada en un entorno de <\/span> <span style=\"font-size: small;\">vi\u00f1edos inigualable, <\/span> <span style=\"font-size: small;\"> ubicado en la localidad de Vistalba, a pocos minutos de la ciudad de Mendoz<\/span><span style=\"font-size: small;\">a.<\/span><br \/>\n<span style=\"font-size: small;\">Cada habitaci\u00f3n ha sido pensada con un dise\u00f1o de sutil lujo y gran comodidad. La amplitud, la luminosidad y el contacto con la naturaleza son la esencia de las 16 habitaciones. La experiencia en <b>Entre Cielos<\/b> ser\u00e1\u00a0inolvidable. Seis categor\u00edas de habitaciones pensadas para disfrutar sin l\u00edmites.<\/span><br \/>\n<span style=\"font-size: small;\">Este proyecto es el resultado del trabajo de un grupo de suizos entusiastas\u00a0que en 2009 descubrieron por primera vez las maravillas de esa provincia. Inmediatamente comenzaron a desarrollar su visi\u00f3n del dise\u00f1o, la hospitalidad y el servicio que buscaban ofrecer para transmitirle sus valores alpinos a los pies de los Andes.<\/span><br \/>\n<b> <span style=\"font-size: small;\">Entre Cielos<\/span><span style=\"font-size: small;\">\u00a0<\/span><\/b><span style=\"font-size: small;\">une los grandes placeres de la vida, reflejados en cuatro\u00a0componentes: el hotel, el hamam+spa, dos restaurantes y el vino.<\/span><br \/>\n<span style=\"font-size: small;\">Entre sus actividades incluye: Wine tours y degustaciones privadas, excursiones en bicicleta, nataci\u00f3n, fitness, deportes al aire libre (Bicicletas, monta\u00f1ismo, pesca, hiking, golf, paseos a caballo, kayaking, rafting, wind-surfing) y excursiones organizadas.<\/span><br \/>\n<span style=\"font-size: small;\"><br \/>\n<\/span> <span style=\"font-family: Verdana; font-size: small;\"> <b>Informaci\u00f3n y contacto:<\/b> hotel@entrecielos.com<br \/>\nTel\u00e9fono de contacto: 0261-498 33 77<br \/>\n<a href=\"http:\/\/www.entrecielos.com\/\">www.entrecielos.com<\/a><\/span><\/p>\n<p align=\"center\"><b><i> Por otras im\u00e1genes, audios o entrevistas no dude en contactarse<\/i><\/b><\/p>\n<p align=\"center\">Acceso a toda la informaci\u00f3n ingresando en \u00a0<b><i><br \/>\n<a href=\"http:\/\/www.quasarcomunicacion.com.ar\/entrecielos\"> www.quasarcomunicacion.com.ar\/entrecielos<\/a>\u00a0 <\/i><\/b><\/p>\n<p align=\"right\"><span style=\"font-size: medium;\"><strong> <span style=\"color: #808080; font-family: Arial; font-size: small;\"> Lic. Mar\u00eda Fernanda Ipata<br \/>\nQu\u00e1sar Comunicaci\u00f3n<br \/>\n<\/span> <\/strong><\/span> <span style=\"font-size: xx-small;\"><span style=\"color: #ff0000;\"> Directo<\/span><b>: <\/b> 0230<\/span><span style=\"font-size: xx-small;\">-4664772<\/span><span style=\"font-size: xx-small;\"><br \/>\n<\/span><span style=\"font-size: xx-small;\"> <span style=\"color: #ff0000;\">M\u00f3vil:<\/span><b> <\/b> 0230-<\/span><span style=\"font-size: xx-small;\">15-4584535<br \/>\n011-15-6096-4656 ID 558*3763<br \/>\n<\/span><span style=\"color: #ff0000; font-size: xx-small;\"> Skype:<\/span><span style=\"font-size: xx-small;\"> quasarcomunicacion<br \/>\n<\/span><span style=\"color: #ff0000; font-size: xx-small;\"> Twitter:<\/span><span style=\"font-size: xx-small;\"> @quasarpilar<br \/>\n<\/span><span style=\"color: #ff0000; font-size: xx-small;\"> Gr<\/span><span style=\"color: #ff0000; font-size: xx-small;\">upo y p\u00e1gina en Facebook: <\/span> <span style=\"color: #808080; font-size: xx-small;\">www.facebook.com\/<\/span><a href=\"mailto:mfipata@gmail.com\"><span style=\"font-size: xx-small;\">Quasar<\/span><\/a><span style=\"font-size: xx-small;\">Comunicacion<br \/>\n<\/span><span style=\"font-size: xx-small;\"> <span style=\"color: #ff0000;\">LinkedIn<\/span><b>: <\/b><\/span> <a title=\"Ver perfil p\u00fablico\" href=\"http:\/\/ar.linkedin.com\/pub\/mar%C3%83%C2%AD-a-fernanda-ipata\/a\/293\/212\"> <span style=\"font-size: xx-small;\"> http:\/\/ar.linkedin.com\/pub\/mar%C3%AD-a-fernanda-ipata\/a\/293\/212<\/span><\/a><span style=\"font-size: xx-small;\"><br \/>\n<\/span><span style=\"color: #ff0000; font-size: xx-small;\"> Web:<\/span><b><\/b> <a href=\"http:\/\/www.quasarcomunicacion.com.ar\/\"> <span style=\"font-size: xx-small;\">www.quasarcomunicacion.com.ar<\/span><\/a><span style=\"font-size: xx-small;\"><br \/>\n<\/span><span style=\"font-size: xx-small;\"> <span style=\"color: #ff0000;\">Mail<\/span><b>:<\/b> <a href=\"mailto:fernanda@quasarcomunicacion.com.ar\"> <span style=\"color: #808080;\">ferna<\/span><span style=\"color: #808080;\">nda@quasarcomunicacion.com.ar<\/span><\/a><\/span><\/p>\n","protected":false},"excerpt":{"rendered":"<p>Entre Cielos Luxury Wine Hotel &amp; Spa recibi\u00f3 un nuevo premio, ahora en la ciudad de Mendoza, donde la Asociaci\u00f3n [&hellip;]<\/p>\n","protected":false},"author":2,"featured_media":3658,"comment_status":"open","ping_status":"open","sticky":false,"template":"","format":"standard","meta":[],"categories":[2],"tags":[],"_links":{"self":[{"href":"https:\/\/quasarcomunicacion.com.ar\/web\/wp-json\/wp\/v2\/posts\/3657"}],"collection":[{"href":"https:\/\/quasarcomunicacion.com.ar\/web\/wp-json\/wp\/v2\/posts"}],"about":[{"href":"https:\/\/quasarcomunicacion.com.ar\/web\/wp-json\/wp\/v2\/types\/post"}],"author":[{"embeddable":true,"href":"https:\/\/quasarcomunicacion.com.ar\/web\/wp-json\/wp\/v2\/users\/2"}],"replies":[{"embeddable":true,"href":"https:\/\/quasarcomunicacion.com.ar\/web\/wp-json\/wp\/v2\/comments?post=3657"}],"version-history":[{"count":0,"href":"https:\/\/quasarcomunicacion.com.ar\/web\/wp-json\/wp\/v2\/posts\/3657\/revisions"}],"wp:featuredmedia":[{"embeddable":true,"href":"https:\/\/quasarcomunicacion.com.ar\/web\/wp-json\/wp\/v2\/media\/3658"}],"wp:attachment":[{"href":"https:\/\/quasarcomunicacion.com.ar\/web\/wp-json\/wp\/v2\/media?parent=3657"}],"wp:term":[{"taxonomy":"category","embeddable":true,"href":"https:\/\/quasarcomunicacion.com.ar\/web\/wp-json\/wp\/v2\/categories?post=3657"},{"taxonomy":"post_tag","embeddable":true,"href":"https:\/\/quasarcomunicacion.com.ar\/web\/wp-json\/wp\/v2\/tags?post=3657"}],"curies":[{"name":"wp","href":"https:\/\/api.w.org\/{rel}","templated":true}]}}