{"id":3614,"date":"2013-12-19T10:45:41","date_gmt":"2013-12-19T13:45:41","guid":{"rendered":"https:\/\/quasarcomunicacion.com.ar\/web\/?p=3614"},"modified":"2013-12-19T10:45:41","modified_gmt":"2013-12-19T13:45:41","slug":"mas-de-500-personas-en-los-5k-de-colores-de-felicidad-en-movimiento","status":"publish","type":"post","link":"https:\/\/quasarcomunicacion.com.ar\/web\/mas-de-500-personas-en-los-5k-de-colores-de-felicidad-en-movimiento\/","title":{"rendered":"M\u00e1s de 500 personas en los 5K de colores de Felicidad en Movimiento"},"content":{"rendered":"<p style=\"text-align: left;\" align=\"center\"><span style=\"font-family: Verdana; font-size: small;\">\u00a0El pasado s\u00e1bado 7 de diciembre se llev\u00f3 a cabo la tan esperada carrera de colores de <\/span><b style=\"font-family: Verdana; font-size: small;\">Felicidad en Movimiento<\/b><span style=\"font-family: Verdana; font-size: small;\">, en el Paseo de la Costa, Vicente L\u00f3pez. Cinco kil\u00f3metros no competitivos, cuatro zonas de felicidad y mucha alegr\u00eda, m\u00fasica y color acompa\u00f1aron a los participantes durante el recorrido. Adem\u00e1s, con lo recaudado ayudar\u00e1n a instituciones de la zona.<\/span><\/p>\n<p align=\"left\"><span style=\"font-family: Verdana; font-size: small;\"><!--more--><a href=\"https:\/\/quasarcomunicacion.com.ar\/web\/wp-content\/uploads\/2013\/12\/carrera10.gif\"><img class=\"aligncenter\" alt=\"carrera10\" src=\"https:\/\/quasarcomunicacion.com.ar\/web\/wp-content\/uploads\/2013\/12\/carrera10.gif\" \/><\/a><\/span><\/p>\n<p align=\"left\">\u00a0<span style=\"font-family: Verdana; font-size: small;\">Los corredores, citados a las 15, esperaban ansiosos el momento de la largada. Ya hacia las cuatro de la tarde, la expectativa aumentaba: todos los participantes se colocaron detr\u00e1s de la l\u00ednea de largada y, acerc\u00e1ndose el momento de la partida, comenz\u00f3 con todos a coro la cuenta regresiva.<\/span><\/p>\n<p align=\"left\"><span style=\"font-family: Verdana; font-size: small;\">La carrera fue en total beneficio de ONGs de la zona: Acer, Unidos en el Camino, Camino a Jerico y Wingu. Adem\u00e1s, estuvo presente Radio Disney acompa\u00f1ando el evento con inflables para que se diviertan los m\u00e1s chicos.<\/span><\/p>\n<p align=\"left\"><span style=\"font-family: Verdana; font-size: small;\">Entre los cerca de quinientos participantes, estuvieron presentes desde ni\u00f1os peque\u00f1os hasta adultos mayores, y familias completas que disfrutaron de la hermosa tarde al aire libre. Hubo disfraces, pelucas y mucho colorido. <\/span><\/p>\n<p align=\"left\"><span style=\"font-family: Verdana; font-size: small;\">Comenz\u00f3 la carrera y las sonrisas se multiplicaban; fue entonces cuando los participantes llegaron a la primera zona de felicidad. Una nube de color se formaba en la costa y los participantes aprovechaban para ensuciarse entre las nubes de polvo.<\/span><\/p>\n<p align=\"left\"><span style=\"font-family: Verdana; font-size: small;\">\u201cEste fue mi primer marat\u00f3n, y la verdad es que la parte que te tiran los colores fue la mejor, para m\u00ed. Fue la que m\u00e1s me gust\u00f3, sobretodo porque te incentiva y te da alegr\u00eda. \u00a1Ahora tengo ganas de correr m\u00e1s maratones!\u201d, indic\u00f3 Florencia, una de las corredoras.<\/span><\/p>\n<p align=\"left\"><span style=\"font-family: Verdana; font-size: small;\">Para apaciguar el efecto del calor, a mitad de la carrera se dispuso de una pileta llena de botellas con agua mineral gratis y helada, lista para disfrutar. Adem\u00e1s de la hermosa vista al r\u00edo, los colores ti\u00f1eron a los participantes armando una divertida y colorida multitud de corredores alegres.<\/span><\/p>\n<p align=\"left\"><span style=\"font-family: Verdana; font-size: small;\">\u201cNos pareci\u00f3 muy divertida, nos encant\u00f3 poder estar al aire libre. Yo ya hab\u00eda participado en otras carreras solidarias pero no eran con colores, no ten\u00edan este motivo de que cada uno pod\u00eda venir como quisiera, con las pelucas, con los colores estos que te tiran. Definitivamente volver\u00edamos a participar, nos gust\u00f3 la m\u00fasica y nos pareci\u00f3 muy linda la idea\u201d, se\u00f1ala Paula, quien se anim\u00f3 a participar de la carrera junto a su marido.<\/span><\/p>\n<p align=\"left\"><span style=\"font-family: Verdana; font-size: small;\">Terminados los cinco kil\u00f3metros comenz\u00f3 la fiesta. La gente se agrup\u00f3 frente al escenario y se repartieron m\u00e1s colores todav\u00eda, que luego lanzaron todos hacia arriba formando m\u00faltiples arco\u00edris. Entre la m\u00fasica, el color y la gente, un grupo de chicas se anim\u00f3 a realizar una coreograf\u00eda al ritmo de la m\u00fasica, contagiando al resto, que finalmente se sum\u00f3 al baile.<\/span><\/p>\n<p align=\"left\"><span style=\"font-family: Verdana; font-size: small;\">Julieta y Luc\u00eda, dos amigas que se sumaron juntas a la carrera comentaron que \u201cEstuvo buen\u00edsima, si tengo que decir algo es que la sigan haciendo. Ya hab\u00edamos participado en la primera carrera de Felicidad en Movimiento, en esta, y volver\u00edamos a participar en la siguiente. La previa y la parte de la fiesta de los colores fue lo que m\u00e1s nos gust\u00f3, nos divertimos much\u00edsimo\u201d.<\/span><\/p>\n<p align=\"left\"><span style=\"font-family: Verdana; font-size: small;\">La pr\u00f3xima carrera de Felicidad en Movimiento est\u00e1 programada para cerca de abril del 2014, y luego el plan es que, a partir de junio del mismo a\u00f1o, se pueda extender a las dem\u00e1s provincias del pa\u00eds.<\/span><\/p>\n<p align=\"left\"><span style=\"font-family: Verdana; font-size: small;\">En resumen, el evento comenz\u00f3 y termin\u00f3 con sonrisas, logrando as\u00ed su principal objetivo: ser generador de felicidad. Tanto los fot\u00f3grafos, los voluntarios, como los participantes, disfrutaron de la divertida propuesta y se llevaron de recuerdo la remera coloreada a sus casas.<\/span><\/p>\n<p align=\"left\">\n<p align=\"left\"><span style=\"font-family: Verdana; font-size: small;\">Andrea y Mar\u00eda Jos\u00e9, fueron cada una con su hija, y pudieron disfrutar de una tarde en familia, con amigos, al aire libre y con alegr\u00eda: \u201cNos re divertimos, nos gener\u00f3 mucha m\u00e1s felicidad. Mi parte favorita fue que en un momento corr\u00ed con mi hija, eso fue muy lindo. Tambi\u00e9n cuando me tiraron el color azul, porque yo ven\u00eda zafando del anterior pero bueno, me agarraron y la verdad que fue muy divertido\u201d, comentan y agregan: \u201cYa hab\u00edamos participado en otras carreras, pero \u00e9sta es diferente. Adem\u00e1s de la motivaci\u00f3n por el tema de los colores, vimos mucha gente joven y la que no era joven estaba bien predispuesta; vos podes ser vos, si te quer\u00e9s re\u00edr te re\u00eds. Y adem\u00e1s, el tema solidario: a la mayor\u00eda le incentivaba eso, que es muy lindo\u201d.<\/span><\/p>\n<p align=\"left\"><span style=\"font-family: Verdana; font-size: small;\">Los organizadores, felices con el resultado del evento, comentaron que \u201cLa energ\u00eda de la gente es impresionante. Cada d\u00eda sentimos que esto de la felicidad realmente se contagia\u201d.<\/span><\/p>\n<p align=\"left\"><span style=\"font-family: Verdana; font-size: small;\">Segu\u00ed a Felicidad en Movimiento en <\/span> <a href=\"http:\/\/www.facebook.com\/felicidadenmovimiento?fref=ts\"> http:\/\/www.facebook.com\/felicidadenmovimiento<\/a><\/p>\n<p align=\"left\"><span style=\"font-family: Verdana; font-size: small;\"><b>Felicidad en Movimiento &#8211; Solidaridad en Movimiento<\/b><\/span><\/p>\n<p align=\"left\"><span style=\"font-family: Verdana; font-size: small;\"> Este proyecto busca mejorar la calidad de vida de todas las personas: de aquellas que participan, de aquellas que colaboran, y de aquellas que necesitan ayuda.<\/span><\/p>\n<p align=\"left\"><span style=\"font-family: Verdana; font-size: small;\">\u00abPara el 61% de los participantes de la carrera de Felicidad en Movimiento, \u00e9sta fue su primera carrera. Siempre motivamos a las personas a que est\u00e9n mejor y a que se animen a m\u00e1s. Tambi\u00e9n toda la ganancia ser\u00e1 donada a distintas ONGs situadas en la ciudad donde se realice <b>Felicidad en Movimiento<\/b>. Las ONGs van a acceder a este dinero sin tener que involucrarse en la organizaci\u00f3n de los eventos y sin desconcentrarse de su tarea principal, que es la que realmente importa: mejorar el mundo\u00bb, indican desde la organizaci\u00f3n.<\/span><\/p>\n<p align=\"left\"><span style=\"font-size: small;\"><b><i><span style=\"font-family: Arial;\">Por otras im\u00e1genes, audios o entrevistas no dude en contactarse<\/span><\/i><\/b><\/span><\/p>\n<p align=\"center\"><span style=\"font-size: small;\"><b><i> Contactos de Prensa<\/i><\/b><\/span><\/p>\n<div align=\"left\">\n<table width=\"100%\" border=\"1\" cellpadding=\"2\" align=\"left\">\n<tbody>\n<tr>\n<td width=\"50%\">\n<p align=\"left\"><span style=\"font-size: medium;\"><strong> <span style=\"color: #808080; font-family: Arial; font-size: small;\"> Camila Sarmiento &#8211; Asistente de Cuentas<br \/>\n<\/span> <\/strong><\/span> <span style=\"font-size: xx-small;\"><span style=\"color: #ff0000;\"> Directo<\/span><b>: <\/b> 0230<\/span><span style=\"font-size: xx-small;\">-4664772<br \/>\n<\/span><span style=\"color: #ff0000; font-size: xx-small;\"> Skype:<\/span><span style=\"font-size: xx-small;\"> quasarcomunicacion<br \/>\n<\/span><span style=\"color: #ff0000; font-size: xx-small;\"> Twitter:<\/span><span style=\"font-size: xx-small;\"> @quasarpilar<br \/>\n<\/span><span style=\"color: #ff0000; font-size: xx-small;\"> Gr<\/span><span style=\"color: #ff0000; font-size: xx-small;\">upo y p\u00e1gina en Facebook: <\/span> <span style=\"color: #808080; font-size: xx-small;\">www.facebook.com\/<\/span><a href=\"mailto:mfipata@gmail.com\"><span style=\"font-size: xx-small;\">Quasar<\/span><\/a><span style=\"font-size: xx-small;\">Comunicacion<br \/>\n<\/span><span style=\"color: #ff0000; font-size: xx-small;\"> Web:<\/span><b><\/b> <a href=\"http:\/\/www.quasarcomunicacion.com.ar\/\"> <span style=\"font-size: xx-small;\">www.quasarcomunicacion.com.ar<\/span><\/a><\/p>\n<p align=\"left\"><span style=\"font-size: xx-small;\"> <span style=\"color: #ff0000;\">Mail<\/span><b>:<\/b><\/span><span style=\"font-size: xx-small;\"> <a href=\"mailto:fernanda@quasarcomunicacion.com.ar\"> asistente@quasarcomunicacion.com.ar<\/a><\/span><\/p>\n<\/td>\n<td width=\"50%\">\n<p align=\"right\"><span style=\"font-size: medium;\"><strong> <span style=\"color: #808080; font-family: Arial; font-size: small;\"> Lic. Mar\u00eda Fernanda Ipata &#8211; Directora<br \/>\n<\/span> <\/strong><\/span> <span style=\"font-size: xx-small;\"><span style=\"color: #ff0000;\"><br \/>\nDirecto<\/span><b>: <\/b> 0230<\/span><span style=\"font-size: xx-small;\">-4664772<\/span><span style=\"font-size: xx-small;\"><br \/>\n<\/span><span style=\"font-size: xx-small;\"> <span style=\"color: #ff0000;\">M\u00f3vil:<\/span><b> <\/b> 0230<\/span><span style=\"font-size: xx-small;\">-15-4584535<br \/>\n011-15-6096-4656 ID 558*3763<br \/>\n<\/span><span style=\"color: #ff0000; font-size: xx-small;\"> Skype:<\/span><span style=\"font-size: xx-small;\"> quasarcomunicacion<br \/>\n<\/span><span style=\"color: #ff0000; font-size: xx-small;\"> Twitter:<\/span><span style=\"font-size: xx-small;\"> @quasarpilar<br \/>\n<\/span><span style=\"color: #ff0000; font-size: xx-small;\"> Gr<\/span><span style=\"color: #ff0000; font-size: xx-small;\">upo y p\u00e1gina en Facebook: <\/span> <span style=\"color: #808080; font-size: xx-small;\">www.facebook.com\/<\/span><a href=\"mailto:mfipata@gmail.com\"><span style=\"font-size: xx-small;\">Quasar<\/span><\/a><span style=\"font-size: xx-small;\">Comunicacion<br \/>\n<\/span><span style=\"font-size: xx-small;\"> <span style=\"color: #ff0000;\">LinkedIn<\/span><b>:\u00a0 <\/b><\/span> <span style=\"font-size: xx-small;\"><b> <a href=\"http:\/\/www.linkedin.com\/in\/mfipata\"> http:\/\/www.linkedin.com\/in\/mfipata<\/a><\/b><\/span><span style=\"font-size: xx-small;\"><br \/>\n<\/span><span style=\"color: #ff0000; font-size: xx-small;\"> Web:<\/span><b><\/b> <a href=\"http:\/\/www.quasarcomunicacion.com.ar\/\"> <span style=\"font-size: xx-small;\">www.quasarcomunicacion.com.ar<\/span><\/a><span style=\"font-size: xx-small;\"><br \/>\n<\/span><span style=\"font-size: xx-small;\"> <span style=\"color: #ff0000;\">Mail<\/span><b>:<\/b><\/span><span style=\"font-size: xx-small;\"><a href=\"mailto:fernanda@quasarcomunicacion.com.ar\"> fernanda@quasarcomunicacion.com.ar<\/a><\/span><\/p>\n<\/td>\n<\/tr>\n<\/tbody>\n<\/table>\n<\/div>\n","protected":false},"excerpt":{"rendered":"<p>\u00a0El pasado s\u00e1bado 7 de diciembre se llev\u00f3 a cabo la tan esperada carrera de colores de Felicidad en Movimiento, [&hellip;]<\/p>\n","protected":false},"author":2,"featured_media":3615,"comment_status":"open","ping_status":"open","sticky":false,"template":"","format":"standard","meta":[],"categories":[2],"tags":[],"_links":{"self":[{"href":"https:\/\/quasarcomunicacion.com.ar\/web\/wp-json\/wp\/v2\/posts\/3614"}],"collection":[{"href":"https:\/\/quasarcomunicacion.com.ar\/web\/wp-json\/wp\/v2\/posts"}],"about":[{"href":"https:\/\/quasarcomunicacion.com.ar\/web\/wp-json\/wp\/v2\/types\/post"}],"author":[{"embeddable":true,"href":"https:\/\/quasarcomunicacion.com.ar\/web\/wp-json\/wp\/v2\/users\/2"}],"replies":[{"embeddable":true,"href":"https:\/\/quasarcomunicacion.com.ar\/web\/wp-json\/wp\/v2\/comments?post=3614"}],"version-history":[{"count":0,"href":"https:\/\/quasarcomunicacion.com.ar\/web\/wp-json\/wp\/v2\/posts\/3614\/revisions"}],"wp:featuredmedia":[{"embeddable":true,"href":"https:\/\/quasarcomunicacion.com.ar\/web\/wp-json\/wp\/v2\/media\/3615"}],"wp:attachment":[{"href":"https:\/\/quasarcomunicacion.com.ar\/web\/wp-json\/wp\/v2\/media?parent=3614"}],"wp:term":[{"taxonomy":"category","embeddable":true,"href":"https:\/\/quasarcomunicacion.com.ar\/web\/wp-json\/wp\/v2\/categories?post=3614"},{"taxonomy":"post_tag","embeddable":true,"href":"https:\/\/quasarcomunicacion.com.ar\/web\/wp-json\/wp\/v2\/tags?post=3614"}],"curies":[{"name":"wp","href":"https:\/\/api.w.org\/{rel}","templated":true}]}}