{"id":36,"date":"2012-03-06T22:39:23","date_gmt":"2012-03-06T22:39:23","guid":{"rendered":"http:\/\/quasarcomunicacion.wordpress.com\/?p=36"},"modified":"2012-03-06T22:39:23","modified_gmt":"2012-03-06T22:39:23","slug":"nace-autores-locales-en-pilar-point","status":"publish","type":"post","link":"https:\/\/quasarcomunicacion.com.ar\/web\/nace-autores-locales-en-pilar-point\/","title":{"rendered":"Nace &quot;Autores Locales&quot; en Pilar Point"},"content":{"rendered":"<p><strong>\u201cAutores locales\u201d <\/strong>es un espacio destinado a la comercializaci\u00f3n y difusi\u00f3n de libros de escritores del Partido de Pilar. El proyecto cuenta con el apoyo del <strong>shopping Pilar Point<\/strong>, la coordinaci\u00f3n de Ediciones El Bodeg\u00f3n y la importante colaboraci\u00f3n de la Librer\u00eda Matute Libros (primer piso del shopping, local 109), que otorg\u00f3 un espacio preferencial en su vidriera para exponer t\u00edtulos de autores locales que se ir\u00e1n renovando para su difusi\u00f3n y venta.<!--more--><img loading=\"lazy\" src=\"http:\/\/www.quasarcomunicacion.com.ar\/pilarpoint\/2012\/matute.gif\" alt=\"\" width=\"500\" height=\"333\" \/><br \/>\nEsta propuesta se lanzar\u00e1 el pr\u00f3ximo 6 de marzo a las 19 hs con una presentaci\u00f3n formal en el 1er. Piso del <strong>shopping Pilar Point<\/strong>, justo en la puerta de la librer\u00eda Matute y con entrada gratuita para todos los que desean acercarse a compartir un brindis.<br \/>\nAdem\u00e1s, est\u00e1n invitados escritoras y escritores\u00a0 con un ejemplar de sus trabajos a fin de difundirlo y comenzar con la base de datos para la conformaci\u00f3n del espacio, que si bien estar\u00e1 coordinado por el escritor V\u00edctor Hugo Koprivsek, se espera contar con la participaci\u00f3n de todos los que deseen sumar ideas y manos a la causa.<br \/>\nEl d\u00eda de la presentaci\u00f3n, estar\u00e1n presentando sus libros, 5 autoras mujeres en homenaje al D\u00eda Internacional de la Mujer. Ellas son Graciela Labale (Soy mano, Pilar), Lizzie Bertiller (El gueto y otros relatos, Pilar), Hilda de Laffitte (Collar de perlas, La Lonja), Noelia L\u00f3pez (El \u00faltimo final, Derqui) y una representante del Taller Literario ALMA (Del Viso).<br \/>\nSe espera hacer presentaciones cada 40 d\u00edas a fin de difundir a lo largo de todo un primer a\u00f1o de trabajo, la totalidad de libros que conforman el caudal de producciones del Partido de Pilar.<br \/>\nQuienes deseen pueden contactarse v\u00eda mail podr\u00e1n hacerlo escribiendo a <a href=\"mailto:autores_locales@hotmail.com.ar\">autores_locales@hotmail.com.ar<\/a>\u00a0<br \/>\nEste proyecto, innovador y \u00fanico en la zona, es un punto de partida para que los tantos trabajos realizados dignamente por escritoras y escritores locales, se vendan.<br \/>\n\u201cAutores locales\u201d tiene como objetivo principal difundir a todos los que tienen que ver con la industria del libro en la zona: librer\u00edas, ilustradores, editoriales, medios de comunicaci\u00f3n, profesores de literatura, funcionarios del \u00e1rea de cultura, talleres literarios, bibliotecas, correctoras, dise\u00f1adores, encuadernadores, adem\u00e1s de los escritores por supuesto.<br \/>\n\u00abSi bien sabemos que la compra de libros de escritores locales no es un h\u00e1bito entre los lectores, intentaremos a trav\u00e9s de un trabajo mancomunado, instalar esta hermosa costumbre que colabora ampliamente con el desarrollo de la cultura pilarense\u00bb, aseguran los impulsores del proyecto.<br \/>\nUna veintena de t\u00edtulos se editaron en los \u00faltimos a\u00f1os, mucha gente vuelca sue\u00f1os y trabajo en la realizaci\u00f3n de los mismos, pero lo cierto es que a la hora de venderlo, no existe una estructura ni grande ni chica que favorezca su comercializaci\u00f3n a no ser la voluntad del mismo autor por recorrer lugares y realizar presentaciones. Una tarea solitaria y desgastante que tampoco garantiza la venta.<br \/>\nEspacio para libros de autores locales<br \/>\nEn todo el Partido de Pilar no existe un lugar que re\u00fana, difunda y venda las obras literarias escritas por autores locales.<br \/>\nUna veintena de libros fueron publicados y presentados de manera independiente por vecinas y vecinos de la zona, con tiradas que van desde 50 a 1.000 ejemplares.<br \/>\nLa propuesta es que <strong>Pilar Point <\/strong>sea el Shopping que abra las puertas por primera vez en la historia local, y apoye una iniciativa que a largo plazo sea un espacio de vanguardia para que los autores locales puedan presentar y vender sus trabajos.<br \/>\n<strong>Servicios y ubicaci\u00f3n privilegiada<\/strong><br \/>\n<img loading=\"lazy\" src=\"http:\/\/www.quasarcomunicacion.com.ar\/pilarpoint\/2012\/fachadaeco.gif\" alt=\"\" width=\"500\" height=\"342\" \/><br \/>\n<strong>Pilar Point <\/strong>se inaugur\u00f3 en Diciembre 2009 y ya est\u00e1 consolidado como el shopping del centro de Pilar.<br \/>\nEl centro comercial ofrece en forma permanente propuestas abiertas para la comunidad como clases de tanto, folklore, ajedrez, bailoterapia, espect\u00e1culos musicales, muestras art\u00edsticas, concursos, cine gratuito para ni\u00f1os y adultos, entre otras opciones.<br \/>\nAdem\u00e1s, cuenta con locales comerciales, oficinas, y la posibilidad de alquilar estudios en forma temporaria por hora o m\u00f3dulo.<br \/>\n<strong>Pilar Point<\/strong> posee estacionamiento sin cargo, RapiPago, Banelco y WiFi.<br \/>\n<strong>Pilar Point <\/strong>cuenta con cinco plantas para 45 locales comerciales que ofrecen una variada gama de productos y servicios y 3000 m<sup>2 <\/sup>de Oficinas &amp; Estudios desde 30 m<sup>2<\/sup> en venta y alquiler. Adem\u00e1s cocheras para 200 veh\u00edculos.<br \/>\nEl emplazamiento del desarrollo es una ubicaci\u00f3n estrat\u00e9gica y \u00fanica en la zona de Pilar, sobre Estanislao L\u00f3pez (ex Ruta 8), esquina Ituzaing\u00f3 y en la misma manzana que el edificio de Bomberos, la Fiscal\u00eda, la Comisar\u00eda central de Pilar.<br \/>\nTambi\u00e9n, su acceso desde Panamericana es directo, entrando por el Puente Champagnat, y luego la calle Rivadavia (300 mts), facilitando la llegada desde el Parque Industrial o de cualquiera de los Barrios Privados o Countries de la zona; o por Ruta 25, tambi\u00e9n llamada Tratado del Pilar permitiendo el acceso desde Escobar y desde zona oeste.<br \/>\n<strong><em>Por otras im\u00e1genes, audios o entrevistas no dude en contactarse<\/em><\/strong><\/p>\n<p align=\"center\">Acceso a toda la informaci\u00f3n ingresando en \u00a0<strong><em><br \/>\n<a href=\"http:\/\/www.quasarcomunicacion.com.ar\/pilarpoint\">www.quasarcomunicacion.com.ar\/pilarpoint<\/a> <\/em><\/strong><\/p>\n","protected":false},"excerpt":{"rendered":"<p>\u201cAutores locales\u201d es un espacio destinado a la comercializaci\u00f3n y difusi\u00f3n de libros de escritores del Partido de Pilar. El [&hellip;]<\/p>\n","protected":false},"author":2,"featured_media":0,"comment_status":"open","ping_status":"open","sticky":false,"template":"","format":"standard","meta":[],"categories":[2],"tags":[],"_links":{"self":[{"href":"https:\/\/quasarcomunicacion.com.ar\/web\/wp-json\/wp\/v2\/posts\/36"}],"collection":[{"href":"https:\/\/quasarcomunicacion.com.ar\/web\/wp-json\/wp\/v2\/posts"}],"about":[{"href":"https:\/\/quasarcomunicacion.com.ar\/web\/wp-json\/wp\/v2\/types\/post"}],"author":[{"embeddable":true,"href":"https:\/\/quasarcomunicacion.com.ar\/web\/wp-json\/wp\/v2\/users\/2"}],"replies":[{"embeddable":true,"href":"https:\/\/quasarcomunicacion.com.ar\/web\/wp-json\/wp\/v2\/comments?post=36"}],"version-history":[{"count":0,"href":"https:\/\/quasarcomunicacion.com.ar\/web\/wp-json\/wp\/v2\/posts\/36\/revisions"}],"wp:attachment":[{"href":"https:\/\/quasarcomunicacion.com.ar\/web\/wp-json\/wp\/v2\/media?parent=36"}],"wp:term":[{"taxonomy":"category","embeddable":true,"href":"https:\/\/quasarcomunicacion.com.ar\/web\/wp-json\/wp\/v2\/categories?post=36"},{"taxonomy":"post_tag","embeddable":true,"href":"https:\/\/quasarcomunicacion.com.ar\/web\/wp-json\/wp\/v2\/tags?post=36"}],"curies":[{"name":"wp","href":"https:\/\/api.w.org\/{rel}","templated":true}]}}