{"id":3557,"date":"2013-12-16T15:42:22","date_gmt":"2013-12-16T18:42:22","guid":{"rendered":"https:\/\/quasarcomunicacion.com.ar\/web\/?p=3557"},"modified":"2013-12-16T15:42:22","modified_gmt":"2013-12-16T18:42:22","slug":"tips-a-tener-en-cuenta-a-la-hora-de-elegir-una-colonia-de-vacaciones-para-nuestros-hijos","status":"publish","type":"post","link":"https:\/\/quasarcomunicacion.com.ar\/web\/tips-a-tener-en-cuenta-a-la-hora-de-elegir-una-colonia-de-vacaciones-para-nuestros-hijos\/","title":{"rendered":"Tips a tener en cuenta a la hora de elegir una colonia de vacaciones para nuestros hijos"},"content":{"rendered":"<p style=\"text-align: left;\" align=\"center\"><span style=\"font-family: Verdana; font-size: small;\">Comienzan las vacaciones y llega el merecido descanso para los chicos. Sin tanta rutina, ni corridas, ni horarios, s\u00f3lo disfrutar y relajarse, gozar del tiempo libre y del ocio. Es un momento para que los ni\u00f1os usen su tiempo para hacer lo que m\u00e1s les gusta solos o acompa\u00f1ados por la familia o amigos. Muchas veces es el tiempo para poder hacer todo eso que qued\u00f3 postergado durante el a\u00f1o.<!--more--><\/span><\/p>\n<p><a href=\"https:\/\/quasarcomunicacion.com.ar\/web\/wp-content\/uploads\/2013\/12\/colonia.gif\"><img class=\"aligncenter\" alt=\"colonia\" src=\"https:\/\/quasarcomunicacion.com.ar\/web\/wp-content\/uploads\/2013\/12\/colonia.gif\" \/><\/a><br \/>\n<span style=\"font-family: Verdana; font-size: small;\">Sin embargo para muchos padres que tienen que seguir con sus actividades laborales, comienza un nuevo desaf\u00edo: encontrar un lugar para que sus hijos disfruten de las vacaciones en un ambiente seguro y cuidado.<\/span><br \/>\n<span style=\"font-family: Verdana; font-size: small;\">A veces es aconsejable tambi\u00e9n tener unos d\u00edas de impasse. No est\u00e1 bueno salir del colegio a la colonia, porque no le damos el tiempo para que no hagan nada, para que descansen, para que tengan su tiempo de ocio. <\/span><br \/>\n<span style=\"font-family: Verdana; font-size: small;\">Si se puede, es lo adecuado una transici\u00f3n entre la escuela y la colonia. En estos casos se puede apelar a abuelos, t\u00edos, para que puedan estar en casa.<\/span><br \/>\n<b><span style=\"font-family: Verdana; font-size: small;\">\u00bfQu\u00e9 tenemos que tener en cuenta a la hora de elegir una colonia de vacaciones?<\/span><\/b><br \/>\n<span style=\"font-family: Verdana; font-size: small;\">\u2022 Primero hay que definir si necesitamos que los ni\u00f1os vayan una colonia de jornada completa o de medio turno, por la tarde o por la ma\u00f1ana, qu\u00e9 es lo mejor para el normal funcionamiento de nuestra familia.<br \/>\n\u2022 La cantidad de chicos por grupo y la cantidad de profesores que se le asigna a cada grupo. Esto nos permitir\u00e1 saber cu\u00e1n individualizado ser\u00e1 el cuidado de los chicos. Tengamos en cuenta que cuanto m\u00e1s chiquitos m\u00e1s dedicaci\u00f3n necesitan.<br \/>\n\u2022 Ir al lugar para ver personalmente el espacio que haya lugares con sol y sombra y que existan espacios cubiertos para los d\u00edas de lluvia.<br \/>\n\u2022 Preguntar por la propuesta recreativa que proponen para ver si se adec\u00faa a lo que los papas esperan y desean. Es importante que las actividades est\u00e9n planificadas y organizadas.<br \/>\n\u2022 El traslado: decidir si van a llevar a los ni\u00f1os directamente al predio donde se realicen las actividades, o si utilizar\u00e1n servicio de transporte. Muchas veces este servicio es brindado por la colonia y en otros es tercerizado. En ambos casos hay que asegurarse de que los veh\u00edculos y sus conductores se encuentren en regla y que una persona cuide a los chicos durante el viaje.<br \/>\n\u2022 El cuidado de los chicos en la pileta: hay que averiguar qui\u00e9n controla a los chicos dentro y fuera del agua, si hay guardavidas, si se realizan revisaciones m\u00e9dicas para prevenir el contagio de enfermedades.<br \/>\n\u2022 Los ba\u00f1os deben estar limpios y en buenas condiciones de conservaci\u00f3n y ver que haya un adulto al momento de ba\u00f1arse y cambiarse. <\/span><br \/>\n<span style=\"font-family: Verdana; font-size: small;\">Una vez iniciada la colonia si observamos que los ni\u00f1os est\u00e1n demasiado cansados o manifiestan que no quieren ir, hablemos con ellos y con los responsables de la colonia para ver qu\u00e9 est\u00e1 sucediendo. Puede ser que sea mucha la actividad que realizan, o que le est\u00e9 costando adaptarse al nuevo grupo y al nuevo lugar. Muchas veces una colonia de todo el d\u00eda le resulta demasiado pesada para ellos, o tal vez necesitemos revisar la elecci\u00f3n, no todas las colonias son para todos los chicos.<\/span><br \/>\n<span style=\"font-family: Verdana; font-size: small;\">Tenemos que darles el tiempo a los chicos para que se acomoden, para que se adapten al nuevo grupo y a los profesores. Hay que tener flexibilidad para evaluar la elecci\u00f3n.<\/span><br \/>\n<span style=\"font-family: Verdana; font-size: small;\">Consultas escribiendo a <a href=\"mailto:contacto@momentocero.com.ar\"> contacto@momentocero.com.ar<\/a> o en la web <a href=\"http:\/\/www.momentocero.com.ar\/\">www.momentocero.com.ar<\/a> <\/span><br \/>\n<b><span style=\"font-family: Verdana; font-size: small;\"> Adriana Marcela L\u00f3pez <\/span><\/b><br \/>\n<span style=\"font-family: Verdana; font-size: xx-small;\">Licenciada en Psicolog\u00eda de la Universidad de Buenos Aires. Especialista en vincularidad temprana. <\/span><br \/>\n<span style=\"font-family: Verdana; font-size: xx-small;\">Psic\u00f3loga y supervisora del Centro de Psicopatolog\u00eda Infanto-Juvenil de San Isidro.<br \/>\nPsic\u00f3loga de ni\u00f1os, adolescentes y adultos. Abordaje en Psicodiagn\u00f3stico, tratamiento individual, Orientaci\u00f3n a padres, Asesoramiento a instituciones educativas.<\/span><br \/>\n<span style=\"font-family: Verdana; font-size: xx-small;\">Coordinadora del Seminario de Observaci\u00f3n de Lactantes, m\u00e9todo de Esther Bick, para profesionales de la salud.<\/span><br \/>\n<span style=\"font-family: Verdana; font-size: xx-small;\">Creadora y coordinadora de Momento Cero, programa destinado al trabajo con padres e hijos con el objetivo de favorecer un desarrollo emocional sano. <\/span><br \/>\n<span style=\"font-family: Verdana; font-size: xx-small;\">Creadora y coordinadora de EPsiS Equipo psicol\u00f3gico para la Salud C.A.B.A.: Centro, Palermo, Belgrano<\/span><br \/>\n<b><span style=\"font-family: Verdana; font-size: small;\">Lic. Emilia Canzutti<\/span><\/b><br \/>\n<span style=\"font-family: Verdana; font-size: xx-small;\">Licenciada en Psicolog\u00eda. Universidad del Salvador. Especialista en vincularidad temprana.<\/span><br \/>\n<span style=\"font-family: Verdana; font-size: xx-small;\">Profesora en psicolog\u00eda. Universidad del Salvador.<\/span><br \/>\n<span style=\"font-family: Verdana; font-size: xx-small;\">Coordinadora del \u00e1rea de psicolog\u00eda del centro de Psicopatolog\u00eda Infanto-Juvenil de San Isidro.<br \/>\nPsic\u00f3loga de ni\u00f1os, adolescentes y adultos.<\/span><br \/>\n<span style=\"font-family: Verdana; font-size: xx-small;\">Abordaje en Psicodiagn\u00f3stico, tratamiento individual, Orientaci\u00f3n a padres, Asesoramiento a instituciones educativas.<\/span><br \/>\n<span style=\"font-family: Verdana; font-size: xx-small;\">Coordinadora del Seminario de Observaci\u00f3n de Lactantes, m\u00e9todo de Esther Bick, para profesionales de la salud.<\/span><br \/>\n<span style=\"font-family: Verdana; font-size: xx-small;\">Creadora y coordinadora de Momento Cero, programa destinado al trabajo con padres e hijos con el objetivo de favorecer un desarrollo emocional sano. <\/span><br \/>\n<span style=\"font-family: Verdana; font-size: xx-small;\">Creadora y coordinadora de EPsiS Equipo psicol\u00f3gico para la Salud.<\/span><br \/>\n<span style=\"font-family: Verdana; font-size: xx-small;\">Zona Norte: La Lucila, Martinez, Acassuso, Beccar.<\/span><\/p>\n<p align=\"center\"><b><span style=\"font-family: Arial; font-size: small;\">Toda la info de Momento Cero ingresando en\u00a0<\/span><\/b><br \/>\n<a href=\"http:\/\/www.quasarcomunicacion.com.ar\/momentocero\"> http:\/\/www.quasarcomunicacion.com.ar\/momentocero<\/a><\/p>\n<p align=\"right\"><span style=\"font-size: medium;\"><strong> <span style=\"color: #808080; font-family: Arial; font-size: small;\"> Lic. Mar\u00eda Fernanda Ipata<br \/>\nQu\u00e1sar Comunicaci\u00f3n<br \/>\n<\/span> <\/strong><\/span> <span style=\"font-size: xx-small;\"><span style=\"color: #ff0000;\"> Directo<\/span><b>: <\/b> 0230<\/span><span style=\"font-size: xx-small;\">-4664772<\/span><span style=\"font-size: xx-small;\"><br \/>\n<\/span><span style=\"font-size: xx-small;\"> <span style=\"color: #ff0000;\">M\u00f3vil:<\/span><b> <\/b> 0230-<\/span><span style=\"font-size: xx-small;\">15-4584535<br \/>\n011-15-6096-4656 ID 558*3763<br \/>\n<\/span><span style=\"color: #ff0000; font-size: xx-small;\"> Skype:<\/span><span style=\"font-size: xx-small;\"> quasarcomunicacion<br \/>\n<\/span><span style=\"color: #ff0000; font-size: xx-small;\"> Twitter:<\/span><span style=\"font-size: xx-small;\"> @quasarpilar<br \/>\n<\/span><span style=\"color: #ff0000; font-size: xx-small;\"> Gr<\/span><span style=\"color: #ff0000; font-size: xx-small;\">upo y p\u00e1gina en Facebook: <\/span> <span style=\"color: #808080; font-size: xx-small;\">www.facebook.com\/<\/span><a href=\"mailto:mfipata@gmail.com\"><span style=\"font-size: xx-small;\">Quasar<\/span><\/a><span style=\"font-size: xx-small;\">Comunicacion<br \/>\n<\/span><span style=\"font-size: xx-small;\"> <span style=\"color: #ff0000;\">LinkedIn<\/span><b>: <\/b><\/span> <a title=\"Ver perfil p\u00fablico\" href=\"http:\/\/ar.linkedin.com\/pub\/mar%C3%83%C2%AD-a-fernanda-ipata\/a\/293\/212\"> <span style=\"font-size: xx-small;\"> http:\/\/ar.linkedin.com\/pub\/mar%C3%AD-a-fernanda-ipata\/a\/293\/212<\/span><\/a><span style=\"font-size: xx-small;\"><br \/>\n<\/span><span style=\"color: #ff0000; font-size: xx-small;\"> Web:<\/span><b><\/b> <a href=\"http:\/\/www.quasarcomunicacion.com.ar\/\"> <span style=\"font-size: xx-small;\">www.quasarcomunicacion.com.ar<\/span><\/a><span style=\"font-size: xx-small;\"><br \/>\n<\/span><span style=\"font-size: xx-small;\"> <span style=\"color: #ff0000;\">Mail<\/span><b>:<\/b> <a href=\"mailto:fernanda@quasarcomunicacion.com.ar\"> <span style=\"color: #808080;\">ferna<\/span><span style=\"color: #808080;\">nda@quasarcomunicacion.com.ar<\/span><\/a><\/span><\/p>\n","protected":false},"excerpt":{"rendered":"<p>Comienzan las vacaciones y llega el merecido descanso para los chicos. Sin tanta rutina, ni corridas, ni horarios, s\u00f3lo disfrutar [&hellip;]<\/p>\n","protected":false},"author":2,"featured_media":3558,"comment_status":"open","ping_status":"open","sticky":false,"template":"","format":"standard","meta":[],"categories":[2],"tags":[],"_links":{"self":[{"href":"https:\/\/quasarcomunicacion.com.ar\/web\/wp-json\/wp\/v2\/posts\/3557"}],"collection":[{"href":"https:\/\/quasarcomunicacion.com.ar\/web\/wp-json\/wp\/v2\/posts"}],"about":[{"href":"https:\/\/quasarcomunicacion.com.ar\/web\/wp-json\/wp\/v2\/types\/post"}],"author":[{"embeddable":true,"href":"https:\/\/quasarcomunicacion.com.ar\/web\/wp-json\/wp\/v2\/users\/2"}],"replies":[{"embeddable":true,"href":"https:\/\/quasarcomunicacion.com.ar\/web\/wp-json\/wp\/v2\/comments?post=3557"}],"version-history":[{"count":0,"href":"https:\/\/quasarcomunicacion.com.ar\/web\/wp-json\/wp\/v2\/posts\/3557\/revisions"}],"wp:featuredmedia":[{"embeddable":true,"href":"https:\/\/quasarcomunicacion.com.ar\/web\/wp-json\/wp\/v2\/media\/3558"}],"wp:attachment":[{"href":"https:\/\/quasarcomunicacion.com.ar\/web\/wp-json\/wp\/v2\/media?parent=3557"}],"wp:term":[{"taxonomy":"category","embeddable":true,"href":"https:\/\/quasarcomunicacion.com.ar\/web\/wp-json\/wp\/v2\/categories?post=3557"},{"taxonomy":"post_tag","embeddable":true,"href":"https:\/\/quasarcomunicacion.com.ar\/web\/wp-json\/wp\/v2\/tags?post=3557"}],"curies":[{"name":"wp","href":"https:\/\/api.w.org\/{rel}","templated":true}]}}