{"id":3428,"date":"2013-12-04T16:34:17","date_gmt":"2013-12-04T19:34:17","guid":{"rendered":"https:\/\/quasarcomunicacion.com.ar\/web\/?p=3428"},"modified":"2013-12-04T16:34:17","modified_gmt":"2013-12-04T19:34:17","slug":"el-polo-educativo-pilar-entrego-sus-premios-al-merito","status":"publish","type":"post","link":"https:\/\/quasarcomunicacion.com.ar\/web\/el-polo-educativo-pilar-entrego-sus-premios-al-merito\/","title":{"rendered":"El Polo Educativo Pilar entreg\u00f3 sus Premios al M\u00e9rito"},"content":{"rendered":"<p style=\"text-align: left;\" align=\"center\">El\u00a0<b>Polo Educativo Pilar<\/b>\u00a0entreg\u00f3 los <b>Premios al M\u00e9rito 2013<\/b> a los alumnos m\u00e1s destacados de escuelas p\u00fablicas y privadas de Pilar. Esta fue la d\u00e9cimo primera entrega de estos reconocimientos a aquellos alumnos de secundaria que se destacaron por sus logros acad\u00e9micos y por sus valores como persona.<!--more--><\/p>\n<p><a href=\"https:\/\/quasarcomunicacion.com.ar\/web\/wp-content\/uploads\/2013\/12\/premios1.gif\"><img class=\"aligncenter\" alt=\"Premios al M\u00e9rito\" src=\"https:\/\/quasarcomunicacion.com.ar\/web\/wp-content\/uploads\/2013\/12\/premios1.gif\" \/><\/a><br \/>\n<span style=\"font-size: small;\">Adem\u00e1s, entregaron los diplomas a los casi 100 artistas que participaron de la<b> ExpoArte<\/b> y premiaron al Educador del A\u00f1o junto a Rotary Club Pilar.<\/span><br \/>\n<span style=\"font-size: small;\">59 alumnos recibieron su medalla como reconocimiento al M\u00e9rito.<\/span><br \/>\n<span style=\"font-size: small;\">\u00abHoy celebramos la educaci\u00f3n a trav\u00e9s de los docentes y de los alumnos. Adem\u00e1s, celebraremos el arte a trav\u00e9s de los diplomas de reconocimiento a todos los \u00abartistas\u00bb que expusieron sus obras en Paseo Champagnat en el marco de la ExpoArte\u00bb, dijo Marcela Andrade, presentadora del evento.<\/span><br \/>\n<a href=\"https:\/\/quasarcomunicacion.com.ar\/web\/wp-content\/uploads\/2013\/12\/premios.gif\"><img class=\"aligncenter\" alt=\"premios\" src=\"https:\/\/quasarcomunicacion.com.ar\/web\/wp-content\/uploads\/2013\/12\/premios.gif\" \/><\/a><br \/>\n<span style=\"font-size: small;\">El presidente del <b>Polo Educativo Pilar<\/b>, <\/span> Lic. Juan Ranwez, indic\u00f3 que \u00aba trav\u00e9s de estos premios cumplimos con nuestro objetivo de promocionar y desarrollar la educaci\u00f3n en el partido de Pilar y aleda\u00f1os, a fin de lograr un nivel de excelencia \u00f3ptimo tanto en la escuela privada como en la escuela p\u00fablica\u00bb.<br \/>\nLuego de entregar los 59 medallones a los alumnos premiados, se procedi\u00f3 a la entrega de los diplomas a los 100 artistas que participaron de la <b>ExpoArte 2013<\/b>. Los grupos de alumnos subieron al escenario con sus profesores y recibieron su merecido aplauso y reconocimiento.<br \/>\nEn esta d\u00e9cimo-primera edici\u00f3n de la <b>ExpoArte<\/b>, las obras se expusieron en el mes de noviembre en Paseo Champagnat.<br \/>\n<span style=\"color: #1f497d; font-size: small;\"> Todas las fotos en la fan page del Polo Educativo Pilar <\/span> <a href=\"http:\/\/www.facebook.com\/media\/set\/?set=a.564906380231890.1073741837.266568743398990&amp;type=3\"> <span>http<\/span><span>:\/\/www.facebook.com\/media\/set\/?set=a.564906380231890.1073741837.266568743398990&amp;type=3<\/span><\/a><br \/>\nSe presentan este a\u00f1o 100 cuadros pertenecientes a alumnos de las escuelas de gesti\u00f3n p\u00fablica y privadas de Pilar y de distritos vecinos, desde nivel inicial a secundaria. Participan 15 colegios pertenecientes al Polo Educativo Pilar y 9 escuelas p\u00fablicas.<br \/>\nEn esta edici\u00f3n recibieron sus reconocimientos alumnos del Bede`s Grammar School, Brick Towers, Colegio del Pilar, Del Viso Day School, Godspell, Nordbridge, North Hills, Northern, Northfield, Oakhill, St Mary, St Matthew`s, St John`s, St. Francis, Los Robles, EES N\u00ba 16, EP N\u00ba 7, Escuela de Educaci\u00f3n Especial N\u00ba 504, ES N\u00ba 6, EEE N\u00ba 503, EEE n\u00ba 504, Jard\u00edn 908 y Jard\u00edn 909<br \/>\n&nbsp;<br \/>\nEl\u00a0<b>Polo Educativo Pilar\u00a0<\/b>es una asociaci\u00f3n civil sin fines de lucro, fundada en el a\u00f1o 2002, que re\u00fane a instituciones educativas, tanto del Partido de Pilar como tambi\u00e9n de otras jurisdicciones, y que tiene como objetivo principal el promover y desarrollar la educaci\u00f3n, p\u00fablica y privada, en todo el distrito.<br \/>\nActualmente son 19 las instituciones educativas que ya integran el\u00a0<b>PEP<\/b>.<\/p>\n<p align=\"center\"><span style=\"font-size: small;\"><b><i><span style=\"font-family: Arial;\">Por otras im\u00e1genes, audios o entrevistas no dude en contactarse<\/span><\/i><\/b><\/span><\/p>\n<p align=\"center\"><i><b><span style=\"font-family: Arial; font-size: small;\">Toda la informaci\u00f3n actualizada en <\/span><\/b><\/i> <span style=\"font-family: Arial; font-size: small;\"> <a href=\"http:\/\/www.quasarcomunicacion.com.ar\/poloeducativo\"> www.quasarcomunicacion.com.ar\/poloeducativo<\/a> <\/span><\/p>\n<p align=\"right\"><span style=\"font-size: medium;\"><strong> <span style=\"color: #808080; font-family: Arial; font-size: small;\"> Lic. Mar\u00eda Fernanda Ipata<br \/>\nQu\u00e1sar Comunicaci\u00f3n<br \/>\n<\/span> <\/strong><\/span> <span style=\"font-size: xx-small;\"><span style=\"color: #ff0000;\"> Directo<\/span><b>: <\/b> 0230<\/span><span style=\"font-size: xx-small;\">-4664772<\/span><span style=\"font-size: xx-small;\"><br \/>\n<\/span><span style=\"font-size: xx-small;\"> <span style=\"color: #ff0000;\">M\u00f3vil:<\/span><b> <\/b> 0230<\/span><span style=\"font-size: xx-small;\">-15-4584535<br \/>\n011-15-6096-4656 ID 558*3763<br \/>\n<\/span><span style=\"color: #ff0000; font-size: xx-small;\"> Skype:<\/span><span style=\"font-size: xx-small;\"> quasarcomunicacion<br \/>\n<\/span><span style=\"color: #ff0000; font-size: xx-small;\"> Twitter:<\/span><span style=\"font-size: xx-small;\"> @quasarpilar<br \/>\n<\/span><span style=\"color: #ff0000; font-size: xx-small;\"> Gr<\/span><span style=\"color: #ff0000; font-size: xx-small;\">upo y p\u00e1gina en Facebook: <\/span> <span style=\"color: #808080; font-size: xx-small;\">www.facebook.com\/<\/span><a href=\"mailto:mfipata@gmail.com\"><span style=\"font-size: xx-small;\">Quasar<\/span><\/a><span style=\"font-size: xx-small;\">Comunicacion<br \/>\n<\/span><span style=\"font-size: xx-small;\"> <span style=\"color: #ff0000;\">LinkedIn<\/span><b>: <\/b><\/span> <a title=\"Ver perfil p\u00fablico\" href=\"http:\/\/ar.linkedin.com\/pub\/mar%C3%83%C2%AD-a-fernanda-ipata\/a\/293\/212\"> <span style=\"font-size: xx-small;\"> http:\/\/ar.linkedin.com\/pub\/mar%C3%AD-a-fernanda-ipata\/a\/293\/212<\/span><\/a><span style=\"font-size: xx-small;\"><br \/>\n<\/span><span style=\"color: #ff0000; font-size: xx-small;\"> Web:<\/span><b><\/b> <a href=\"http:\/\/www.quasarcomunicacion.com.ar\/\"> <span style=\"font-size: xx-small;\">www.quasarcomunicacion.com.ar<\/span><\/a><span style=\"font-size: xx-small;\"><br \/>\n<\/span><span style=\"font-size: xx-small;\"> <span style=\"color: #ff0000;\">Mail<\/span><b>:<\/b><\/span><span style=\"font-size: xx-small;\"> <a href=\"mailto:fernanda@quasarcomunicacion.com.ar\"> fernanda@quasarcomunicacion.com.ar<\/a><br \/>\n<\/span><\/p>\n<hr \/>\n<p align=\"left\"><b> <span style=\"color: #ff0000; font-family: Verdana; font-size: small;\">Acerca del Polo Educativo Pilar<\/span><\/b><\/p>\n<p align=\"left\">\n<p>El\u00a0<b>Polo Educativo Pilar\u00a0<\/b>es una asociaci\u00f3n civil sin fines de lucro que fue fundada en el a\u00f1o 2002, que re\u00fane a instituciones educativas del Partido de Pilar y tiene como objetivo principal el promover y desarrollar la educaci\u00f3n, p\u00fablica y privada, en todo el distrito.<br \/>\nLa asociaci\u00f3n nace a partir de 1999 cuando los directivos de los j\u00f3venes colegios privados de Pilar, junto con los que llevaban m\u00e1s a\u00f1os en la ciudad, comienzan a reunirse para considerar sus problem\u00e1ticas comunes. Este hecho, in\u00e9dito en la educaci\u00f3n privada en la Argentina, alcanza un alto grado de sinergia cuando los Colegios deciden trazar un plan para convertir al Partido de Pilar en una localidad que sea conocida por su alto nivel educativo, tanto en las instituciones privadas como en las p\u00fablicas. Con esa idea, un grupo original de 14 Colegios de distintos niveles, funda el\u00a0<b>Polo Educativo Pilar<\/b>.<br \/>\nCabe destacar que entidad obtuvo su personer\u00eda jur\u00eddica en diciembre de 2004 bajo el Nro. 7000\/04 expedido por la Inspecci\u00f3n de Persona jur\u00eddica de la Provincia de Buenos Aires. En el a\u00f1o 2003 es declarada entidad de Bien P\u00fablico por el Municipio de Pilar por Decreto Municipal Nro. 6679\/2003.<\/p>\n<p align=\"center\">Acceso a toda la informaci\u00f3n e im\u00e1genes en alta definici\u00f3n ingresando en <a href=\"http:\/\/www.quasarcomunicacion.com.ar\/poloeducativo\"> <span style=\"font-size: small;\">www.quasarcomunicacion.com.ar\/poloeducativo<\/span><\/a><\/p>\n","protected":false},"excerpt":{"rendered":"<p>El\u00a0Polo Educativo Pilar\u00a0entreg\u00f3 los Premios al M\u00e9rito 2013 a los alumnos m\u00e1s destacados de escuelas p\u00fablicas y privadas de Pilar. [&hellip;]<\/p>\n","protected":false},"author":2,"featured_media":3430,"comment_status":"open","ping_status":"open","sticky":false,"template":"","format":"standard","meta":[],"categories":[2],"tags":[],"_links":{"self":[{"href":"https:\/\/quasarcomunicacion.com.ar\/web\/wp-json\/wp\/v2\/posts\/3428"}],"collection":[{"href":"https:\/\/quasarcomunicacion.com.ar\/web\/wp-json\/wp\/v2\/posts"}],"about":[{"href":"https:\/\/quasarcomunicacion.com.ar\/web\/wp-json\/wp\/v2\/types\/post"}],"author":[{"embeddable":true,"href":"https:\/\/quasarcomunicacion.com.ar\/web\/wp-json\/wp\/v2\/users\/2"}],"replies":[{"embeddable":true,"href":"https:\/\/quasarcomunicacion.com.ar\/web\/wp-json\/wp\/v2\/comments?post=3428"}],"version-history":[{"count":0,"href":"https:\/\/quasarcomunicacion.com.ar\/web\/wp-json\/wp\/v2\/posts\/3428\/revisions"}],"wp:featuredmedia":[{"embeddable":true,"href":"https:\/\/quasarcomunicacion.com.ar\/web\/wp-json\/wp\/v2\/media\/3430"}],"wp:attachment":[{"href":"https:\/\/quasarcomunicacion.com.ar\/web\/wp-json\/wp\/v2\/media?parent=3428"}],"wp:term":[{"taxonomy":"category","embeddable":true,"href":"https:\/\/quasarcomunicacion.com.ar\/web\/wp-json\/wp\/v2\/categories?post=3428"},{"taxonomy":"post_tag","embeddable":true,"href":"https:\/\/quasarcomunicacion.com.ar\/web\/wp-json\/wp\/v2\/tags?post=3428"}],"curies":[{"name":"wp","href":"https:\/\/api.w.org\/{rel}","templated":true}]}}