{"id":3386,"date":"2013-11-28T15:06:33","date_gmt":"2013-11-28T18:06:33","guid":{"rendered":"https:\/\/quasarcomunicacion.com.ar\/web\/?p=3386"},"modified":"2013-11-28T15:06:33","modified_gmt":"2013-11-28T18:06:33","slug":"la-asociacion-patrimonio-natural-participo-de-congreso-de-senderismo-en-mendoza","status":"publish","type":"post","link":"https:\/\/quasarcomunicacion.com.ar\/web\/la-asociacion-patrimonio-natural-participo-de-congreso-de-senderismo-en-mendoza\/","title":{"rendered":"La Asociaci\u00f3n Patrimonio Natural particip\u00f3 de Congreso de Senderismo en Mendoza"},"content":{"rendered":"<p style=\"text-align: left;\" align=\"center\"><i>\u00a0<\/i><span style=\"font-family: Verdana; font-size: small;\">La <b>Asociaci\u00f3n Patrimonio Natural del Pilar<\/b> particip\u00f3 del <b>Primer Congreso Argentino de Senderismo<\/b> que tuvo lugar en la provincia de Mendoza.<!--more--><\/span><\/p>\n<p><a href=\"https:\/\/quasarcomunicacion.com.ar\/web\/wp-content\/uploads\/2013\/11\/senderismo.gif\"><img class=\"aligncenter\" alt=\"senderismo\" src=\"https:\/\/quasarcomunicacion.com.ar\/web\/wp-content\/uploads\/2013\/11\/senderismo.gif\" \/><\/a><br \/>\n<span style=\"font-family: Verdana; font-size: small;\">Una experiencia sumamente enriquecedora, sobre la base de \u00abCaminar por placer por senderos se\u00f1alizados\u00bb, d\u00e1ndole una gran importancia al patrimonio natural y cultural.<\/span><br \/>\n<span style=\"font-family: Verdana; font-size: small;\">Los participantes de la instituci\u00f3n pilarense, indican que se toma la Educaci\u00f3n en estas Aulas a Cielo Abierto, como la gran oportunidad para lograr la reconecci\u00f3n del hombre con la naturaleza.<\/span><br \/>\n<span style=\"font-family: Verdana; font-size: small;\">Las presentaciones que se dieron en el Congreso fueron muy valiosas para avanzar en proyectos concretos dentro de la Gesti\u00f3n de la Reserva Natural del Pilar.<\/span><br \/>\n<img loading=\"lazy\" alt=\"\" src=\"http:\/\/www.quasarcomunicacion.com.ar\/reserva\/2013\/senderismo1.gif\" width=\"550\" height=\"413\" border=\"0\" \/><br \/>\n<span style=\"font-family: Verdana; font-size: small;\">Principalmente a partir de la disertaci\u00f3n de Sebasti\u00e1n Infante, de Senderos de Chile, se pudo comprobar que el trabajo realizado por <b>Patrimonio Natural<\/b>, se enmarca desde sus or\u00edgenes en actividades de Senderismo Patrimonial.<br \/>\nInfante marco algunos puntos a tener en cuenta:<\/span><br \/>\n<span style=\"font-family: Verdana; font-size: small;\">EL SENDERISMO PATRIMONIAL COMO HERRAMIENTA DE COMUNICACI\u00d3N, EDUCACION Y CONCIENCIA PUBLICA <\/span><br \/>\n<span style=\"font-family: Verdana; font-size: small;\">De acuerdo con las experiencias y evaluaciones se puede concluir que el senderismo Patrimonial act\u00faa como un eficaz medio de comunicaci\u00f3n y creaci\u00f3n de conciencia p\u00fablica sobre la importancia de la biodiversidad, el patrimonio y los valores asociados a un territorio, ya que: <\/span><br \/>\n<span style=\"font-family: Verdana; font-size: small;\">(1) Estando en \u00e1reas naturales, las personas pueden acercarse al conocimiento directo de la biodiversidad y a experimentar sensaciones de bienestar y encantamiento. S\u00f3lo se valora lo que se conoce. <\/span><br \/>\n<span style=\"font-family: Verdana; font-size: small;\">(2) La caminata en \u00e1reas naturales por senderos de baja dificultad produce una distensi\u00f3n en las personas, generando condiciones adecuadas para la percepci\u00f3n, el asombro y la curiosidad. <\/span><br \/>\n<span style=\"font-family: Verdana; font-size: small;\">(3) Un recorrido bien dise\u00f1ado, conducido por un elenco de gu\u00edas y educadores, genera una sensaci\u00f3n de seguridad y acogida que favorece una adecuada percepci\u00f3n. <\/span><br \/>\n<span style=\"font-family: Verdana; font-size: small;\">(4) Un gu\u00eda o educador no s\u00f3lo debe informar, en un sentido unilateral. Debe adecuarse al grupo y sus conocimientos previos; y ser capaz de provocar el di\u00e1logo y el trabajo colaborativo. Aunque debe poner en evidencia cr\u00edtica los factores que generan p\u00e9rdidas de biodiversidad, debe evitar el fomento de visiones catastrofistas y apocal\u00edpticas. <\/span><br \/>\n<span style=\"font-family: Verdana; font-size: small;\">(5) Deben destacarse las experiencias de conservaci\u00f3n de la diversidad biol\u00f3gica y de recuperaci\u00f3n de \u00e1reas degradadas. Estas experiencias son poco conocidas y valoradas por la sociedad, pero demuestran que existiendo voluntad y organizaci\u00f3n s\u00ed se pueden revertir las tendencias se\u00f1aladas. <\/span><br \/>\n<span style=\"font-family: Verdana; font-size: small;\">(6) La experiencia directa en el medio natural involucra los sentidos y el pensamiento de las personas, genera altos niveles de recordaci\u00f3n en sus vidas, y puede llegar a despertar cambios significativos en sus actitudes y h\u00e1bitos respecto del entorno. <\/span><br \/>\n<span style=\"font-family: Verdana; font-size: small;\">(7) La alta calidad de la experiencia en contacto con la naturaleza se transmite de boca en boca y a trav\u00e9s de las redes sociales. Los efectos son m\u00e1s dif\u00edciles de lograr con campa\u00f1as comunicacionales masivas o a trav\u00e9s del sistema de educaci\u00f3n formal. <\/span><br \/>\n<span style=\"font-family: Verdana; font-size: small;\">(8) En la medida que las actividades sean gratuitas o de bajo costo para los participantes, se facilita el di\u00e1logo y el encuentro de personas de distintas edades, intereses y condici\u00f3n socioecon\u00f3mica. <\/span><br \/>\n<span style=\"font-family: Verdana; font-size: small;\">Tambi\u00e9n tuvo una destacada presencia en el Congreso el Proyecto HUELLA ANDINA, as\u00ed como el Sendero Qhapaq \u00d1an , Caminando por la historia, que unir\u00eda 6 pa\u00edses y dentro de nuestro pa\u00eds 7 provincias<\/span><br \/>\n<span style=\"font-family: Verdana; font-size: small;\">Al regreso de tan importante actividad la Asociaci\u00f3n ya se encuentra trabajando en la elaboraci\u00f3n de una propuesta particular de senderismo, con otras instituciones de Buenos Aires.<\/span><br \/>\n<span style=\"font-family: Verdana; font-size: small;\">Todo esto en el marco de hacer realidad el lema de la Reserva que implica \u00abdiferentes formas de sentir la naturaleza\u00bb y la visi\u00f3n de Patrimonio Natural, desarrollar en la Comunidad sensibilidad hacia los temas ambientales generando personas activas y comprometidas con el respeto de los ritmos de la Naturaleza<\/span><\/p>\n<p align=\"left\"><span style=\"font-family: Verdana; font-size: small;\">Para m\u00e1s informaci\u00f3n visitar su fan page: <a href=\"http:\/\/www.facebook.com\/AsociacionPatrimonioNaturalDelPilar\"> www.facebook.com\/AsociacionPatrimonioNaturalDelPilar<\/a><\/span><span style=\"font-family: Verdana;\"> o comunicarse al: 011-15-5052-7846 Enviar un mail a: <a href=\"mailto:patrimonionatural@gamil.com\"> patrimonionatural@gmail.com<\/a><\/span><\/p>\n","protected":false},"excerpt":{"rendered":"<p>\u00a0La Asociaci\u00f3n Patrimonio Natural del Pilar particip\u00f3 del Primer Congreso Argentino de Senderismo que tuvo lugar en la provincia de [&hellip;]<\/p>\n","protected":false},"author":2,"featured_media":3387,"comment_status":"open","ping_status":"open","sticky":false,"template":"","format":"standard","meta":[],"categories":[2],"tags":[],"_links":{"self":[{"href":"https:\/\/quasarcomunicacion.com.ar\/web\/wp-json\/wp\/v2\/posts\/3386"}],"collection":[{"href":"https:\/\/quasarcomunicacion.com.ar\/web\/wp-json\/wp\/v2\/posts"}],"about":[{"href":"https:\/\/quasarcomunicacion.com.ar\/web\/wp-json\/wp\/v2\/types\/post"}],"author":[{"embeddable":true,"href":"https:\/\/quasarcomunicacion.com.ar\/web\/wp-json\/wp\/v2\/users\/2"}],"replies":[{"embeddable":true,"href":"https:\/\/quasarcomunicacion.com.ar\/web\/wp-json\/wp\/v2\/comments?post=3386"}],"version-history":[{"count":0,"href":"https:\/\/quasarcomunicacion.com.ar\/web\/wp-json\/wp\/v2\/posts\/3386\/revisions"}],"wp:featuredmedia":[{"embeddable":true,"href":"https:\/\/quasarcomunicacion.com.ar\/web\/wp-json\/wp\/v2\/media\/3387"}],"wp:attachment":[{"href":"https:\/\/quasarcomunicacion.com.ar\/web\/wp-json\/wp\/v2\/media?parent=3386"}],"wp:term":[{"taxonomy":"category","embeddable":true,"href":"https:\/\/quasarcomunicacion.com.ar\/web\/wp-json\/wp\/v2\/categories?post=3386"},{"taxonomy":"post_tag","embeddable":true,"href":"https:\/\/quasarcomunicacion.com.ar\/web\/wp-json\/wp\/v2\/tags?post=3386"}],"curies":[{"name":"wp","href":"https:\/\/api.w.org\/{rel}","templated":true}]}}