{"id":3339,"date":"2013-11-19T15:29:29","date_gmt":"2013-11-19T18:29:29","guid":{"rendered":"https:\/\/quasarcomunicacion.com.ar\/web\/?p=3339"},"modified":"2013-11-19T15:29:29","modified_gmt":"2013-11-19T18:29:29","slug":"la-asociacion-civil-carpe-diem-realiza-festival-por-el-dia-de-la-musica","status":"publish","type":"post","link":"https:\/\/quasarcomunicacion.com.ar\/web\/la-asociacion-civil-carpe-diem-realiza-festival-por-el-dia-de-la-musica\/","title":{"rendered":"La Asociaci\u00f3n Civil Carpe Diem realiza Festival por el D\u00eda de la M\u00fasica"},"content":{"rendered":"<p style=\"text-align: left;\" align=\"center\"><i style=\"font-family: Verdana; font-size: small;\"><\/i><span style=\"font-family: Verdana; font-size: small;\">El d\u00eda viernes 22 de noviembre, a las 20 horas, en el auditorio de la Biblioteca Popular Bartolom\u00e9 Mitre (Belgrano 553, Pilar)\u00a0<\/span><span style=\"font-family: Verdana; font-size: small;\">la Asociaci\u00f3n Civil Carpe Diem festejar\u00e1 el D\u00eda de la M\u00fasica con un festival.<!--more--><\/span><\/p>\n<p><a href=\"https:\/\/quasarcomunicacion.com.ar\/web\/wp-content\/uploads\/2013\/11\/musica.gif\"><img class=\"aligncenter\" alt=\"musica\" src=\"https:\/\/quasarcomunicacion.com.ar\/web\/wp-content\/uploads\/2013\/11\/musica.gif\" \/><\/a><br \/>\n<span style=\"font-family: Verdana; font-size: small;\">Las entradas anticipadas tendr\u00e1n un valor de 40 pesos, y en puerta valdr\u00e1n 50 pesos. Aquellos que sean socios de la Asociaci\u00f3n Civil Carpe Diem contar\u00e1n con un beneficio del 2&#215;1. <\/span><br \/>\n<span style=\"font-family: Verdana; font-size: small;\">Las entradas anticipadas pueden adquirirse escribiendo a diegomantuani@gmail.com o en la sede de la Biblioteca Popular Bartolom\u00e9 Mitre de lunes a viernes de 9 a 17 horas. Tel\u00e9fono: (0230)-4431818, e-mail de contacto: bibliotecapilar@yahoo.com.ar <\/span><br \/>\n<span style=\"font-family: Verdana; font-size: small;\">Participar\u00e1n del evento los siguientes int\u00e9rpretes: <\/span><br \/>\n<span style=\"font-family: Verdana; font-size: small;\">1) Juan Cruz Shewarek (Guitarra)<br \/>\n-Invenci\u00f3n N\u00b08 (J.S.Bach)<br \/>\n-Midnight (J.Satriani)<br \/>\n-Tema de Jeff Beck <\/span><br \/>\n<span style=\"font-family: Verdana; font-size: small;\">2) Florencia Murray (Viol\u00edn)<br \/>\n-Twinkle, twinkle, Little star (Cancion folcl\u00f3rica)<br \/>\n-Lightly Row (Cancion folcl\u00f3rica) <\/span><br \/>\n<span style=\"font-family: Verdana; font-size: small;\">3) Alejandro Dalbene (Viol\u00edn)<br \/>\n-Lightly Row (Cancion folcl\u00f3rica)<br \/>\n-Go tell aunt Rhody (Cancion folcl\u00f3rica) <\/span><br \/>\n<span style=\"font-family: Verdana; font-size: small;\">4) Gustavo Lundberg (Viol\u00edn)<br \/>\n-Waltz (J.Brahms)<br \/>\n-Bouree (G.F.Haendel) <\/span><br \/>\n<span style=\"font-family: Verdana; font-size: small;\">5) Gerardo Gomez (Viol\u00edn)<br \/>\n-Allegro (S.Suzuki)<br \/>\n-Perpetual motion (S.Suzuki) <\/span><br \/>\n<span style=\"font-family: Verdana; font-size: small;\">6) Lorena Martinez (Viol\u00edn)<br \/>\n-Etude en GM (S.Suzuki)<br \/>\n-Minuet N\u00b01 (J.S.Bach) <\/span><br \/>\n<span style=\"font-family: Verdana; font-size: small;\">7) Julieta Lezcano (Viol\u00edn)<br \/>\n-The Happy Farmer (R.Schumann)<br \/>\n-Coro de \u201cJudas Macabeo\u201d (G.F.Haendel) <\/span><br \/>\n<span style=\"font-family: Verdana; font-size: small;\">8) Marisol Anze (Viol\u00edn)<br \/>\n-Melodia en Em (N.Laoureaux)<br \/>\n-Waltz (J.Brahms)<br \/>\n-Bouree (G.F.Haendel) <\/span><br \/>\n<span style=\"font-family: Verdana; font-size: small;\">9) Mercedes Romano (Viol\u00edn)<br \/>\n-Andantino (N.Laoureaux)<br \/>\n-Musette (J.Bach) <\/span><br \/>\n<span style=\"font-family: Verdana; font-size: small;\">10) Valeria Laura (Viol\u00edn)<br \/>\n&#8211; Melodia en Em (N.Laoureaux)<br \/>\n-Gavotte en La menor (P.Martini) <\/span><br \/>\n<span style=\"font-family: Verdana; font-size: small;\">11) Julian Toro (Viol\u00edn)<br \/>\n-Shepherd\u00b4s Song (Kreutzer)<br \/>\n-Rondo (J.Pleyel)<br \/>\n-Duo en Sol Mayor (Kalliwoda) <\/span><br \/>\n<span style=\"font-family: Verdana; font-size: small;\">12) Malena Tejeda Miranda (Viol\u00edn)<br \/>\n-Meditacion de Thais (J.Massenet)<br \/>\n-Concierto para violin en La menor, 1er y 2do movimientos (A.Vivaldi)<br \/>\nPiano: Marcelo Ogloblin <\/span><br \/>\n<span style=\"font-family: Verdana; font-size: small;\">13) Yamila Balderrama Sudan (Viol\u00edn)<br \/>\n-Concierto para dos violines en Re menor, 1er y 2do movimientos (J.S.Bach)<br \/>\nPiano: Mariela Herou <\/span><br \/>\n<span style=\"font-family: Verdana; font-size: small;\">14) Javier Mi\u00f1io (Laud renacentista)<br \/>\n-Fantasia (Francesco Da Milano)<br \/>\n-Pavana alla Veneciana ( Judenkunig &#8211; Dalza)<br \/>\n-Pavana alla Espa\u00f1ola (Fuenllana)<br \/>\n-Praeludium (J. Dowland) <\/span><br \/>\n<span style=\"font-family: Verdana; font-size: small;\">15) Marcelo Ogloblin (Piano)<br \/>\n-Satin Doll (D.Ellington)<br \/>\n-Sin ti -Tango (M.Ogloblin) <\/span><br \/>\n<span style=\"font-family: Verdana; font-size: small;\">16) Brenda Dorsch (Piano)<br \/>\n-Sonata al Claro de Luna Op.27, N\u00b02-1er Mov. (L.V.Beethoven)<br \/>\n-Fantasia en Re Menor K397 (W.A.Mozart)<br \/>\n-Nocturno en Mib Mayor Op.9 N\u00b02 (F.Chopin)<br \/>\n&#8211; Nocturno en Do# Menor Op.Postumo (F.Chopin) <\/span><br \/>\n<span style=\"font-family: Verdana; font-size: small;\">17) Cuarteto de cuerdas \u201cCarpe Diem\u201d<br \/>\nDiego Humberto Mantuani, Viol\u00edn<br \/>\nYamila Balderrama Sudan, Viol\u00edn<br \/>\nGabriela Gonzalez, Cello<br \/>\nJorge Raul Manfredini, Viola<br \/>\n-Aria en la cuerda de Sol (J.S.Bach)<br \/>\n-Concierto \u201cAlla rustica\u201d (A.Vivaldi)<br \/>\n-Verano Porte\u00f1o (A.Piazzolla)<br \/>\n-Una peque\u00f1a m\u00fasica nocturna (W.A.Mozart) <\/span><br \/>\n<span style=\"font-family: Verdana; font-size: small;\">18) Los \u201cAlegres musiqueros\u201d<br \/>\nSofia Hess, Tom\u00e1s Albarrac\u00edn, Maitena Cantero, Santiago Gonz\u00e1les Allende. Selecci\u00f3n de temas de rock y pop. <\/span><br \/>\n<span style=\"font-family: Verdana; font-size: small;\">El Festival cuenta con el apoyo de Qu\u00e1sar Comunicaci\u00f3n (www.quasarcomunicacion.com.ar(, Pilar GPS la gu\u00eda digital de productos y servicios (www.pilargps.com.ar), el Diario Regional de Pilar, TEVSA Ingenier\u00eda &amp; Construcciones, Gast\u00f3n Ruzo Propiedades, la Asociaci\u00f3n Civil Carpe Diem, La Loma Servicentro, M\u00fasica Pilar, N\u00e9lida Micelli y Guzm\u00e1n Arquitectura.<\/span><br \/>\n<span style=\"font-size: small;\"><b><i><span style=\"font-family: Arial;\">Por otras im\u00e1genes, audios o entrevistas no dude en contactarse<\/span><\/i><\/b><\/span><\/p>\n<p align=\"right\"><strong> <span style=\"color: #ff0000; font-family: Arial; font-size: small;\">Camila Sarmiento<br \/>\n<\/span><\/strong> <span style=\"font-size: medium;\"><strong> <span style=\"color: #808080; font-family: Arial; font-size: small;\"> Qu\u00e1sar Comunicaci\u00f3n<br \/>\n<\/span> <\/strong><\/span> <span style=\"font-size: xx-small;\"><span style=\"color: #ff0000;\"> Directo<\/span><b>: <\/b> 0230<\/span><span style=\"font-size: xx-small;\">-4664772<\/span><span style=\"font-size: xx-small;\"><br \/>\n<\/span><span style=\"font-size: xx-small;\"> <span style=\"color: #ff0000;\">M\u00f3vil:<\/span><b> <\/b> 0230<\/span><span style=\"font-size: xx-small;\">-15-4584535<br \/>\n011-15-6096-4656 ID 558*3763<br \/>\n<\/span><span style=\"color: #ff0000; font-size: xx-small;\"> Skype:<\/span><span style=\"font-size: xx-small;\"> quasarcomunicacion<br \/>\n<\/span><span style=\"color: #ff0000; font-size: xx-small;\"> Twitter:<\/span><span style=\"font-size: xx-small;\"> @quasarpilar<br \/>\n<\/span><span style=\"color: #ff0000; font-size: xx-small;\"> Gr<\/span><span style=\"color: #ff0000; font-size: xx-small;\">upo y p\u00e1gina en Facebook: <\/span> <span style=\"color: #808080; font-size: xx-small;\">www.facebook.com\/<\/span><a href=\"mailto:mfipata@gmail.com\"><span style=\"font-size: xx-small;\">Quasar<\/span><\/a><span style=\"font-size: xx-small;\">Comunicacion<br \/>\n<\/span><span style=\"color: #ff0000; font-size: xx-small;\"> Web:<\/span><b><\/b> <a href=\"http:\/\/www.quasarcomunicacion.com.ar\/\"> <span style=\"font-size: xx-small;\">www.quasarcomunicacion.com.ar<\/span><\/a><span style=\"font-size: xx-small;\"><br \/>\n<\/span><span style=\"font-size: xx-small;\"> <span style=\"color: #ff0000;\">Mail<\/span><b>:<\/b><\/span><span style=\"font-size: xx-small;\"> asistente@quasarcomunicacion.com.ar<\/span><\/p>\n","protected":false},"excerpt":{"rendered":"<p>El d\u00eda viernes 22 de noviembre, a las 20 horas, en el auditorio de la Biblioteca Popular Bartolom\u00e9 Mitre (Belgrano [&hellip;]<\/p>\n","protected":false},"author":2,"featured_media":3340,"comment_status":"open","ping_status":"open","sticky":false,"template":"","format":"standard","meta":[],"categories":[2],"tags":[],"_links":{"self":[{"href":"https:\/\/quasarcomunicacion.com.ar\/web\/wp-json\/wp\/v2\/posts\/3339"}],"collection":[{"href":"https:\/\/quasarcomunicacion.com.ar\/web\/wp-json\/wp\/v2\/posts"}],"about":[{"href":"https:\/\/quasarcomunicacion.com.ar\/web\/wp-json\/wp\/v2\/types\/post"}],"author":[{"embeddable":true,"href":"https:\/\/quasarcomunicacion.com.ar\/web\/wp-json\/wp\/v2\/users\/2"}],"replies":[{"embeddable":true,"href":"https:\/\/quasarcomunicacion.com.ar\/web\/wp-json\/wp\/v2\/comments?post=3339"}],"version-history":[{"count":0,"href":"https:\/\/quasarcomunicacion.com.ar\/web\/wp-json\/wp\/v2\/posts\/3339\/revisions"}],"wp:featuredmedia":[{"embeddable":true,"href":"https:\/\/quasarcomunicacion.com.ar\/web\/wp-json\/wp\/v2\/media\/3340"}],"wp:attachment":[{"href":"https:\/\/quasarcomunicacion.com.ar\/web\/wp-json\/wp\/v2\/media?parent=3339"}],"wp:term":[{"taxonomy":"category","embeddable":true,"href":"https:\/\/quasarcomunicacion.com.ar\/web\/wp-json\/wp\/v2\/categories?post=3339"},{"taxonomy":"post_tag","embeddable":true,"href":"https:\/\/quasarcomunicacion.com.ar\/web\/wp-json\/wp\/v2\/tags?post=3339"}],"curies":[{"name":"wp","href":"https:\/\/api.w.org\/{rel}","templated":true}]}}