{"id":319,"date":"2012-05-02T15:20:33","date_gmt":"2012-05-02T15:20:33","guid":{"rendered":"http:\/\/quasarcomunicacion.wordpress.com\/?p=319"},"modified":"2012-05-02T15:20:33","modified_gmt":"2012-05-02T15:20:33","slug":"tributo-a-arjona-en-pilar-point","status":"publish","type":"post","link":"https:\/\/quasarcomunicacion.com.ar\/web\/tributo-a-arjona-en-pilar-point\/","title":{"rendered":"Tributo a Arjona en Pilar Point"},"content":{"rendered":"<p style=\"text-align:left;\" align=\"center\"><span style=\"font-size:small;\">El pr\u00f3ximo viernes 11 de mayo a las 22 hs, <strong>Pilar Point <\/strong>recibe en Dolce Kaf\u00e9 el <strong>Tributo a Arjona \u00abUna noche diferente\u00bb<\/strong>. <strong>Pilar Point<\/strong> est\u00e1 ubicado en Estanislao L\u00f3pez esquina Ituzaing\u00f3, Pilar. Reservas anticipadas al 0230-4664666 \u00f3 011-15-6093-6661<\/span><\/p>\n<p style=\"text-align:left;\" align=\"center\"><span style=\"font-size:small;\"><img loading=\"lazy\" src=\"http:\/\/www.quasarcomunicacion.com.ar\/pilarpoint\/2012\/arjona.gif\" alt=\"\" width=\"490\" height=\"326\" \/><!--more-->Esa noche habr\u00e1 pizza libre, el derecho al show m\u00e1s la pizza libre tendr\u00e1 un costo de 50 pesos (no incluye bebida). Estacionamiento sin cargo. Seguridad.<\/span><\/p>\n<p><span style=\"font-size:small;\"> El protagonista del show ser\u00e1 Dany Couchot, quien con apenas 8 a\u00f1os y su guitarra en mano, daba sus primeros pasos, tocando en las misas domingueras de su ciudad que lo vio crecer, Laferrere y siempre siendo el centro de atenci\u00f3n de las reuniones familiares y amigos; para ese entonces el so\u00f1aba con pisar los escenarios.<\/span><br \/>\n<img loading=\"lazy\" src=\"http:\/\/www.quasarcomunicacion.com.ar\/pilarpoint\/2012\/arjona1.gif\" alt=\"\" width=\"490\" height=\"356\" \/><br \/>\n<span style=\"font-size:small;\"> Escuch\u00f3 en 1987 su primera canci\u00f3n de Arjona, y comenz\u00f3 a investigar qui\u00e9n era, pudiendo en 1995 conocerlo, y compartir 2 horas de charla y guitarreada en el Sheraton de Buenos Aires.<\/span><br \/>\n<span style=\"font-size:small;\"> En el a\u00f1o 2001, fue invitado a compartir escenario del Gran Rex, en la presentaci\u00f3n del disco Galer\u00eda Caribe. As\u00ed Dany Couchot, fue mechando todos esos a\u00f1os, consagr\u00e1ndose en homenaje al guatemalteco por el cari\u00f1o y apoyo de sus fans.<\/span><br \/>\n<span style=\"font-size:small;\"> Dany Couchot lleva ya realizados tres discos dedicados al Maestro: \u00ab4 a\u00f1os\u00bb, \u00abCanto, vivo, existo\u00bb y \u00abM\u00e1s \u00edntimo que nunca\u00bb.<\/span><br \/>\n<span style=\"font-size:small;\"> Lleva su quinta temporada consecutiva en Bonanza De San Bernardo, haciendo explotar la taquilla en todas sus presentaciones. Algunos de sus viajes incluyen San Juan, Mendoza, Parana, Santa Fe y C\u00f3rdoba, aparte de realizar todos los fines de semana shows por todo Bs As.<\/span><br \/>\n<span style=\"font-size:small;\"> El 6 de marzo del 2011 realiz\u00f3 una nota para Clar\u00edn y el 30 de marzo estuvo en el programa \u00abBendita\u00bb de Beto Casella. Tambi\u00e9n particip\u00f3 en \u00abS\u00e1bado Show\u00bb (Canal 13) en \u00abTu Minuto de gloria\u00bb, ganando la primera ronda. Actualmente se encuentra preparando su trabajo in\u00e9dito, del cual ya se conoce \u00abViviendo al rev\u00e9s\u00bb, \u00abVeneno\u00bb y \u00abA la hora de comer\u00bb.<\/span><br \/>\n<span style=\"font-size:small;\"> Todas las novedades de <strong>Pilar Point<\/strong> en <a href=\"http:\/\/www.facebook.com\/pilarpoint\"> www.facebook.com\/pilarpoint<\/a> <\/span><br \/>\n<span style=\"font-size:small;\"> M\u00e1s informaci\u00f3n escribiendo a <a href=\"mailto:info@pilarpoint.com.ar\">info@pilarpoint.com.ar<\/a> o llamando al 0230-4664700.\u00a0<\/span><\/p>\n","protected":false},"excerpt":{"rendered":"<p>El pr\u00f3ximo viernes 11 de mayo a las 22 hs, Pilar Point recibe en Dolce Kaf\u00e9 el Tributo a Arjona [&hellip;]<\/p>\n","protected":false},"author":2,"featured_media":0,"comment_status":"open","ping_status":"open","sticky":false,"template":"","format":"standard","meta":[],"categories":[2],"tags":[],"_links":{"self":[{"href":"https:\/\/quasarcomunicacion.com.ar\/web\/wp-json\/wp\/v2\/posts\/319"}],"collection":[{"href":"https:\/\/quasarcomunicacion.com.ar\/web\/wp-json\/wp\/v2\/posts"}],"about":[{"href":"https:\/\/quasarcomunicacion.com.ar\/web\/wp-json\/wp\/v2\/types\/post"}],"author":[{"embeddable":true,"href":"https:\/\/quasarcomunicacion.com.ar\/web\/wp-json\/wp\/v2\/users\/2"}],"replies":[{"embeddable":true,"href":"https:\/\/quasarcomunicacion.com.ar\/web\/wp-json\/wp\/v2\/comments?post=319"}],"version-history":[{"count":0,"href":"https:\/\/quasarcomunicacion.com.ar\/web\/wp-json\/wp\/v2\/posts\/319\/revisions"}],"wp:attachment":[{"href":"https:\/\/quasarcomunicacion.com.ar\/web\/wp-json\/wp\/v2\/media?parent=319"}],"wp:term":[{"taxonomy":"category","embeddable":true,"href":"https:\/\/quasarcomunicacion.com.ar\/web\/wp-json\/wp\/v2\/categories?post=319"},{"taxonomy":"post_tag","embeddable":true,"href":"https:\/\/quasarcomunicacion.com.ar\/web\/wp-json\/wp\/v2\/tags?post=319"}],"curies":[{"name":"wp","href":"https:\/\/api.w.org\/{rel}","templated":true}]}}