{"id":3184,"date":"2013-11-01T16:46:44","date_gmt":"2013-11-01T19:46:44","guid":{"rendered":"https:\/\/quasarcomunicacion.com.ar\/web\/?p=3184"},"modified":"2013-11-01T16:46:44","modified_gmt":"2013-11-01T19:46:44","slug":"un-viaje-sonoro-de-bach-a-piazzolla-en-beneficio-del-hogar-de-ancianos-silvio-braschi","status":"publish","type":"post","link":"https:\/\/quasarcomunicacion.com.ar\/web\/un-viaje-sonoro-de-bach-a-piazzolla-en-beneficio-del-hogar-de-ancianos-silvio-braschi\/","title":{"rendered":"Un viaje sonoro de Bach a Piazzolla en beneficio del Hogar de Ancianos Silvio Braschi"},"content":{"rendered":"<p style=\"text-align: left;\" align=\"center\"><i style=\"font-family: Verdana; font-size: small;\"><\/i><span style=\"font-family: Verdana; font-size: small;\">El s\u00e1bado 9 de noviembre a las 19 horas, en la Sede de Pilar de la Biblioteca de la Universidad del Salvador (Calle Champagnat 1599, Ruta Panamericana -Acceso Norte \u2013Km. 54,5) se desarrollar\u00e1 el concierto<\/span><b style=\"font-family: Verdana; font-size: small;\"> \u201cUn viaje sonoro de Bach a Piazzolla\u201d<\/b><span style=\"font-family: Verdana; font-size: small;\">, interpretado por Diego Humberto Mantuani en viol\u00edn y Mariela Herou en el piano.<!--more--><\/span><\/p>\n<p><a href=\"https:\/\/quasarcomunicacion.com.ar\/web\/wp-content\/uploads\/2013\/11\/heroum.jpg\"><img class=\"aligncenter\" alt=\"heroum\" src=\"https:\/\/quasarcomunicacion.com.ar\/web\/wp-content\/uploads\/2013\/11\/heroum.jpg\" \/><\/a><br \/>\n<span style=\"font-family: Verdana; font-size: small;\">Para contactarse con la sede de la Biblioteca llamar al (0230) 443-1260\/63 interno 2818 o bien enviar un e-mail a uds-bibpil@usal.edu.ar <\/span><br \/>\n<span style=\"font-family: Verdana; font-size: small;\">El evento se realizar\u00e1 a beneficio del Hogar de Ancianos Silvio Braschi (Tucuman 710, -esquina San Mart\u00edn- Pilar). La propuesta es que la entrada consista en llevar un alimento no perecedero, ya sea: az\u00facar, yerba, mermeladas, dulce de leche, fideos, arroz, etc; o bien un art\u00edculo de limpieza, como pueden ser detergente, lavandina, desinfectante de pisos, papel higi\u00e9nico, etc.<\/span><br \/>\n<span style=\"font-family: Verdana; font-size: small;\">Fiel a su t\u00edtulo, el concierto constar\u00e1 de un repertorio musical que incluir\u00e1 obras de Bach, Veracini, Mozart, Massenet, Schubert, Beethoven, Kreisler y Piazzolla.<\/span><br \/>\n<span style=\"font-family: Verdana; font-size: small;\">El programa se dividir\u00e1 en dos partes:<\/span><br \/>\n<span style=\"font-family: Verdana; font-size: small;\"><b>Primera Parte:<\/b><br \/>\n-Ave Maria (J.S.Bach)<br \/>\n-Aria en la Cuerda de Sol (J.S.Bach)<br \/>\n-Sonata para violin y piano en Mi menor (F.M.Veracini):<br \/>\n.Largo<br \/>\n.Allegro con fuoco<br \/>\n.Menuet<br \/>\n.Gavotta-Allegro<br \/>\n.Giga-Presto<br \/>\n-Sonata para violin y piano en Mi menor K304 (W.A.Mozart)<br \/>\n.Allegro<br \/>\n.Tempo di Menuetto<\/span><br \/>\n<span style=\"font-family: Verdana; font-size: small;\"><b>Segunda parte:<\/b><br \/>\n-Meditacion de Thais (J.Massenet)<br \/>\n-Sonata N\u00b05 en Fa Mayor \u00abLa primavera\u00bb Op.24 (L.V.Beethoven)<br \/>\n.Allegro<br \/>\n.Adagio molto espressivo<br \/>\n.Scherzo-Allegro molto<br \/>\n.Rondo-Allegro ma non troppo<br \/>\n-Adios Nonino (A.Piazzolla)<br \/>\n-Ave Maria (Schubert)<\/span><br \/>\n<span style=\"font-family: Verdana; font-size: small;\">Hoy por hoy, el Hogar necesita la ayuda de contribuyentes para la compra de un elevador de pacientes el\u00e9ctrico y el arn\u00e9s, imprescindibles para movilizar abuelos postrados. El valor estimado del mismo es de 10.000 pesos. Los interesados en colaborar pueden comunicarse con el hogar enviando un e-mail a <a href=\"mailto:hogarsilviobraschi@hotmail.com\"> hogarsilviobraschi@hotmail.com<\/a> <\/span><br \/>\n<b><span style=\"font-family: Verdana; font-size: small;\">Acerca de Mariela Herou<\/span><\/b><br \/>\n<span style=\"font-family: Verdana; font-size: xx-small;\"> Profesorado de m\u00fasica (Conservatorio Falleri-Balzo). <\/span><br \/>\n<span style=\"font-family: Verdana; font-size: xx-small;\">&#8211; Licenciatura en musicolog\u00eda (Facultad de Humanidades y Cs. Sociales de Montevideo). <\/span><br \/>\n<span style=\"font-family: Verdana; font-size: xx-small;\">&#8211; Seminarios sobre estilos musicales a cargo maestro H\u00e9ctor Tosar <\/span><br \/>\n<span style=\"font-family: Verdana; font-size: xx-small;\">(Universidad Cat\u00f3lica de Montevideo). <\/span><br \/>\n<span style=\"font-family: Verdana; font-size: xx-small;\">&#8211; Perfeccionamiento en piano (Collegium Musicum de Buenos Aires). <\/span><br \/>\n<span style=\"font-family: Verdana; font-size: xx-small;\">&#8211; M\u00fasica de c\u00e1mara (Solistas de la Camerata Bariloche M\u00f3nica Kosachov y Tom\u00e1s Tichauer). <\/span><br \/>\n<span style=\"font-family: Verdana; font-size: xx-small;\">&#8211; M\u00fasica de c\u00e1mara (Alberto Lysy). <\/span><br \/>\n<span style=\"font-family: Verdana; font-size: xx-small;\">&#8211; Seminario sobre Suite (Mario Videla y Ana Yepes). <\/span><br \/>\n<span style=\"font-family: Verdana; font-size: xx-small;\">&#8211; Interpretaci\u00f3n musical (Miguel Angel Estrella). <\/span><br \/>\n<span style=\"font-family: Verdana; font-size: xx-small;\">&#8211; Interpretaci\u00f3n sobre Jazz con Santiago Giacove (ex pianista de Astor Piazzolla). <\/span><br \/>\n<span style=\"font-family: Verdana; font-size: xx-small;\">&#8211; Taller de interpretaci\u00f3n con Bobby Mc Ferrin <\/span><br \/>\n<span style=\"font-family: Verdana; font-size: xx-small;\">&#8211; Magister en el modelo Benenzon de Musicoterapia <\/span><br \/>\n<span style=\"font-family: Verdana; font-size: xx-small;\"><b>Actuaciones<\/b>: <\/span><br \/>\n<span style=\"font-family: Verdana; font-size: xx-small;\">Como pianista integrante del conjunto de m\u00fasica de c\u00e1mara Scherzando con actuaciones en: <\/span><br \/>\n<span style=\"font-family: Verdana; font-size: xx-small;\">Buenos Aires:<br \/>\nTeatro San Mart\u00edn.<br \/>\nCentro Cultural La Recoleta.<br \/>\nHotel Alvear para el cuerpo diplom\u00e1tico acreditado en la Argentina.<br \/>\nComplejo La Plaza.<br \/>\nPatio Bullrich.<br \/>\nCaf\u00e9 Mozart.<br \/>\nClub Italiano,Circulo Italiano<br \/>\nIglesia Metodista, entre otros.<br \/>\nEl interior:<br \/>\nSan Pedro, Santa Fe, Olavarr\u00eda y Mercedes.<br \/>\nEn Uruguay: Montevideo, Mercedes (Dpto de Soriano), Artigas y Colonia. <\/span><br \/>\n<span style=\"font-family: Verdana; font-size: xx-small;\">Y presentaciones en:<br \/>\nRadio Nacional.<br \/>\nRadio Municipal.<br \/>\nRadio del Plata.<br \/>\nRadio Cl\u00e1sica.<br \/>\nCanal 2 La Plata.<br \/>\nRadio Carve de Montevideo.<br \/>\nLa Voz de las Am\u00e9ricas, emitido por la Embajada de los EEUU.<\/span><br \/>\n<b><span style=\"font-family: Verdana; font-size: small;\">Acerca de Diego Mantuani<\/span><\/b><br \/>\n<span style=\"font-family: Verdana; font-size: xx-small;\"> Naci\u00f3 en Buenos Aires en el a\u00f1o 1981. A la edad de 12 a\u00f1os inicio sus estudios de guitarra cl\u00e1sica con el maestro Arnaldo Balocco, iniciando luego sus estudios de viol\u00edn con el maestro Alejandro Beraldi &#8211; integrante de la Orquesta Estable del Teatro Col\u00f3n- en el Conservatorio Nacional L\u00f3pez Buchardo. Al mismo tiempo ha tomado clases de armon\u00eda y composici\u00f3n con el maestro Roque De Pedro y continuado su perfeccionamiento violin\u00edstico con el maestro Abraham Bucchalter &#8211; Ex integrante de la Orquesta Sinf\u00f3nica Nacional.<br \/>\nActualmente contin\u00faa sus estudios de perfeccionamiento t\u00e9cnico e interpretativo bajo la tutela del maestro Julio Zoppi (Orquesta Estable del Teatro Colon, Orquesta Sinf\u00f3nica Nacional, Camerata Bariloche, Becario del Cleveland Institute of Music).<br \/>\nHa integrado diversos conjuntos de c\u00e1mara y las siguientes orquestas: Orquesta de C\u00e1mara Juvenil de Buenos Aires, Orquesta Acad\u00e9mica del Teatro Colon, Orquesta Acad\u00e9mica de Buenos Aires, Orquesta Sinf\u00f3nica de la Universidad del Salvador y la Orquesta Sinf\u00f3nica de la Facultad de Medicina.<br \/>\nEn el a\u00f1o 2011 fue convocado integrar el sexteto t\u00edpico de tango \u201cLa Ganz\u00faa\u201d, dirigido por Hector Bacci.<br \/>\nEn Julio de ese mismo a\u00f1o fue seleccionado entre violinistas de Argentina y de pa\u00edses lim\u00edtrofes para participar como alumno activo en el primer Curso Internacional de M\u00fasica de C\u00e1mara llevado a cabo en la ciudad de Formosa, el cual fue dictado por los maestros Peter Thomas (Viol\u00edn-Director), Alan Kovacs (Viola), Eduardo Vasallo (Violoncello) y Maria Cristina Filoso (piano).<br \/>\nEn 2012 toco form\u00f3 d\u00fao junto a los pianistas Walter Marcelo Ogloblin y Marcela Cerrutti.<br \/>\nEn el mes de Agosto de 2012 funda la Orquesta de Camara Carpe Diem (OCCD), integrada por alumnos particulares y profesores colegas.<br \/>\nAsimismo, colabora como columnista con la revista ABC Cooltural desde el a\u00f1o 2010.<br \/>\nCon gran pasi\u00f3n por la docencia, se desempe\u00f1a como profesor de viol\u00edn, guitarra, teor\u00eda y solfeo en el \u00e1mbito privado y particular, desde el a\u00f1o 1999 a la actualidad.<\/span><br \/>\n<span style=\"font-size: small;\"><b><i><span style=\"font-family: Arial;\">Por otras im\u00e1genes, audios o entrevistas no dude en contactarse<\/span><\/i><\/b><\/span><\/p>\n<p align=\"right\"><strong> <span style=\"color: #ff0000; font-family: Arial; font-size: small;\">Camila Sarmiento<br \/>\n<\/span><\/strong> <span style=\"font-size: medium;\"><strong> <span style=\"color: #808080; font-family: Arial; font-size: small;\"> Qu\u00e1sar Comunicaci\u00f3n<br \/>\n<\/span> <\/strong><\/span> <span style=\"font-size: xx-small;\"><span style=\"color: #ff0000;\"> Directo<\/span><b>: <\/b> 0230<\/span><span style=\"font-size: xx-small;\">-4664772<\/span><span style=\"font-size: xx-small;\"><br \/>\n<\/span><span style=\"font-size: xx-small;\"> <span style=\"color: #ff0000;\">M\u00f3vil:<\/span><b> <\/b> 0230<\/span><span style=\"font-size: xx-small;\">-15-4584535<br \/>\n011-15-6096-4656 ID 558*3763<br \/>\n<\/span><span style=\"color: #ff0000; font-size: xx-small;\"> Skype:<\/span><span style=\"font-size: xx-small;\"> quasarcomunicacion<br \/>\n<\/span><span style=\"color: #ff0000; font-size: xx-small;\"> Twitter:<\/span><span style=\"font-size: xx-small;\"> @quasarpilar<br \/>\n<\/span><span style=\"color: #ff0000; font-size: xx-small;\"> Gr<\/span><span style=\"color: #ff0000; font-size: xx-small;\">upo y p\u00e1gina en Facebook: <\/span> <span style=\"color: #808080; font-size: xx-small;\">www.facebook.com\/<\/span><a href=\"mailto:mfipata@gmail.com\"><span style=\"font-size: xx-small;\">Quasar<\/span><\/a><span style=\"font-size: xx-small;\">Comunicacion<br \/>\n<\/span><span style=\"color: #ff0000; font-size: xx-small;\"> Web:<\/span><b><\/b> <a href=\"http:\/\/www.quasarcomunicacion.com.ar\/\"> <span style=\"font-size: xx-small;\">www.quasarcomunicacion.com.ar<\/span><\/a><span style=\"font-size: xx-small;\"><br \/>\n<\/span><span style=\"font-size: xx-small;\"> <span style=\"color: #ff0000;\">Mail<\/span><b>:<\/b><\/span><span style=\"font-size: xx-small;\"> asistente@quasarcomunicacion.com.ar<\/span><\/p>\n","protected":false},"excerpt":{"rendered":"<p>El s\u00e1bado 9 de noviembre a las 19 horas, en la Sede de Pilar de la Biblioteca de la Universidad [&hellip;]<\/p>\n","protected":false},"author":2,"featured_media":3185,"comment_status":"open","ping_status":"open","sticky":false,"template":"","format":"standard","meta":[],"categories":[2],"tags":[],"_links":{"self":[{"href":"https:\/\/quasarcomunicacion.com.ar\/web\/wp-json\/wp\/v2\/posts\/3184"}],"collection":[{"href":"https:\/\/quasarcomunicacion.com.ar\/web\/wp-json\/wp\/v2\/posts"}],"about":[{"href":"https:\/\/quasarcomunicacion.com.ar\/web\/wp-json\/wp\/v2\/types\/post"}],"author":[{"embeddable":true,"href":"https:\/\/quasarcomunicacion.com.ar\/web\/wp-json\/wp\/v2\/users\/2"}],"replies":[{"embeddable":true,"href":"https:\/\/quasarcomunicacion.com.ar\/web\/wp-json\/wp\/v2\/comments?post=3184"}],"version-history":[{"count":0,"href":"https:\/\/quasarcomunicacion.com.ar\/web\/wp-json\/wp\/v2\/posts\/3184\/revisions"}],"wp:featuredmedia":[{"embeddable":true,"href":"https:\/\/quasarcomunicacion.com.ar\/web\/wp-json\/wp\/v2\/media\/3185"}],"wp:attachment":[{"href":"https:\/\/quasarcomunicacion.com.ar\/web\/wp-json\/wp\/v2\/media?parent=3184"}],"wp:term":[{"taxonomy":"category","embeddable":true,"href":"https:\/\/quasarcomunicacion.com.ar\/web\/wp-json\/wp\/v2\/categories?post=3184"},{"taxonomy":"post_tag","embeddable":true,"href":"https:\/\/quasarcomunicacion.com.ar\/web\/wp-json\/wp\/v2\/tags?post=3184"}],"curies":[{"name":"wp","href":"https:\/\/api.w.org\/{rel}","templated":true}]}}