{"id":3178,"date":"2013-11-01T14:06:46","date_gmt":"2013-11-01T17:06:46","guid":{"rendered":"https:\/\/quasarcomunicacion.com.ar\/web\/?p=3178"},"modified":"2013-11-01T14:06:46","modified_gmt":"2013-11-01T17:06:46","slug":"quien-debe-gestionar-las-redes-sociales-en-las-empresas","status":"publish","type":"post","link":"https:\/\/quasarcomunicacion.com.ar\/web\/quien-debe-gestionar-las-redes-sociales-en-las-empresas\/","title":{"rendered":"\u00bfQui\u00e9n debe gestionar las redes sociales en las empresas?"},"content":{"rendered":"<p>Una pregunta que se plantea en el mundo de los negocios es \u00bfqui\u00e9n debe gestionar las redes sociales de las empresas? Y si bien hay poca experiencia sobre el tema, un encuesta realizada a ejecutivos de marketing y publicidad, consideran que las agencias de prensa deben tener a su cargo esta tarea.<!--more--><br \/>\nSi bien el tema est\u00e1 en debate, ya que la comunicaci\u00f3n atraviesa cada departamento o \u00e1rea dentro de una empresa, seg\u00fan una encuesta de la agencia especializada de RRHH The Creative Group, el 39% dijo que el departamento de Relaciones P\u00fablicas\/Prensa deber\u00eda llevar adelante las estrategias de comunicaci\u00f3n en los medios sociales; otro 35% indic\u00f3 que deb\u00edan ser los profesionales de marketing; mientras que un 15% dijo que Atenci\u00f3n al Cliente es el sector m\u00e1s id\u00f3neo para la gesti\u00f3n de las redes sociales.<br \/>\nDesde <strong>Qu\u00e1sar Comunicaci\u00f3n<\/strong>, consultora boutique de prensa con m\u00e1s de 8 a\u00f1os de experiencia en difusi\u00f3n, coincidimos en que las \u00e1reas o agencias de prensa son las m\u00e1s id\u00f3neas ya que saben qu\u00e9 comunicar y c\u00f3mo hacerlo. M\u00e1s all\u00e1 que deban nutrirse del resto de los componentes de la empresa para poder brindar mejor informaci\u00f3n y m\u00e1s acertadas respuestas.<br \/>\nAdem\u00e1s, tienen en cuenta la estrategia global de comunicaci\u00f3n de la empresa, no solo en lo referente a los social media sino al uso de todos los medios de difusi\u00f3n.<br \/>\nEl hecho de que la encuesta haya sido realizada entre profesionales de publicidad y marketing es un dato relevante a tener en cuenta al analizar el resultado: aunque apenas haya conseguido un 4% m\u00e1s que Marketing, PR parece encaminarse a ganar la contienda de la gesti\u00f3n de los medios sociales corporativos<br \/>\n<strong>Estos fueron los resultados de la encuesta<\/strong><br \/>\nPublic Relations\/Communications 39%<br \/>\nMarketing 35%<br \/>\nCustomer Service 15%<br \/>\nCEO\/Owner 5%<br \/>\nDon&#8217;t know 6%<br \/>\nY con estos datos, bajados un poco a la realidad \u00bfen tu empresa qui\u00e9n gestiona las redes sociales? \u00bfesto trae resultados satisfactorios para la estrategia general de comunicaci\u00f3n y comercializaci\u00f3n?<\/p>\n<p style=\"text-align: right;\"><a href=\"https:\/\/quasarcomunicacion.com.ar\/web\/wp-content\/uploads\/2013\/11\/TCG_0913_SocialMedia.jpg\"><img class=\"aligncenter\" alt=\"TCG_0913_SocialMedia\" src=\"https:\/\/quasarcomunicacion.com.ar\/web\/wp-content\/uploads\/2013\/11\/TCG_0913_SocialMedia.jpg\" \/><\/a><strong>Lic Mar\u00eda Fernanda Ipata<\/strong><br \/>\n<strong>Directora de Qu\u00e1sar Comunicaci\u00f3n<\/strong><br \/>\n<strong>www.quasarcomunicacion.com.ar<\/strong><br \/>\n<strong>fernanda@quasarcomunicacion.com.ar<\/strong><\/p>\n<p style=\"text-align: right;\">www.facebook.com\/QuasarComunicacion<\/p>\n<p>&nbsp;<\/p>\n","protected":false},"excerpt":{"rendered":"<p>Una pregunta que se plantea en el mundo de los negocios es \u00bfqui\u00e9n debe gestionar las redes sociales de las [&hellip;]<\/p>\n","protected":false},"author":2,"featured_media":3179,"comment_status":"open","ping_status":"open","sticky":false,"template":"","format":"standard","meta":[],"categories":[64],"tags":[],"_links":{"self":[{"href":"https:\/\/quasarcomunicacion.com.ar\/web\/wp-json\/wp\/v2\/posts\/3178"}],"collection":[{"href":"https:\/\/quasarcomunicacion.com.ar\/web\/wp-json\/wp\/v2\/posts"}],"about":[{"href":"https:\/\/quasarcomunicacion.com.ar\/web\/wp-json\/wp\/v2\/types\/post"}],"author":[{"embeddable":true,"href":"https:\/\/quasarcomunicacion.com.ar\/web\/wp-json\/wp\/v2\/users\/2"}],"replies":[{"embeddable":true,"href":"https:\/\/quasarcomunicacion.com.ar\/web\/wp-json\/wp\/v2\/comments?post=3178"}],"version-history":[{"count":0,"href":"https:\/\/quasarcomunicacion.com.ar\/web\/wp-json\/wp\/v2\/posts\/3178\/revisions"}],"wp:featuredmedia":[{"embeddable":true,"href":"https:\/\/quasarcomunicacion.com.ar\/web\/wp-json\/wp\/v2\/media\/3179"}],"wp:attachment":[{"href":"https:\/\/quasarcomunicacion.com.ar\/web\/wp-json\/wp\/v2\/media?parent=3178"}],"wp:term":[{"taxonomy":"category","embeddable":true,"href":"https:\/\/quasarcomunicacion.com.ar\/web\/wp-json\/wp\/v2\/categories?post=3178"},{"taxonomy":"post_tag","embeddable":true,"href":"https:\/\/quasarcomunicacion.com.ar\/web\/wp-json\/wp\/v2\/tags?post=3178"}],"curies":[{"name":"wp","href":"https:\/\/api.w.org\/{rel}","templated":true}]}}