{"id":3084,"date":"2013-10-22T07:29:42","date_gmt":"2013-10-22T10:29:42","guid":{"rendered":"https:\/\/quasarcomunicacion.com.ar\/web\/?p=3084"},"modified":"2013-10-22T07:29:42","modified_gmt":"2013-10-22T10:29:42","slug":"en-que-pais-del-mundo-hay-mas-nativos-digitales","status":"publish","type":"post","link":"https:\/\/quasarcomunicacion.com.ar\/web\/en-que-pais-del-mundo-hay-mas-nativos-digitales\/","title":{"rendered":"\u00bfEn qu\u00e9 pa\u00eds del mundo hay m\u00e1s nativos digitales?"},"content":{"rendered":"<h2><span style=\"font-size: 13px;\">Un\u00a0<\/span><em style=\"font-size: 13px;\">top ten\u00a0<\/em><span style=\"font-size: 13px;\">detalles en qu\u00e9 pa\u00edses del mundo hay m\u00e1s personas pertenecientes a la generaci\u00f3n que naci\u00f3 de la mano de Internet. El primero del r\u00e1nking duplica a su perseguidor inmediato.<\/span><\/h2>\n<div>\n<!--more-->\n<\/div>\n<div>\n<div>\n<div><img loading=\"lazy\" title=\"\" alt=\"\" src=\"http:\/\/www.lacapital.com.ar\/export\/sites\/core\/canales\/tecno\/imagenes\/2013\/10\/21\/nativos-digitales-1.jpg_726427486.jpg\" width=\"600\" height=\"375\" \/><\/div>\n<\/div>\n<\/div>\n<p>La imagen especular definida en la oposici\u00f3n\u00a0<i><b>nativos digitales\u00a0<\/b><\/i><b>vs.\u00a0<\/b><i><b>nativos digitales\u00a0<\/b><\/i>encuentra su origen en un estudio a cargo de Marc Prensky, un especialista en educaci\u00f3n, titulado, precisamente,\u00a0<i>Los inmigrantes digitales<\/i>. Autor de numerosos ensayos en torno a esta tem\u00e1tica, Persky focaliza su obra en entregar gu\u00edas a los docentes para modificar sus mecanismo pedag\u00f3gicos frente a generaciones de estudiantes que han nacido con nuevas herramientas y, por tanto, que cuentan con nuevos h\u00e1bitos y l\u00f3gicas. Ahora, el sitio\u00a0<i>Mashable<\/i>\u00a0publica un informe estad\u00edstico que propone echar luz sobre la distribuci\u00f3n en el mapa de los nativos digitales. \u00bfEn qu\u00e9 pa\u00edses son m\u00e1s? El siguiente es el\u00a0<i>top five<\/i>\u00a0que se desprende del informe a cargo de la consultora Statista.<\/p>\n<ol>\n<li>China: 75,2 millones<\/li>\n<li>Estados Unidos: 41,3 millones<\/li>\n<li>India: 22,7 millones<\/li>\n<li>Brasil: 20,1 millones<\/li>\n<li>Jap\u00f3n: 12,2 millones<\/li>\n<\/ol>\n<p><a href=\"http:\/\/rack.2.mshcdn.com\/media\/ZgkyMDEzLzEwLzE4LzJlL0NoYXJ0T2ZUaGVELmJmYzRhLmpwZwpwCXRodW1iCTEyMDB4OTYwMD4\/8547e064\/0e6\/ChartOfTheDay_1551_41_Million_Americans_Are_Digital_Natives_n.jpg\" target=\"_blank\" rel=\"noopener noreferrer\">Clic aqu\u00ed para ver la infograf\u00eda completa.<\/a><br \/>\n<strong>Una dosis de obviedad envicia el informe: los pa\u00edses que componen el listado replican aquel que da cuenta de<a href=\"http:\/\/es.wikipedia.org\/wiki\/Anexo:Pa%C3%ADses_por_poblaci%C3%B3n\" target=\"_blank\" rel=\"noopener noreferrer\">los m\u00e1s poblados del mundo<\/a><\/strong>. Aquellos con m\u00e1s densidad de habitantes que no aparecen all\u00ed (Pakist\u00e1n, Nigeria) se ausentan por un menor y m\u00e1s tard\u00edo acceso a las herramientas tecnol\u00f3gicas. M\u00e1s fiel es<a href=\"http:\/\/i.livescience.com\/images\/i\/000\/057\/863\/i02\/digital-natives.jpg?1381507605\" target=\"_blank\" rel=\"noopener noreferrer\">\u00a0este \u00edndice que muestra la relaci\u00f3n entre nativos digitales y poblaci\u00f3n<\/a>, en cada pa\u00eds del mundo.<br \/>\n<strong>Fuente:<\/strong>\u00a0TendenciasMag.com<\/p>\n","protected":false},"excerpt":{"rendered":"<p>Un\u00a0top ten\u00a0detalles en qu\u00e9 pa\u00edses del mundo hay m\u00e1s personas pertenecientes a la generaci\u00f3n que naci\u00f3 de la mano de [&hellip;]<\/p>\n","protected":false},"author":2,"featured_media":0,"comment_status":"open","ping_status":"open","sticky":false,"template":"","format":"standard","meta":[],"categories":[64],"tags":[],"_links":{"self":[{"href":"https:\/\/quasarcomunicacion.com.ar\/web\/wp-json\/wp\/v2\/posts\/3084"}],"collection":[{"href":"https:\/\/quasarcomunicacion.com.ar\/web\/wp-json\/wp\/v2\/posts"}],"about":[{"href":"https:\/\/quasarcomunicacion.com.ar\/web\/wp-json\/wp\/v2\/types\/post"}],"author":[{"embeddable":true,"href":"https:\/\/quasarcomunicacion.com.ar\/web\/wp-json\/wp\/v2\/users\/2"}],"replies":[{"embeddable":true,"href":"https:\/\/quasarcomunicacion.com.ar\/web\/wp-json\/wp\/v2\/comments?post=3084"}],"version-history":[{"count":0,"href":"https:\/\/quasarcomunicacion.com.ar\/web\/wp-json\/wp\/v2\/posts\/3084\/revisions"}],"wp:attachment":[{"href":"https:\/\/quasarcomunicacion.com.ar\/web\/wp-json\/wp\/v2\/media?parent=3084"}],"wp:term":[{"taxonomy":"category","embeddable":true,"href":"https:\/\/quasarcomunicacion.com.ar\/web\/wp-json\/wp\/v2\/categories?post=3084"},{"taxonomy":"post_tag","embeddable":true,"href":"https:\/\/quasarcomunicacion.com.ar\/web\/wp-json\/wp\/v2\/tags?post=3084"}],"curies":[{"name":"wp","href":"https:\/\/api.w.org\/{rel}","templated":true}]}}