{"id":304,"date":"2012-04-25T22:02:56","date_gmt":"2012-04-25T22:02:56","guid":{"rendered":"http:\/\/quasarcomunicacion.wordpress.com\/?p=304"},"modified":"2012-04-25T22:02:56","modified_gmt":"2012-04-25T22:02:56","slug":"cine-debate-en-artemisa-pilar-diario-de-una-pasion","status":"publish","type":"post","link":"https:\/\/quasarcomunicacion.com.ar\/web\/cine-debate-en-artemisa-pilar-diario-de-una-pasion\/","title":{"rendered":"Cine debate en Artemisa Pilar: &quot;Diario de una Pasi\u00f3n&quot;"},"content":{"rendered":"<p><img loading=\"lazy\" src=\"http:\/\/www.quasarcomunicacion.com.ar\/artemisa\/pasion.gif\" alt=\"\" width=\"250\" height=\"357\" align=\"right\" hspace=\"6\" vspace=\"6\" \/><strong>Artemisa Pilar, Centro de Crecimiento<\/strong><span style=\"font-size:small;\"> <strong>Humano<\/strong>, contin\u00faa con sus actividades, este viernes 27 de abril habr\u00e1 un <strong>CINE DEBATE<\/strong> en el cual se proyectar\u00e1 la pel\u00edcula completa <strong>\u00abDiario de una Pasi\u00f3n\u00bb<\/strong>, luego se compartir\u00e1 una cena informal para m\u00e1s tarde pasar a la reflexi\u00f3n antropol\u00f3gica basada en la pel\u00edcula.<\/span><br \/>\n<span style=\"font-size:small;\"> El cine debate estar\u00e1 coordinado por Luc\u00eda Inserra.<\/span><br \/>\n<span style=\"font-size:small;\"> Esta actividad es con inscripci\u00f3n previa y arancelada. M\u00e1s informaci\u00f3n comunic\u00e1ndose al 02320-492080 \/ 011-15-3048-6859 \/ 011-15-3048-8154 o artemisa@artemisapilar.org<!--more--><\/span><br \/>\n<span style=\"font-size:small;\"> El Cine debate tendr\u00e1 lugar en Manuel Alberti (Hip\u00f3lito Yrigoyen 1157, bajada Km 38.5 de ramal Pilar, acceso a Alberti). M\u00e1s informaci\u00f3n en <a href=\"http:\/\/www.facebook.com\/artemisacch\"> http:\/\/www.facebook.com\/artemisacch<\/a> <\/span><br \/>\n<span style=\"font-size:small;\"> Acerca de \u00abDiario de una Pasi\u00f3n\u00bb<\/span><br \/>\n<span style=\"font-size:small;\">En el verano de 1940 Allie (Rachel McAdams) conoci\u00f3 a Noah (Ryan Gosling) y ambos se enamoraron. Ahora, un anciano le cuenta a su compa\u00f1era de asilo la historia de amor de estos j\u00f3venes mientras lee el diario de Noah.<\/span><br \/>\n<span style=\"font-size:small;\">La pel\u00edcula recibi\u00f3 comentarios mixtos de los cr\u00edticos. El examen global en Rotten Tomates inform\u00f3 de que el 51% de los cr\u00edticos de cine dio comentarios positivos, sobre la base de 142 comentarios. Metacritic puso una puntuaci\u00f3n media de 53 sobre 100, sobre la base de 34 comentarios.<\/span><br \/>\n<span style=\"font-size:small;\">La pel\u00edcula fue mucho m\u00e1s popular entre las mujeres que con los hombres. Sobre la Mujer en el Top 50 de las pel\u00edculas rom\u00e1nticas es el puesto n\u00ba 30, para los hombres s\u00f3lo anot\u00f3 que esta lejos de la lista equivalente.<\/span><br \/>\n<span style=\"font-size:small;\">En septiembre de 2008 Yahoo! hizo una encuesta y la pel\u00edcula fue clasificada como la pel\u00edcula rom\u00e1ntica n\u00ba 1 entre 35 pel\u00edculas diferentes, votado por Yahoo! usuarios.<\/span><br \/>\n<span style=\"font-size:small;\"><strong>Comentarios de varios cr\u00edticos:<\/strong><br \/>\n\u00abUna encantadora sorpresa\u00bb (Joe Morgenstern: The Wall Street Journal)<br \/>\n\u00abPuede que sea cursi, pero tambi\u00e9n es absorbente, dulce y con excelentes interpretaciones, evita muchos de los almibarados peligros del g\u00e9nero\u00bb.(Michael Wilmington: Chicago Tribune)<\/span><br \/>\n<span style=\"font-size:small;\">\u00abEl diario de Noa no aspira a mucho m\u00e1s que al ofrecimiento de un sencillo relato bien contado. A Cassavetes le ha faltado afilar un tanto los detalles, pero aprueba con nota\u00bb (Javier Oca\u00f1a: Diario El Pa\u00eds)<\/span><br \/>\n<span style=\"font-size:small;\"> Acerca de Luc\u00eda Inserra<\/span><br \/>\n<span style=\"font-size:small;\">Coordinadora Vincular Jungiana. Es docente, investigadora antropol\u00f3gica, terapeuta hol\u00edstica y coordinadora en din\u00e1micas grupales. Profesora Nacional de Bellas Artes. <\/span><br \/>\n<span style=\"font-size:small;\">Es fundadora y presidente de la FUNDACI\u00d3N CENTRO ARGENTINO DE ENEAGRAMA\u00ae<\/span><br \/>\n<span style=\"font-size:small;\">Es fundadora de la UNIVERSIDAD DE LA CONCIENCIA\u00ae y creadora de la CARRERA FORMADOR SUPERIOR EN ENEAGRAMA\u00ae. <\/span><br \/>\n<span style=\"font-size:small;\">En el campo de la investigaci\u00f3n se ha destacado por sus estudios antropol\u00f3gicos. En su formaci\u00f3n y experiencia de m\u00e1s de 17 a\u00f1os de investigaci\u00f3n se destaca el m\u00e9todo Hologenesis: \u201cLiderazgo Espiritual\u201d\u00ae basado en la \u201cAntropolog\u00eda de la Unidad\u201d\u00ae de su autor\u00eda. <\/span><br \/>\n<span style=\"font-size:small;\">Es consultora de Recursos Humanos en temas de Liderazgo, Coaching Personal y grupal, a trav\u00e9s del M\u00e9todo del Eneagrama, Diagn\u00f3stico y Pronostico Corporativo. <\/span><br \/>\n<span style=\"font-size:small;\">En su actividad se destaca, la coordinaci\u00f3n y gu\u00eda, en \u201cVIAJES DE CRECIMIENTO\u201d\u00ae en el pa\u00eds y en el exterior, aplicando un m\u00e9todo de su autor\u00eda: El ENEAGRAMA VIVENCIAL\u00ae. <\/span><br \/>\n<span style=\"font-size:small;\">Su especialidad es dictar seminarios, conferencias y realizar talleres en el pa\u00eds y en el extranjero.<\/span><br \/>\n<span style=\"font-size:small;\">Conferencista internacional en el Congreso Anual de la Internacional Enneagram Assosiation, Las Vegas, E.E.U.U. del 29 de Julio al 2 de agosto de 2009, en el \u00e1rea de \u201ctemas nuevos\u201d: La Cartograf\u00eda del Alma: Los ejes de Polaridad y los dilemas metaf\u00edsicos en el mapa personal. Tambi\u00e9n se realiz\u00f3 en Colombia la misma conferencia y otras en el \u00e1rea corporativa sobre el liderazgo integral y el Eneagrama.<\/span><br \/>\n<span style=\"font-size:small;\">Abri\u00f3 la presentaci\u00f3n del Congreso Internacional de Autoconocimiento, Desarrollo Humano y Liderazgo con la conferencia \u00abEl Eneagrama, sus Or\u00edgenes y sus Implicaciones para el Desarrollo de la Conciencia del Hombre\u00bb. <\/span><br \/>\n<span style=\"font-size:small;\">Y tambi\u00e9n dict\u00f3 \u00abLa Aplicaci\u00f3n del Eneagrama en la Cultura Coorporativa\u00bb.<\/span><\/p>\n","protected":false},"excerpt":{"rendered":"<p>Artemisa Pilar, Centro de Crecimiento Humano, contin\u00faa con sus actividades, este viernes 27 de abril habr\u00e1 un CINE DEBATE en [&hellip;]<\/p>\n","protected":false},"author":2,"featured_media":0,"comment_status":"open","ping_status":"open","sticky":false,"template":"","format":"standard","meta":[],"categories":[2],"tags":[],"_links":{"self":[{"href":"https:\/\/quasarcomunicacion.com.ar\/web\/wp-json\/wp\/v2\/posts\/304"}],"collection":[{"href":"https:\/\/quasarcomunicacion.com.ar\/web\/wp-json\/wp\/v2\/posts"}],"about":[{"href":"https:\/\/quasarcomunicacion.com.ar\/web\/wp-json\/wp\/v2\/types\/post"}],"author":[{"embeddable":true,"href":"https:\/\/quasarcomunicacion.com.ar\/web\/wp-json\/wp\/v2\/users\/2"}],"replies":[{"embeddable":true,"href":"https:\/\/quasarcomunicacion.com.ar\/web\/wp-json\/wp\/v2\/comments?post=304"}],"version-history":[{"count":0,"href":"https:\/\/quasarcomunicacion.com.ar\/web\/wp-json\/wp\/v2\/posts\/304\/revisions"}],"wp:attachment":[{"href":"https:\/\/quasarcomunicacion.com.ar\/web\/wp-json\/wp\/v2\/media?parent=304"}],"wp:term":[{"taxonomy":"category","embeddable":true,"href":"https:\/\/quasarcomunicacion.com.ar\/web\/wp-json\/wp\/v2\/categories?post=304"},{"taxonomy":"post_tag","embeddable":true,"href":"https:\/\/quasarcomunicacion.com.ar\/web\/wp-json\/wp\/v2\/tags?post=304"}],"curies":[{"name":"wp","href":"https:\/\/api.w.org\/{rel}","templated":true}]}}