{"id":2970,"date":"2013-10-16T09:48:45","date_gmt":"2013-10-16T12:48:45","guid":{"rendered":"https:\/\/quasarcomunicacion.com.ar\/web\/?p=2970"},"modified":"2013-10-16T09:48:45","modified_gmt":"2013-10-16T12:48:45","slug":"estrategia-de-precios-en-el-tour-pyme-2013","status":"publish","type":"post","link":"https:\/\/quasarcomunicacion.com.ar\/web\/estrategia-de-precios-en-el-tour-pyme-2013\/","title":{"rendered":"\u201cEstrategia de precios\u201d en el Tour Pyme 2013"},"content":{"rendered":"<p style=\"text-align: left;\" align=\"center\"><i style=\"font-family: Verdana; font-size: small;\"><img loading=\"lazy\" class=\"alignright\" style=\"font-family: Georgia, 'Times New Roman', 'Bitstream Charter', Times, serif; font-size: 13px; text-align: right;\" alt=\"mendoza\" src=\"https:\/\/quasarcomunicacion.com.ar\/web\/wp-content\/uploads\/2013\/10\/mendoza-300x200.gif\" width=\"300\" height=\"200\" \/>Buenos Aires (16\/10\/2013) &#8211; <\/i><span style=\"font-family: Verdana; font-size: small;\"> Se realizar\u00e1 por s\u00e9ptimo a\u00f1o consecutivo la gira de capacitaci\u00f3n directiva denominada<\/span><b style=\"font-family: Verdana; font-size: small;\"> \u201cTour Pyme 2013\u201d<\/b><span style=\"font-family: Verdana; font-size: small;\">, que recorrer\u00e1 siete ciudades de la Argentina: Mar del Plata, Neuqu\u00e9n, C\u00f3rdoba, Rosario, Mendoza, Salta y Tucum\u00e1n. En Mendoza se realizar\u00e1 el ciclo de conferencias el lunes 21 de octubre en el Sheraton Mendoza Hotel (Primitivo de la Reta 989) de 8:30 a 12:30 hs. El tema convocante en esta nueva edici\u00f3n ser\u00e1:<\/span><b style=\"font-family: Verdana; font-size: small;\"> \u201cEstrategia de Precios: Domine la v\u00eda m\u00e1s r\u00e1pida hacia la rentabilidad de su negocio\u201d<\/b><span style=\"font-family: Verdana; font-size: small;\">.<!--more--><\/span><\/p>\n<p style=\"text-align: center;\" align=\"left\">\u00a0<span style=\"font-family: Verdana; font-size: small;\">La jornada cuenta en esta edici\u00f3n, con el apoyo de <b>Qu\u00e1sar Comunicaci\u00f3n, consultora boutique de prensa<\/b>.<\/span><\/p>\n<p><span style=\"font-family: Verdana; font-size: small;\">El programa abordar\u00e1 los siguientes ejes: La gesti\u00f3n de precios como palanca para incrementar ganancias y nuevas t\u00e9cnicas para capturar el m\u00e1ximo valor del mercado. <\/span><br \/>\n<span style=\"font-family: Verdana; font-size: small;\">El conferencista, Jos\u00e9 Mar\u00eda Quiros, autor del libro \u201cEtapas de la pyme\u201d publicado en 2012, fue pionero en la sistematizaci\u00f3n de la realidad de la peque\u00f1a y mediana empresa. Actualmente es considerado el mayor referente de la especialidad. Es Fundador del Estudio J.M.Quiros, consultora dedicada al asesoramiento de due\u00f1os de Pymes. En sus 30 a\u00f1os de trayectoria ha asesorado a m\u00e1s de 300 directivos para ayudarlos en el dominio del negocio y la mejora de la rentabilidad. <\/span><br \/>\n<span style=\"font-family: Verdana; font-size: small;\">En esta nueva edici\u00f3n se responder\u00e1n a los siguientes interrogantes \u00bfC\u00f3mo decidir el precio m\u00e1s conveniente? \u00bfCu\u00e1ndo y cu\u00e1nto hacer descuento? \u00bfQu\u00e9 hacer si en mi mercado los precios son inflexibles? \u00bfC\u00f3mo mejorar el margen sin perder ventas? \u00bfC\u00f3mo hacer para que el cliente no mire solamente el precio? \u00bfC\u00f3mo lograr que los vendedores quieran vender a precios m\u00e1s altos? <\/span><br \/>\n<span style=\"font-family: Verdana; font-size: small;\">En el 2012, del Tour participaron m\u00e1s de 4000 empresarios de todo el pa\u00eds (Pyme), consagr\u00e1ndose como el evento m\u00e1s convocante en el rubro. <\/span><br \/>\n<span style=\"font-family: Verdana; font-size: small;\">Para m\u00e1s informaci\u00f3n sobre el \u201c<b>Tour Pyme\u201d (Edici\u00f3n 2013) <\/b>ingresar a www.tourpyme.com.ar o comunicarse al 0810-888-1010.<\/span><br \/>\n<span style=\"font-family: Verdana; font-size: small;\"><b>ACERCA DE CENTRO DE CAPACITACI\u00d3N Y EMPRESA SA<\/b><\/span><br \/>\n<span style=\"font-family: Verdana; font-size: small;\">El Centro de Capacitaci\u00f3n y Empresa S.A organiza desde el a\u00f1o 2.003 las \u00abJornadas de Actualizaci\u00f3n Empresaria\u00bb, que son consideradas, por su contenido exclusivo y excelencia en la organizaci\u00f3n, el evento m\u00e1s importante para directores de Pymes en nuestro pa\u00eds. Diferentes especialistas coinciden en un enfoque totalmente integrado para comprender la particularidad de la empresa peque\u00f1a, mediana y familiar, brind\u00e1ndole la mejor oportunidad de capacitarse en cada \u00e1rea de su empresa con herramientas y soluciones concretas. www.pymevision.com.ar <\/span><br \/>\n<a href=\"https:\/\/quasarcomunicacion.com.ar\/web\/?page_id=2909\" target=\"_blank\" rel=\"noopener noreferrer\"><span style=\"font-size: small;\"><b><i><span style=\"font-family: Arial;\">Por otras im\u00e1genes, audios o entrevistas no dude en contactarse<\/span><\/i><\/b><\/span><\/a><\/p>\n<p align=\"right\">\n","protected":false},"excerpt":{"rendered":"<p>Buenos Aires (16\/10\/2013) &#8211; Se realizar\u00e1 por s\u00e9ptimo a\u00f1o consecutivo la gira de capacitaci\u00f3n directiva denominada \u201cTour Pyme 2013\u201d, que [&hellip;]<\/p>\n","protected":false},"author":2,"featured_media":2971,"comment_status":"open","ping_status":"open","sticky":false,"template":"","format":"standard","meta":[],"categories":[2],"tags":[],"_links":{"self":[{"href":"https:\/\/quasarcomunicacion.com.ar\/web\/wp-json\/wp\/v2\/posts\/2970"}],"collection":[{"href":"https:\/\/quasarcomunicacion.com.ar\/web\/wp-json\/wp\/v2\/posts"}],"about":[{"href":"https:\/\/quasarcomunicacion.com.ar\/web\/wp-json\/wp\/v2\/types\/post"}],"author":[{"embeddable":true,"href":"https:\/\/quasarcomunicacion.com.ar\/web\/wp-json\/wp\/v2\/users\/2"}],"replies":[{"embeddable":true,"href":"https:\/\/quasarcomunicacion.com.ar\/web\/wp-json\/wp\/v2\/comments?post=2970"}],"version-history":[{"count":0,"href":"https:\/\/quasarcomunicacion.com.ar\/web\/wp-json\/wp\/v2\/posts\/2970\/revisions"}],"wp:featuredmedia":[{"embeddable":true,"href":"https:\/\/quasarcomunicacion.com.ar\/web\/wp-json\/wp\/v2\/media\/2971"}],"wp:attachment":[{"href":"https:\/\/quasarcomunicacion.com.ar\/web\/wp-json\/wp\/v2\/media?parent=2970"}],"wp:term":[{"taxonomy":"category","embeddable":true,"href":"https:\/\/quasarcomunicacion.com.ar\/web\/wp-json\/wp\/v2\/categories?post=2970"},{"taxonomy":"post_tag","embeddable":true,"href":"https:\/\/quasarcomunicacion.com.ar\/web\/wp-json\/wp\/v2\/tags?post=2970"}],"curies":[{"name":"wp","href":"https:\/\/api.w.org\/{rel}","templated":true}]}}