{"id":2965,"date":"2013-10-10T09:26:50","date_gmt":"2013-10-10T12:26:50","guid":{"rendered":"https:\/\/quasarcomunicacion.com.ar\/web\/?p=2965"},"modified":"2013-10-10T09:26:50","modified_gmt":"2013-10-10T12:26:50","slug":"el-instituto-chopin-organizo-las-i-jornadas-distritales-de-educacion-inicial-pensar-la-educacion-infantil-desde-practicas-participativas-y-reflexivas","status":"publish","type":"post","link":"https:\/\/quasarcomunicacion.com.ar\/web\/el-instituto-chopin-organizo-las-i-jornadas-distritales-de-educacion-inicial-pensar-la-educacion-infantil-desde-practicas-participativas-y-reflexivas\/","title":{"rendered":"El Instituto Chopin organiz\u00f3 las I Jornadas Distritales de Educaci\u00f3n Inicial: \u201cPensar la educaci\u00f3n infantil desde pr\u00e1cticas participativas y reflexivas\u201d"},"content":{"rendered":"<p style=\"text-align: left;\" align=\"center\"><i>\u00a0Buenos Aires (10\/10\/2013)<\/i> \u2013 <span style=\"font-family: Verdana; font-size: small;\">El pasado viernes 4 de octubre, se desarrollaron las <b>Primeras Jornadas Distritales de Educaci\u00f3n Inicial<\/b>, una iniciativa que fue corolario de un proyecto articulado entre el <b>Instituto Superior de Formaci\u00f3n Docente y T\u00e9cnica \u201cFrederic Chopin\u00bb<\/b>, el CIIE y la Jefatura Distrital de Pilar. De las mismas participaron m\u00e1s de 200 asistentes.<\/span><\/p>\n<p><span style=\"font-family: Verdana; font-size: small;\"><!--more--><\/span><br \/>\n<img class=\"alignright\" alt=\"jornada1\" src=\"https:\/\/quasarcomunicacion.com.ar\/web\/wp-content\/uploads\/2013\/10\/jornada1-300x225.gif\" \/><br \/>\n<span style=\"font-family: Verdana; font-size: small;\">Cabe consignar que esta actividad, fue proyectada en el marco de las acciones abiertas a la comunidad pilarense con motivo de conmemorar la primera d\u00e9cada de existencia del <b>Instituto Superior de Formaci\u00f3n Docente y T\u00e9cnica \u201cFrederic Chopin\u00bb<\/b><\/span><span style=\"font-family: Verdana; font-size: small;\"><br \/>\n<\/span><br \/>\n<span style=\"font-family: Verdana; font-size: small;\">La jornada fue gratuita y la convocatoria al evento acad\u00e9mico estuvo destinada a estudiantes y docentes de: Educaci\u00f3n Inicial, Educaci\u00f3n F\u00edsica; Educaci\u00f3n Musical; Expresi\u00f3n Corporal; Danzas y otros profesorados vinculados a la educaci\u00f3n infantil.consignar que esta actividad, fue proyectada en el marco de las acciones abiertas a la comunidad pilarense con motivo de conmemorar la primera d\u00e9cada de existencia del <b>Instituto Superior de Formaci\u00f3n Docente y T\u00e9cnica \u201cFrederic Chopin\u00bb<\/b><\/span><br \/>\n<span style=\"font-family: Verdana; font-size: small;\">\u201cPensar la educaci\u00f3n infantil desde pr\u00e1cticas participativas y reflexivas\u201d fue el t\u00edtulo de esta primera jornada, que invit\u00f3 a pensar las pr\u00e1cticas docentes desde miradas reflexivas y desde dispositivos participativos. <\/span><br \/>\n<span style=\"font-family: Verdana; font-size: small;\">En este sentido, la organizaci\u00f3n de la jornada const\u00f3 de dos partes que dieron cuenta de los prop\u00f3sitos de la misma. <\/span><br \/>\n<span style=\"font-family: Verdana; font-size: small;\">&#8211; Recuperar experiencias educativas que promuevan la participaci\u00f3n comunitaria y social.<\/span><br \/>\n<span style=\"font-family: Verdana; font-size: small;\">&#8211; Brindar espacios para dar a conocer proyectos educativos y pr\u00e1cticas docentes en espacios formales y no formales de educaci\u00f3n dirigida a la poblaci\u00f3n infantil.<\/span><br \/>\n<span style=\"font-family: Verdana; font-size: small;\">&#8211; Propiciar espacios de trabajo con especialistas en tem\u00e1ticas y problem\u00e1ticas concernientes a la educaci\u00f3n infantil.<\/span><br \/>\n<span style=\"font-family: Verdana; font-size: small;\">&#8211; Promover espacios de intercambio de saberes y experiencias en torno a pr\u00e1cticas formativas dirigidas a la primera infancia.<\/span><br \/>\n&nbsp;<br \/>\n<span style=\"font-family: Verdana; font-size: small;\">La primera parte tuvo lugar en el Teatro Lope de Vega de Pilar, desde las 8 hs hasta las 12 hs. <\/span><br \/>\n<span style=\"font-family: Verdana; font-size: small;\">La presentaci\u00f3n de la jornada y de los objetivos del encuentro estuvo a cargo del Director del CIIE Marcelo Bianchi Bustos y la Directora del ISFDyT F. Chopin Rosana Ponce. <\/span><br \/>\n<span style=\"font-family: Verdana; font-size: small;\">Seguidamente, se realiz\u00f3 la apertura oficial del evento, del que fueron oradoras las Sras Inspectoras: Prof Hilda Di Nardo, Inspectora de Educaci\u00f3n Superior de la Regi\u00f3n XI (DIPREGEP) y Prof. Silvia Mujica, Jefa Distrital de Pilar.<\/span><br \/>\n<span style=\"font-family: Verdana; font-size: small;\">A las 9 hs disert\u00f3 la Magister Elisa Spakowsky, destacada acad\u00e9mica, autora de numerosas publicaciones y de reconocida trayectoria en nuestro pa\u00eds, particularmente en el territorio bonaerense, ya que fue la Directora Provincial de Educaci\u00f3n Inicial. La especialista dio una conferencia titulada: \u201cLa evaluaci\u00f3n en el Nivel Inicial: Reflexiones y fundamentos para propuestas de cambio en las pr\u00e1cticas pedag\u00f3gicas de evaluaci\u00f3n.\u201d, frente a un auditorio muy concurrido.<\/span><br \/>\n<span style=\"font-family: Verdana; font-size: small;\">Spakowsky expuso una tem\u00e1tica que ha investigado acabadamente, desde ese marco referencial propuso que la evaluaci\u00f3n debe ser observada desde una perspectiva cr\u00edtica. Dicha perspectiva, incluye tres dimensiones: la pol\u00edtica, la epistemol\u00f3gica y la \u00e9tica.<br \/>\nDesde este marco te\u00f3rico, durante su exposici\u00f3n, Spakowsky, desarrollo aspectos tendientes a las formas, los modos y las concepciones que giran en torno a la evaluaci\u00f3n de los aprendizajes focalizando esto en la educaci\u00f3n inicial.<\/span><br \/>\n&nbsp;<br \/>\n<span style=\"font-family: Verdana; font-size: small;\">A las 11 hs tuvo lugar, la presentaci\u00f3n de \u201cexperiencias pedag\u00f3gicas\u201d, a cargo de diferentes instituciones, grupos y actores educativos del sistema formal y no formal. Esta actividad estuvo tambi\u00e9n en consonancia con los prop\u00f3sitos de la jornada<\/span><br \/>\n<span style=\"font-family: Verdana; font-size: small;\">Estas fueron las presentaciones de las experiencias y sus ponentes:<\/span><br \/>\n<span style=\"font-family: Verdana; font-size: small;\">-Resignificar la ense\u00f1anza de la lectura y la escritura: Del desarrollo de la competencia ling\u00fc\u00edstica a la alfabetizaci\u00f3n. Experiencia desarrollada en la Biblioteca popular Palabras del Alma, Barrio Peruzzotti. Pilar.<\/span><br \/>\n<span style=\"font-family: Verdana; font-size: small;\">Expositoras: Gabriela Carolina Dato y Ver\u00f3nica Elisenda Acosta<\/span><br \/>\n<span style=\"font-family: Verdana; font-size: small;\">&#8211; Feria de Lenguajes Expresivos. Un proyecto de los Jardines de Infantes 904 y 916 de General Rodr\u00edguez<\/span><br \/>\n<span style=\"font-family: Verdana; font-size: small;\">Expositoras: Claudia Vega y Claudia Weidem\u00fcller<\/span><br \/>\n<span style=\"font-family: Verdana; font-size: small;\">&#8211; La articulaci\u00f3n entre el nivel inicial y primario en torno a la matem\u00e1tica: una pr\u00e1ctica posible en el distrito de Pilar. <\/span><br \/>\n<span style=\"font-family: Verdana; font-size: small;\">Expositoras: Rosa Avaca y Paula Podest\u00e1<\/span><br \/>\n<span style=\"font-family: Verdana; font-size: small;\">Luego de la presentaci\u00f3n de dichas experiencias pedag\u00f3gicas, se realiz\u00f3 un peque\u00f1o cierre y se invit\u00f3 a los asistentes a dirigirse al ISFDyTF.Chopin, para acreditarse como participantes de una amplia oferta de talleres:<\/span><br \/>\n<span style=\"font-family: Verdana; font-size: small;\">Cabe destacar que los talleres estuvieron a cargo de profesores del ISFDyTF.Chopin y de capacitadores del Equipo T\u00e9cnico Regional del CIIE de Pilar.<\/span><br \/>\n<span style=\"font-family: Verdana; font-size: small;\">Los talleres brindados fueron los siguientes:<\/span><br \/>\n<span style=\"font-family: Verdana; font-size: small;\">&#8211; \u201cEl nombre propio y otras escrituras\u201d Prof. Miriam Persiani (CIIE)<br \/>\n&#8211; \u201cAmbiente social y natural\u201d Prof. Arturo Kukuc (CIIE)<br \/>\n&#8211; \u201cJugar, crecer y ser\u201d Prof Marisa Douat; Prof Silvina Davio; Prof. Gabriela Aiello (ISFDyTF.Chopin)<br \/>\n&#8211; \u201cJuegos sonoros\u201d Prof. Ana Harismendy; Prof M\u00f3nica Descalzo (ISFDyT F. Chopin)<br \/>\n&#8211; \u201cNociones espaciales\u201d Prof Rosa Avaca (CIIE)<br \/>\n&#8211; \u201cEspacio e imaginaci\u00f3n. Un abordaje desde el movimiento\u201d Prof. Gustavo Long; Prof. Loreley Almada; Prof Marcelino Maldonado, Prof. Mat\u00edas Estap\u00e9 (ISFDyTF.Chopin)<br \/>\n&#8211; \u201cLa educaci\u00f3n popular en las pr\u00e1cticas docentes: hacia una cotidianeidad transformadora.\u201d Prof. Alejandra Barbieri; Prof. Claudia Weidem\u00fcller<br \/>\n&#8211; \u201cCorporeidad y motricidad en relaci\u00f3n con el ambiente\u201d Prof. Jorge Morandini; Prof. Horacio Moreno; Prof Federico Gramajo , Prof. Mariano Circosta. <\/span><br \/>\n<span style=\"font-family: Verdana; font-size: small;\">Los talleres fueron espacios de intercambio de conocimientos y experiencias que fueron enriquecidas tanto por las propuestas de sus coordinadores como por la participaci\u00f3n activa de los asistentes.<\/span><br \/>\n<span style=\"font-family: Verdana; font-size: small;\">Esta intensa jornada, compartida por m\u00e1s de 200 asistentes se cerr\u00f3 con una instancia de evaluaci\u00f3n en el sentido expuesto por Spakowsky, es decir pensando a la misma como instancia pedag\u00f3gica, inmersa en sentidos y significados que aportan informaci\u00f3n de los procesos de aprendizajes.<\/span><br \/>\n<span style=\"font-family: Verdana; font-size: small;\">Para m\u00e1s informaci\u00f3n acerca del Instituto Superior Frederic Chopin visitar <a href=\"http:\/\/www.institutochopin.edu.ar\/\"> http:\/\/www.institutochopin.edu.ar<\/a>\u00a0 y <a href=\"http:\/\/www.facebook.com\/InstitutoChopin\"> http:\/\/www.facebook.com\/InstitutoChopin<\/a> <\/span><br \/>\n<span style=\"font-family: Verdana; font-size: small;\"><b>Sobre el Instituto Frederic Chopin<\/b><\/span><br \/>\n<span style=\"font-family: Verdana; font-size: xx-small;\">La sede del Instituto est\u00e1 en Villa Morra en la calle Julio A. Roca 226 \u2013 entre 9 de julio y Sanguinetti \u2013 Pilar. Informes e inscripciones llamando al 0230-4432957 \/\/ 0230-4375273 \/\/ 011-15-37349414 \/\/ Radio 737*5854 o escribiendo a <a href=\"mailto:info@instituto\"> info@institutochopin.edu.ar<\/a> M\u00e1s info <a href=\"http:\/\/www.institutochopin.edu.ar\/\"> www.institutochopin.edu.ar<\/a> <\/span><br \/>\n<span style=\"font-family: Verdana; font-size: xx-small;\">En el <b>Instituto Frederic Chopin<\/b> se puede estudiar Profesorado de Educaci\u00f3n Inicial, Profesorado de Educaci\u00f3n F\u00edsica, Profesorado de Educaci\u00f3n Musical, Profesorado de Danzas Folcl\u00f3ricas, Profesorado de Expresi\u00f3n Corporal, Profesorado de M\u00fasica (Orientaci\u00f3n Canto L\u00edrico Camar\u00edstico) y el Profesorado de M\u00fasica (Orientaci\u00f3n Instrumentos).<\/span><br \/>\n<span style=\"font-family: Verdana; font-size: xx-small;\">Cabe destacar que el Instituto fue creado en el a\u00f1o 2003 por la asociaci\u00f3n civil denominada Centro de Formaci\u00f3n Cultural de la ciudad de Pilar, con el objetivo de promover el desarrollo social a trav\u00e9s de las capacitaciones docentes en diversas disciplinas, apostando al crecimiento de nuestra sociedad con la educaci\u00f3n, la cultura, el desarrollo f\u00edsico, moral y espiritual de nuestros ni\u00f1os, j\u00f3venes y adultos.<\/span><br \/>\n<span style=\"font-family: Verdana; font-size: xx-small;\">El instituto de ense\u00f1anza est\u00e1 encuadrado dentro de la Direcci\u00f3n Provincial de Educaci\u00f3n de Gesti\u00f3n Privada y en la Direcci\u00f3n Provincial de Educaci\u00f3n Art\u00edstica<br \/>\nDIPREGEP N\u00ba 7533 Regi\u00f3n XI de la Provincia de Buenos Aires.<\/span><br \/>\n<b><i> Por otras im\u00e1genes, audios o entrevistas no dude en contactarse<\/i><\/b><\/p>\n<p align=\"center\">Acceso a toda la informaci\u00f3n ingresando en \u00a0<b><i><br \/>\n<a href=\"http:\/\/www.quasarcomunicacion.com.ar\/chopin\"> www.quasarcomunicacion.com.ar\/chopin<\/a> <\/i><\/b><\/p>\n<p align=\"center\"><span style=\"font-size: small;\"><b><i> Contactos de Prensa<\/i><\/b><\/span><\/p>\n<div align=\"left\">\n<table width=\"100%\" border=\"1\" cellpadding=\"2\" align=\"left\">\n<tbody>\n<tr>\n<td width=\"50%\">\n<p align=\"left\"><span style=\"font-size: medium;\"><strong> <span style=\"color: #808080; font-family: Arial; font-size: small;\"> Camila Sarmiento &#8211; Asistente de Cuentas<\/span><\/strong><\/span><\/p>\n<p><span style=\"font-size: xx-small;\"><span style=\"color: #ff0000;\"> Directo<\/span><b>: <\/b> 0230<\/span><span style=\"font-size: xx-small;\">-4664772<\/span><\/p>\n<p align=\"left\"><span style=\"font-size: xx-small;\"> <span style=\"color: #ff0000;\">M\u00f3vil:<\/span><b> <\/b> 0230<\/span><span style=\"font-size: xx-small;\">-15-4584535<br \/>\n011-15-6096-4656 ID 558*3763<\/span><\/p>\n<p align=\"left\"><span style=\"font-size: xx-small;\"> <span style=\"color: #ff0000;\">Mail<\/span><b>:<\/b><\/span><span style=\"font-size: xx-small;\"> <a href=\"mailto:fernanda@quasarcomunicacion.com.ar\"> asistente@quasarcomunicacion.com.ar<\/a><\/span><\/p>\n<p align=\"left\">\n<\/td>\n<td width=\"50%\">\n<p align=\"right\"><span style=\"font-size: medium;\"><strong> <span style=\"color: #808080; font-family: Arial; font-size: small;\"> Lic. Mar\u00eda Fernanda Ipata &#8211; Directora<br \/>\n<\/span> <\/strong><\/span> <span style=\"font-size: xx-small;\"><span style=\"color: #ff0000;\"><br \/>\nDirecto<\/span><b>: <\/b> 0230<\/span><span style=\"font-size: xx-small;\">-4664772<\/span><span style=\"font-size: xx-small;\"><br \/>\n<\/span><span style=\"font-size: xx-small;\"> <span style=\"color: #ff0000;\">M\u00f3vil:<\/span><b> <\/b> 0230<\/span><span style=\"font-size: xx-small;\">-15-4584535<br \/>\n011-15-6096-4656 ID 558*3763<br \/>\n<\/span><span style=\"color: #ff0000; font-size: xx-small;\"> Skype:<\/span><span style=\"font-size: xx-small;\"> quasarcomunicacion<br \/>\n<\/span><span style=\"color: #ff0000; font-size: xx-small;\"> Twitter:<\/span><span style=\"font-size: xx-small;\"> @quasarpilar<br \/>\n<\/span><span style=\"color: #ff0000; font-size: xx-small;\"> Gr<\/span><span style=\"color: #ff0000; font-size: xx-small;\">upo y p\u00e1gina en Facebook: <\/span> <span style=\"color: #808080; font-size: xx-small;\">www.facebook.com\/<\/span><a href=\"mailto:mfipata@gmail.com\"><span style=\"font-size: xx-small;\">Quasar<\/span><\/a><span style=\"font-size: xx-small;\">Comunicacion<br \/>\n<\/span><span style=\"font-size: xx-small;\"> <span style=\"color: #ff0000;\">LinkedIn<\/span><b>: <\/b><\/span> <a title=\"Ver perfil p\u00fablico\" href=\"http:\/\/ar.linkedin.com\/pub\/mar%C3%83%C2%AD-a-fernanda-ipata\/a\/293\/212\"> <span style=\"font-size: xx-small;\"> http:\/\/ar.linkedin.com\/pub\/mar%C3%AD-a-fernanda-ipata\/a\/293\/212<\/span><\/a><span style=\"font-size: xx-small;\"><br \/>\n<\/span><span style=\"color: #ff0000; font-size: xx-small;\"> Web:<\/span><b><\/b> <a href=\"http:\/\/www.quasarcomunicacion.com.ar\/\"> <span style=\"font-size: xx-small;\">www.quasarcomunicacion.com.ar<\/span><\/a><span style=\"font-size: xx-small;\"><br \/>\n<\/span><span style=\"font-size: xx-small;\"> <span style=\"color: #ff0000;\">Blog:<\/span> <a href=\"http:\/\/www.quasarcomunicacion.wordpress.com\/\">www.quasarcomunicacion.wordpress.com<\/a><span style=\"color: #ff0000;\"><br \/>\nMail<\/span><b>:<\/b><\/span><span style=\"font-size: xx-small;\"><a href=\"mailto:fernanda@quasarcomunicacion.com.ar\"> fernanda@quasarcomunicacion.com.ar<\/a><\/span><\/p>\n<\/td>\n<\/tr>\n<\/tbody>\n<\/table>\n<\/div>\n","protected":false},"excerpt":{"rendered":"<p>\u00a0Buenos Aires (10\/10\/2013) \u2013 El pasado viernes 4 de octubre, se desarrollaron las Primeras Jornadas Distritales de Educaci\u00f3n Inicial, una [&hellip;]<\/p>\n","protected":false},"author":2,"featured_media":2966,"comment_status":"open","ping_status":"open","sticky":false,"template":"","format":"standard","meta":[],"categories":[2],"tags":[],"_links":{"self":[{"href":"https:\/\/quasarcomunicacion.com.ar\/web\/wp-json\/wp\/v2\/posts\/2965"}],"collection":[{"href":"https:\/\/quasarcomunicacion.com.ar\/web\/wp-json\/wp\/v2\/posts"}],"about":[{"href":"https:\/\/quasarcomunicacion.com.ar\/web\/wp-json\/wp\/v2\/types\/post"}],"author":[{"embeddable":true,"href":"https:\/\/quasarcomunicacion.com.ar\/web\/wp-json\/wp\/v2\/users\/2"}],"replies":[{"embeddable":true,"href":"https:\/\/quasarcomunicacion.com.ar\/web\/wp-json\/wp\/v2\/comments?post=2965"}],"version-history":[{"count":0,"href":"https:\/\/quasarcomunicacion.com.ar\/web\/wp-json\/wp\/v2\/posts\/2965\/revisions"}],"wp:featuredmedia":[{"embeddable":true,"href":"https:\/\/quasarcomunicacion.com.ar\/web\/wp-json\/wp\/v2\/media\/2966"}],"wp:attachment":[{"href":"https:\/\/quasarcomunicacion.com.ar\/web\/wp-json\/wp\/v2\/media?parent=2965"}],"wp:term":[{"taxonomy":"category","embeddable":true,"href":"https:\/\/quasarcomunicacion.com.ar\/web\/wp-json\/wp\/v2\/categories?post=2965"},{"taxonomy":"post_tag","embeddable":true,"href":"https:\/\/quasarcomunicacion.com.ar\/web\/wp-json\/wp\/v2\/tags?post=2965"}],"curies":[{"name":"wp","href":"https:\/\/api.w.org\/{rel}","templated":true}]}}