{"id":2887,"date":"2013-09-04T18:38:35","date_gmt":"2013-09-04T18:38:35","guid":{"rendered":"http:\/\/quasarcomunicacion.wordpress.com\/?p=2887"},"modified":"2013-09-04T18:38:35","modified_gmt":"2013-09-04T18:38:35","slug":"intercambio-musical-entre-la-orquesta-de-ninos-yjovenes-de-la-ciudad-de-pilar-frederic-chopin-y-la-orquesta-escuela-san-martin","status":"publish","type":"post","link":"https:\/\/quasarcomunicacion.com.ar\/web\/intercambio-musical-entre-la-orquesta-de-ninos-yjovenes-de-la-ciudad-de-pilar-frederic-chopin-y-la-orquesta-escuela-san-martin\/","title":{"rendered":"Intercambio Musical entre la Orquesta de ni\u00f1os yj\u00f3venes de la ciudad de Pilar &quot;Fr\u00e9d\u00e9ric Chopin&quot; y la Orquesta Escuela San Mart\u00edn"},"content":{"rendered":"<p style=\"text-align: left;\" align=\"center\"><span style=\"font-family: Verdana; font-size: small; line-height: 1.5;\">El pr\u00f3ximo s\u00e1bado 21 de septiembre, la\u00a0<\/span><b style=\"font-family: Verdana; font-size: small; line-height: 1.5;\">Orquesta de ni\u00f1os y j\u00f3venes de la ciudad de Pilar \u00abFr\u00e9d\u00e9ric Chopin\u00bb<\/b><span style=\"font-family: Verdana; font-size: small; line-height: 1.5;\">\u00a0se reunir\u00e1 en San Mart\u00edn con la Orquesta Escuela San Mart\u00edn para realizar una exposici\u00f3n musical.<!--more--><\/span><\/p>\n<p><img loading=\"lazy\" alt=\"\" src=\"http:\/\/www.quasarcomunicacion.com.ar\/chopin\/orquestalopedevega1.gif\" width=\"550\" height=\"261\" border=\"0\" \/><br \/>\n<span style=\"font-family: Verdana; font-size: small;\">En el encuentro, las orquestas ejecutar\u00e1n obras de su repertorio para disfrutar en conjunto.<\/span><br \/>\n<span style=\"font-family: Verdana; font-size: small;\">La\u00a0<b>Orquesta de ni\u00f1os y j\u00f3venes de la ciudad de Pilar \u00abFr\u00e9d\u00e9ric Chopin\u00bb<\/b>\u00a0a cargo de la Directora Clara Parodi, presentar\u00e1 las siguientes obras:<\/span><br \/>\n<span style=\"font-family: Verdana; font-size: small;\">\u2022 El Trencito<br \/>\n\u2022 El Buloncito<br \/>\n\u2022 Minue<br \/>\n\u2022 Tradicional Irland\u00e9s<br \/>\n\u2022 El Humahuaque\u00f1o de E. Zaldivar<br \/>\n\u2022 Trepak de Tchaikovsky<br \/>\n\u2022 Misa Criolla de A. Ramirez<\/span><br \/>\n<span style=\"font-family: Verdana; font-size: small;\">El repertorio de la\u00a0<b>Orquesta de ni\u00f1os y j\u00f3venes de la ciudad de Pilar \u00abFr\u00e9d\u00e9ric Chopin\u00a0<\/b>var\u00eda todos los a\u00f1os, incluyendo obras dise\u00f1adas con arreglos espec\u00edficos para sus integrantes. Adaptan las dificultades a sus alumnos: en cada instrumento de la orquesta se presentan distintas dificultades adecuadas a cada m\u00fasico.<\/span><br \/>\n<img loading=\"lazy\" alt=\"\" src=\"http:\/\/www.quasarcomunicacion.com.ar\/chopin\/orquestalopedevega.gif\" width=\"550\" height=\"367\" border=\"0\" \/><br \/>\n<span style=\"font-family: Verdana; font-size: small;\">En esta ocasi\u00f3n, tambi\u00e9n est\u00e1n preparando obras para tocar en conjunto<\/span><br \/>\n<span style=\"font-family: Verdana;\"><span style=\"font-size: small;\">M\u00e1s informaci\u00f3n en la fan page del instituto<\/span><a href=\"http:\/\/www.facebook.com\/Institutosuperiorchopin?fref=ts\"><span style=\"font-size: small;\">http:\/\/www.facebook.com\/Institutosuperiorchopin<\/span><\/a><\/span><br \/>\n<b><span style=\"font-family: Verdana; font-size: small;\">Sobre la Orquesta<\/span><\/b><br \/>\n<span style=\"font-family: Verdana; font-size: xx-small;\">El<b>\u00a0Instituto Superior de Formaci\u00f3n Docente Fr\u00e9d\u00e9ric Chopin<\/b>\u00a0est\u00e1 llevando a cabo desde el a\u00f1o 2011 la creaci\u00f3n de una orquesta de ni\u00f1os y j\u00f3venes representativa de Pilar.<\/span><br \/>\n<span style=\"font-family: Verdana; font-size: xx-small;\">La propuesta surge del seno del cuerpo docente del departamento de m\u00fasica, directivo y personal auxiliar, como una necesidad innegable para nuestra comunidad: su propia orquesta juvenil con caracter\u00edsticas de inclusi\u00f3n social.<\/span><br \/>\n<span style=\"font-family: Verdana; font-size: xx-small;\">El mismo consiste en incorporar ni\u00f1os y j\u00f3venes de entre 8 y 18 a\u00f1os provenientes de las escuelas p\u00fablicas de nuestra localidad, asegur\u00e1ndoles:<\/span><br \/>\n<span style=\"font-family: Verdana; font-size: xx-small;\">Ense\u00f1anza pr\u00e1ctica de un instrumento en manos de profesionales de la pedagog\u00eda musical infantil.<br \/>\nInstrumento para la pr\u00e1ctica en calidad de comodato<br \/>\nAsistencia psicopedag\u00f3gica<br \/>\nMeriendas<br \/>\nParticipaci\u00f3n en audiciones y conciertos abiertos a la comunidad<br \/>\nIntercambio con otras instituciones educativas que aseguren su integraci\u00f3n social y su apertura hacia diferentes \u00e1mbitos.<\/span><br \/>\n<span style=\"font-family: Verdana; font-size: xx-small;\">Todo ello en forma absolutamente gratuita.<\/span><br \/>\n<span style=\"font-family: Verdana; font-size: small;\"><b>Sobre el Instituto Frederic Chopin<\/b><\/span><br \/>\n<img loading=\"lazy\" alt=\"\" src=\"http:\/\/www.quasarcomunicacion.com.ar\/chopin\/chopin.gif\" width=\"300\" height=\"317\" align=\"right\" hspace=\"6\" vspace=\"6\" \/><span style=\"font-family: Verdana; font-size: xx-small;\">La sede del Instituto est\u00e1 en Villa Morra en la calle Julio A. Roca 226 \u2013 entre 9 de julio y Sanguinetti \u2013 Pilar. Informes e inscripciones llamando al 0230-4432957 \/\/ 0230-4375273 \/\/ 011-15-37349414 \/\/ Radio 737*5854 o escribiendo a<a href=\"mailto:info@instituto\">info@institutochopin.edu.ar<\/a>\u00a0M\u00e1s info<a href=\"http:\/\/www.institutochopin.edu.ar\/\">www.institutochopin.edu.ar<\/a><\/span><br \/>\n<span style=\"font-family: Verdana; font-size: xx-small;\">En el\u00a0<b>Instituto Frederic Chopin<\/b>\u00a0se puede estudiar Profesorado de Educaci\u00f3n Inicial, Profesorado de Educaci\u00f3n F\u00edsica, Profesorado de Educaci\u00f3n Musical, Profesorado de Danzas Folcl\u00f3ricas, Profesorado de Expresi\u00f3n Corporal, Profesorado de M\u00fasica (Orientaci\u00f3n Canto L\u00edrico Camar\u00edstico) y el Profesorado de M\u00fasica (Orientaci\u00f3n Instrumentos).<\/span><br \/>\n<span style=\"font-family: Verdana; font-size: xx-small;\">Cabe destacar que el Instituto fue creado en el a\u00f1o 2003 por la asociaci\u00f3n civil denominada Centro de Formaci\u00f3n Cultural de la ciudad de Pilar, con el objetivo de promover el desarrollo social a trav\u00e9s de las capacitaciones docentes en diversas disciplinas, apostando al crecimiento de nuestra sociedad con la educaci\u00f3n, la cultura, el desarrollo f\u00edsico, moral y espiritual de nuestros ni\u00f1os, j\u00f3venes y adultos.<\/span><br \/>\n<span style=\"font-family: Verdana; font-size: xx-small;\">El instituto de ense\u00f1anza est\u00e1 encuadrado dentro de la Direcci\u00f3n Provincial de Educaci\u00f3n de Gesti\u00f3n Privada y en la Direcci\u00f3n Provincial de Educaci\u00f3n Art\u00edstica<br \/>\nDIPREGEP N\u00ba 7533 Regi\u00f3n XI de la Provincia de Buenos Aires.<\/span><\/p>\n","protected":false},"excerpt":{"rendered":"<p>El pr\u00f3ximo s\u00e1bado 21 de septiembre, la\u00a0Orquesta de ni\u00f1os y j\u00f3venes de la ciudad de Pilar \u00abFr\u00e9d\u00e9ric Chopin\u00bb\u00a0se reunir\u00e1 en [&hellip;]<\/p>\n","protected":false},"author":2,"featured_media":2895,"comment_status":"open","ping_status":"open","sticky":false,"template":"","format":"standard","meta":[],"categories":[2],"tags":[],"_links":{"self":[{"href":"https:\/\/quasarcomunicacion.com.ar\/web\/wp-json\/wp\/v2\/posts\/2887"}],"collection":[{"href":"https:\/\/quasarcomunicacion.com.ar\/web\/wp-json\/wp\/v2\/posts"}],"about":[{"href":"https:\/\/quasarcomunicacion.com.ar\/web\/wp-json\/wp\/v2\/types\/post"}],"author":[{"embeddable":true,"href":"https:\/\/quasarcomunicacion.com.ar\/web\/wp-json\/wp\/v2\/users\/2"}],"replies":[{"embeddable":true,"href":"https:\/\/quasarcomunicacion.com.ar\/web\/wp-json\/wp\/v2\/comments?post=2887"}],"version-history":[{"count":0,"href":"https:\/\/quasarcomunicacion.com.ar\/web\/wp-json\/wp\/v2\/posts\/2887\/revisions"}],"wp:featuredmedia":[{"embeddable":true,"href":"https:\/\/quasarcomunicacion.com.ar\/web\/wp-json\/wp\/v2\/media\/2895"}],"wp:attachment":[{"href":"https:\/\/quasarcomunicacion.com.ar\/web\/wp-json\/wp\/v2\/media?parent=2887"}],"wp:term":[{"taxonomy":"category","embeddable":true,"href":"https:\/\/quasarcomunicacion.com.ar\/web\/wp-json\/wp\/v2\/categories?post=2887"},{"taxonomy":"post_tag","embeddable":true,"href":"https:\/\/quasarcomunicacion.com.ar\/web\/wp-json\/wp\/v2\/tags?post=2887"}],"curies":[{"name":"wp","href":"https:\/\/api.w.org\/{rel}","templated":true}]}}