{"id":2884,"date":"2013-09-04T16:46:25","date_gmt":"2013-09-04T16:46:25","guid":{"rendered":"http:\/\/quasarcomunicacion.wordpress.com\/?p=2884"},"modified":"2013-09-04T16:46:25","modified_gmt":"2013-09-04T16:46:25","slug":"vi-edicion-de-la-justa-del-saber-del-polo-educativo-pilar-en-la-usal","status":"publish","type":"post","link":"https:\/\/quasarcomunicacion.com.ar\/web\/vi-edicion-de-la-justa-del-saber-del-polo-educativo-pilar-en-la-usal\/","title":{"rendered":"VI Edici\u00f3n de la Justa del Saber del Polo Educativo Pilar en la USAL"},"content":{"rendered":"<p style=\"text-align: left;\" align=\"center\"><span style=\"line-height: 1.5;\">Estrenando nueva modalidad de certamen, el <\/span><b style=\"line-height: 1.5;\">Polo Educativo Pilar <\/b><span style=\"line-height: 1.5;\">retom\u00f3 la organizaci\u00f3n de la <\/span><b style=\"line-height: 1.5;\">Justa del Saber<\/b><span style=\"line-height: 1.5;\">, iniciativa que no se realizaba desde 2008. De esta manera, esta ma\u00f1ana se realiz\u00f3 su sexta edici\u00f3n en el Auditorio del Campus Nuestra Se\u00f1ora del Pilar.<!--more--><\/span><\/p>\n<p>\u00a0La <b>Justa del Saber<\/b>, en su 6ta Edici\u00f3n tuvo la particularidad que en la misma compitieron equipos conformados en ternas integradas, cada una, por alumnos de distintos colegios. De esta manera lo que se pretende es lograr la integraci\u00f3n entre alumnos de los distintos establecimientos educativos.<br \/>\nLa competencia por equipos comprendi\u00f3 3 categor\u00edas: 1\u00ba A\u00f1o, 2\u00ba A\u00f1o y 3\u00ba A\u00f1o de la escuela secundaria y participar\u00e1n de ella 13 instituciones asociadas al <b>Polo Educativo Pilar. <\/b><br \/>\n\u00abTras el \u00e9xito de esta primera experiencia el a\u00f1o pr\u00f3ximo invitaremos a participar a escuelas de gesti\u00f3n p\u00fablica de Pilar, para que sus alumnos integren tambi\u00e9n las ternas con alumnos de establecimientos de gesti\u00f3n privada. De esta forma estaremos contribuyendo a la integraci\u00f3n y a la camarader\u00eda que debe existir entre ambas escuelas\u00bb, indic\u00f3 el Lic. Marcelo Gilly, Director Ejecutivo del <b>Polo Educativo Pilar<\/b>, quien no ocult\u00f3 su satisfacci\u00f3n por el resultado de la actividad<b>.<\/b><br \/>\nEl cuestionario consist\u00eda en 4 preguntas (tres en castellano y una en ingl\u00e9s) y ten\u00edan un tiempo de 2 minutos para responderlas por escrito. Cada categor\u00eda ten\u00eda cuatro rondas, en caso de empate se implement\u00f3 una quinta ronda. Esta situaci\u00f3n de empate se dio en dos de las categor\u00edas.<br \/>\nEl Jurado estuvo integrado por la Prof. Olga Colatarci y la Prof. Fernanda Iacapraro, ambas docentes de la Universidad del Salvador. En dos categor\u00edas se debi\u00f3 proceder a una nueva serie de preguntas de desempate para lograr los ganadores.<br \/>\nEl certamen cont\u00f3 con la impecable conducci\u00f3n de la Lic. Marcela Andrade y la Prof. Vivian Rotger quienes compartieron la conducci\u00f3n durante toda la comptencia. Se entregaron premios para los primeros, segundos y terceros premios de cada categor\u00eda consistentes en medallas doradas, de plata y de bronce respectivamente.<\/p>\n","protected":false},"excerpt":{"rendered":"<p>Estrenando nueva modalidad de certamen, el Polo Educativo Pilar retom\u00f3 la organizaci\u00f3n de la Justa del Saber, iniciativa que no [&hellip;]<\/p>\n","protected":false},"author":2,"featured_media":2897,"comment_status":"open","ping_status":"open","sticky":false,"template":"","format":"standard","meta":[],"categories":[2],"tags":[],"_links":{"self":[{"href":"https:\/\/quasarcomunicacion.com.ar\/web\/wp-json\/wp\/v2\/posts\/2884"}],"collection":[{"href":"https:\/\/quasarcomunicacion.com.ar\/web\/wp-json\/wp\/v2\/posts"}],"about":[{"href":"https:\/\/quasarcomunicacion.com.ar\/web\/wp-json\/wp\/v2\/types\/post"}],"author":[{"embeddable":true,"href":"https:\/\/quasarcomunicacion.com.ar\/web\/wp-json\/wp\/v2\/users\/2"}],"replies":[{"embeddable":true,"href":"https:\/\/quasarcomunicacion.com.ar\/web\/wp-json\/wp\/v2\/comments?post=2884"}],"version-history":[{"count":0,"href":"https:\/\/quasarcomunicacion.com.ar\/web\/wp-json\/wp\/v2\/posts\/2884\/revisions"}],"wp:featuredmedia":[{"embeddable":true,"href":"https:\/\/quasarcomunicacion.com.ar\/web\/wp-json\/wp\/v2\/media\/2897"}],"wp:attachment":[{"href":"https:\/\/quasarcomunicacion.com.ar\/web\/wp-json\/wp\/v2\/media?parent=2884"}],"wp:term":[{"taxonomy":"category","embeddable":true,"href":"https:\/\/quasarcomunicacion.com.ar\/web\/wp-json\/wp\/v2\/categories?post=2884"},{"taxonomy":"post_tag","embeddable":true,"href":"https:\/\/quasarcomunicacion.com.ar\/web\/wp-json\/wp\/v2\/tags?post=2884"}],"curies":[{"name":"wp","href":"https:\/\/api.w.org\/{rel}","templated":true}]}}