{"id":2806,"date":"2013-08-22T21:51:16","date_gmt":"2013-08-22T21:51:16","guid":{"rendered":"http:\/\/quasarcomunicacion.wordpress.com\/?p=2806"},"modified":"2013-08-22T21:51:16","modified_gmt":"2013-08-22T21:51:16","slug":"momento-cero-en-revista-mi-bebe","status":"publish","type":"post","link":"https:\/\/quasarcomunicacion.com.ar\/web\/momento-cero-en-revista-mi-bebe\/","title":{"rendered":"Momento Cero en Revista Mi Beb\u00e9"},"content":{"rendered":"<p>Nota en Revista Mi Beb\u00e9 de julio-agosto, nota sobre las Redes Sociales y los chicos publicada en la edici\u00f3n N\u00ba 32 donde consultaron a las especialistas de Momento Cero<!--more--><\/p>\n<p><a href=\"https:\/\/quasarcomunicacion.com.ar\/web\/wp-content\/uploads\/2013\/08\/Revista-Mi-Beb\u00e9-julio-agosto-Tapa1.jpg\"><img class=\"alignnone\" alt=\"Revista Mi Beb\u00e9, julio agosto Tapa\" src=\"https:\/\/quasarcomunicacion.com.ar\/web\/wp-content\/uploads\/2013\/08\/Revista-Mi-Beb\u00e9-julio-agosto-Tapa1-216x300.jpg\" \/><\/a><\/p>\n<p><a href=\"http:\/\/quasarcomunicacion.wordpress.com\/2013\/08\/22\/momento-cero-en-revista-mi-bebe\/revista-mi-bebe-julio-agosto-de-2013\/\" rel=\"attachment wp-att-2807\"><img loading=\"lazy\" class=\"aligncenter size-full wp-image-2807\" alt=\"Revista Mi Beb\u00e9, julio agosto de 2013\" src=\"http:\/\/quasarcomunicacion.files.wordpress.com\/2013\/08\/revista-mi-bebc3a9-julio-agosto-de-2013.jpg\" width=\"640\" height=\"900\" \/><\/a><\/p>\n","protected":false},"excerpt":{"rendered":"<p>Nota en Revista Mi Beb\u00e9 de julio-agosto, nota sobre las Redes Sociales y los chicos publicada en la edici\u00f3n N\u00ba [&hellip;]<\/p>\n","protected":false},"author":2,"featured_media":2995,"comment_status":"open","ping_status":"open","sticky":false,"template":"","format":"standard","meta":[],"categories":[42],"tags":[],"_links":{"self":[{"href":"https:\/\/quasarcomunicacion.com.ar\/web\/wp-json\/wp\/v2\/posts\/2806"}],"collection":[{"href":"https:\/\/quasarcomunicacion.com.ar\/web\/wp-json\/wp\/v2\/posts"}],"about":[{"href":"https:\/\/quasarcomunicacion.com.ar\/web\/wp-json\/wp\/v2\/types\/post"}],"author":[{"embeddable":true,"href":"https:\/\/quasarcomunicacion.com.ar\/web\/wp-json\/wp\/v2\/users\/2"}],"replies":[{"embeddable":true,"href":"https:\/\/quasarcomunicacion.com.ar\/web\/wp-json\/wp\/v2\/comments?post=2806"}],"version-history":[{"count":0,"href":"https:\/\/quasarcomunicacion.com.ar\/web\/wp-json\/wp\/v2\/posts\/2806\/revisions"}],"wp:featuredmedia":[{"embeddable":true,"href":"https:\/\/quasarcomunicacion.com.ar\/web\/wp-json\/wp\/v2\/media\/2995"}],"wp:attachment":[{"href":"https:\/\/quasarcomunicacion.com.ar\/web\/wp-json\/wp\/v2\/media?parent=2806"}],"wp:term":[{"taxonomy":"category","embeddable":true,"href":"https:\/\/quasarcomunicacion.com.ar\/web\/wp-json\/wp\/v2\/categories?post=2806"},{"taxonomy":"post_tag","embeddable":true,"href":"https:\/\/quasarcomunicacion.com.ar\/web\/wp-json\/wp\/v2\/tags?post=2806"}],"curies":[{"name":"wp","href":"https:\/\/api.w.org\/{rel}","templated":true}]}}