{"id":2780,"date":"2013-08-16T16:36:56","date_gmt":"2013-08-16T16:36:56","guid":{"rendered":"http:\/\/quasarcomunicacion.wordpress.com\/?p=2780"},"modified":"2013-08-16T16:36:56","modified_gmt":"2013-08-16T16:36:56","slug":"llega-a-pilar-telares-del-alma","status":"publish","type":"post","link":"https:\/\/quasarcomunicacion.com.ar\/web\/llega-a-pilar-telares-del-alma\/","title":{"rendered":"Llega a Pilar Telares del alma"},"content":{"rendered":"<p style=\"text-align: left;\" align=\"center\"><span style=\"font-family: Verdana; font-size: small; line-height: 1.5;\">\u00a0La muestra<\/span><b style=\"font-family: Verdana; font-size: small; line-height: 1.5;\">\u00a0\u00abTelares del Alma\u00bb\u00a0<\/b><span style=\"font-family: Verdana; font-size: small; line-height: 1.5;\">estar\u00e1 abierta hasta el 10 de septiembre en el\u00a0<\/span><b style=\"font-family: Verdana; font-size: small; line-height: 1.5;\">Club de Mujeres Ejecutivas<\/b><span style=\"font-family: Verdana; font-size: small; line-height: 1.5;\">\u00a0-sede Pilar- y pertenece a la artista Visual, M\u00f3nica Coda, quien desde el a\u00f1o 1977 reside en la Ciudad de Venado Tuerto, provincia de Santa Fe.<!--more--><\/span><\/p>\n<p><a href=\"https:\/\/quasarcomunicacion.com.ar\/web\/wp-content\/uploads\/2013\/08\/coda.gif\"><img class=\"aligncenter\" alt=\"coda\" src=\"https:\/\/quasarcomunicacion.com.ar\/web\/wp-content\/uploads\/2013\/08\/coda.gif\" \/><\/a><br \/>\n<span style=\"font-family: Verdana; font-size: small;\">La obra representa la cultura de Am\u00e9rica precolombina en las manos de los pueblos,\u00a0<b>\u201cTelares del Alma\u201d\u00a0<\/b>son mandalas americanos, meditaciones en movimiento y s\u00edmbolos que se expresan. Im\u00e1genes del inconsciente colectivo de los pueblos originarios que hacen a su est\u00e9tica y se enuncian en todas sus formas.<\/span><br \/>\n<span style=\"font-family: Verdana; font-size: small;\">M\u00f3nica naci\u00f3 en La Plata, se mud\u00f3 a Venado Tuerto en diciembre de 1977. Es docente de nivel superior en Turismo y Bellas Artes. Pinta . Da conferencias de Patrimonio Cultural. Dice que el arte es su personalidad y que as\u00ed vive, en ese estado permanente.<\/span><br \/>\n<span style=\"font-family: Verdana; font-size: small;\">Sus trabajos son el resultado de la Historia del Arte, las culturas y sus viajes ya que como bien ella define \u201cviajar es como caminar entre los libros\u201d. Su obra sintetiza la memoria viva y los museos, los s\u00edmbolos y la influencia de algunos artistas como Picasso, Xul Solar y Torres Ag\u00fcero.<\/span><br \/>\n<span style=\"font-family: Verdana; font-size: small;\">Sus trabajos se encuentran en colecciones privadas en la Argentina y Europa.<\/span><br \/>\n<b><span style=\"font-family: Verdana; font-size: small;\">M\u00f3nica Coda<\/span><\/b><br \/>\n<span style=\"font-family: Verdana; font-size: xx-small;\">Licenciada y profesora en Historia del Arte, egresada de la Universidad de La Plata.<br \/>\nEspecialista en Patrimonio Cultural y Antropolog\u00eda Cultural.<br \/>\nMaster en Gesti\u00f3n y Pol\u00edticas Culturales.<br \/>\nPost\u00edtulo en Educaci\u00f3n en el contexto de la marginalidad urbana.<br \/>\nPosgrado en Epistemolog\u00eda del Arte.<br \/>\nDesarrolla actividades como:<br \/>\nCatedr\u00e1tica, artista pl\u00e1stica, conferencista e investigadora. Se desempe\u00f1a como docente en la carrera de \u00abArtes en Artes Visuales\u00bb del I.S.P. N\u00b0 7 de Venado Tuerto, en las c\u00e1tedras de: Antropolog\u00eda Cultural, Est\u00e9ticas Contempor\u00e1neas, Historia del Arte, Trayecto de Pr\u00e1ctica y Proyecto final.<br \/>\nParticip\u00f3 de numerosas muestras a nivel local, nacional e internacional.<\/span><br \/>\n<span style=\"font-family: Verdana; font-size: small;\"><b>Mujeres Ejecutivas I Club privado Sede Pilar<\/b><br \/>\nPanamericana Km 51 I Edificio Panamericana 50<br \/>\nHorario de Lunes a Viernes de 14 a 18<br \/>\nInformes al 15-6128-7521 o escribiendo a\u00a0<\/span><a href=\"mailto:info@mujeresejecutivas.net\">info@mujeresejecutivas.net<\/a><br \/>\n<img loading=\"lazy\" alt=\"\" src=\"http:\/\/www.quasarcomunicacion.com.ar\/mujeresejecutivas\/logoclub.gif\" width=\"300\" height=\"312\" align=\"right\" border=\"0\" hspace=\"6\" vspace=\"6\" \/><span style=\"font-family: Verdana; font-size: small;\"><b>Sobre Mujeres Ejecutivas\u00ae<\/b><\/span><br \/>\n<span style=\"font-family: Verdana; font-size: xx-small;\"><b>Mujeres Ejecutivas Club Privado\u00ae<\/b>\u00a0naci\u00f3 en el a\u00f1o 2010 con el objetivo de ofrecer un espacio de encanto a mujeres que aspiran a una cultura de \u00e9xito, afectos, cuidados personales, espiritualidad, paz y responsabilidad social sin perder de vista los negocios y las finanzas.<\/span><br \/>\n<span style=\"font-family: Verdana; font-size: small;\"><b>\u00bfC\u00f3mo asociarse?<\/b><\/span><br \/>\n<span style=\"font-family: Verdana; font-size: xx-small;\">Para Asociarse las mujeres deben enviar una solicitud a info@mujeresejecutivas.net con datos personales y profesionales, intereses y carta de recomendaci\u00f3n.<\/span><br \/>\n<span style=\"font-family: Verdana; font-size: xx-small;\">Un comit\u00e9 aprueba los datos y se convoca a una entrevista personal. Una vez aceptada la candidata, se debe abonar la membres\u00eda y cuota anual.<\/span><br \/>\n<span style=\"font-family: Verdana; font-size: xx-small;\">Toda la informaci\u00f3n la encuentran en<a href=\"http:\/\/www.mujeres-ejecutivas.com\/\">www.mujeres-ejecutivas.com<\/a><\/span><\/p>\n","protected":false},"excerpt":{"rendered":"<p>\u00a0La muestra\u00a0\u00abTelares del Alma\u00bb\u00a0estar\u00e1 abierta hasta el 10 de septiembre en el\u00a0Club de Mujeres Ejecutivas\u00a0-sede Pilar- y pertenece a la [&hellip;]<\/p>\n","protected":false},"author":2,"featured_media":3024,"comment_status":"open","ping_status":"open","sticky":false,"template":"","format":"standard","meta":[],"categories":[2],"tags":[],"_links":{"self":[{"href":"https:\/\/quasarcomunicacion.com.ar\/web\/wp-json\/wp\/v2\/posts\/2780"}],"collection":[{"href":"https:\/\/quasarcomunicacion.com.ar\/web\/wp-json\/wp\/v2\/posts"}],"about":[{"href":"https:\/\/quasarcomunicacion.com.ar\/web\/wp-json\/wp\/v2\/types\/post"}],"author":[{"embeddable":true,"href":"https:\/\/quasarcomunicacion.com.ar\/web\/wp-json\/wp\/v2\/users\/2"}],"replies":[{"embeddable":true,"href":"https:\/\/quasarcomunicacion.com.ar\/web\/wp-json\/wp\/v2\/comments?post=2780"}],"version-history":[{"count":0,"href":"https:\/\/quasarcomunicacion.com.ar\/web\/wp-json\/wp\/v2\/posts\/2780\/revisions"}],"wp:featuredmedia":[{"embeddable":true,"href":"https:\/\/quasarcomunicacion.com.ar\/web\/wp-json\/wp\/v2\/media\/3024"}],"wp:attachment":[{"href":"https:\/\/quasarcomunicacion.com.ar\/web\/wp-json\/wp\/v2\/media?parent=2780"}],"wp:term":[{"taxonomy":"category","embeddable":true,"href":"https:\/\/quasarcomunicacion.com.ar\/web\/wp-json\/wp\/v2\/categories?post=2780"},{"taxonomy":"post_tag","embeddable":true,"href":"https:\/\/quasarcomunicacion.com.ar\/web\/wp-json\/wp\/v2\/tags?post=2780"}],"curies":[{"name":"wp","href":"https:\/\/api.w.org\/{rel}","templated":true}]}}