{"id":2749,"date":"2013-08-13T18:33:17","date_gmt":"2013-08-13T18:33:17","guid":{"rendered":"http:\/\/quasarcomunicacion.wordpress.com\/?p=2749"},"modified":"2013-08-13T18:33:17","modified_gmt":"2013-08-13T18:33:17","slug":"el-dia-del-nino-se-disfruta-en-la-reserva-natural-de-pilar","status":"publish","type":"post","link":"https:\/\/quasarcomunicacion.com.ar\/web\/el-dia-del-nino-se-disfruta-en-la-reserva-natural-de-pilar\/","title":{"rendered":"El D\u00eda del Ni\u00f1o se disfruta  en la Reserva Natural de Pilar"},"content":{"rendered":"<p style=\"text-align:left;\" align=\"center\"><i style=\"color:#444444;line-height:1.5;\"><\/i><span style=\"font-family:Verdana;\"><span style=\"font-size:small;\">El pr\u00f3ximo domingo 18 de agosto, en la<b>\u00a0Reserva Natural del Pilar<\/b>\u00a0se celebrar\u00e1 el D\u00eda del Ni\u00f1o con diversas actividades gratuitas y abiertas a la comunidad.<!--more--><\/span><\/span><\/p>\n<p><img loading=\"lazy\" alt=\"\" src=\"http:\/\/www.quasarcomunicacion.com.ar\/reserva\/2013\/charla.gif\" width=\"550\" height=\"413\" border=\"0\" \/><br \/>\n<span style=\"font-family:Verdana;font-size:small;\">A las 13 hs se brindar\u00e1 una visita guiada para ni\u00f1os por el espacio protegido que se encuentra a menos de 2 km del casco urbano de la ciudad del Pilar y de la Panamericana (Ramal Pilar). Su acceso es muy f\u00e1cil ya que hay asfalto hasta el ingreso a la misma y el colectivo 503 llega hasta all\u00ed, indica a Ex F\u00e1brica Militar y parte del centro de Pilar. La Reserva se encuentra en la calle Argerich sin n\u00famero, detr\u00e1s de la ex F\u00e1brica Militar, por ruta 25 camino a Escobar.<\/span><br \/>\n<img loading=\"lazy\" alt=\"\" src=\"http:\/\/www.quasarcomunicacion.com.ar\/reserva\/2013\/charla1.gif\" width=\"550\" height=\"413\" border=\"0\" \/><br \/>\n<span style=\"font-family:Verdana;font-size:small;\">A las 15 se realizar\u00e1n talleres para ni\u00f1os:<\/span><br \/>\n<span style=\"font-family:Verdana;font-size:small;\"><b>1-PLANTINES DE ESPECIES NATIVAS<\/b>: Se confeccionar\u00e1n macetas con elementos reutilizados, se decorar\u00e1n y realizar\u00e1n plantines a partir de semillas de especies nativas,<\/span><br \/>\n<span style=\"font-family:Verdana;font-size:small;\"><b>2-CERAMICA:<\/b>\u00a0Se iniciar\u00e1 en el conocimiento de arcillas de la zona y producci\u00f3n de una pieza b\u00e1sica de cer\u00e1mica<\/span><br \/>\n<span style=\"font-family:Verdana;font-size:small;\">Para los talleres se requiere inscripci\u00f3n previa escribiendo a<a href=\"mailto:info@patrimonionatural.org.ar\">info@patrimonionatural.org.ar<\/a><\/span><br \/>\n<span style=\"font-family:Verdana;font-size:small;\">Fotos de la Reserva\u00a0<\/span><a href=\"https:\/\/picasaweb.google.com\/patrimonionatural\">https:\/\/picasaweb.google.com\/patrimonionatural<\/a><br \/>\n<span style=\"font-family:Verdana;font-size:small;\">Los que deseen participar pueden comunicarse al 011 15 57302504 o al 0230-4667065\u00a0<\/span><\/p>\n","protected":false},"excerpt":{"rendered":"<p>El pr\u00f3ximo domingo 18 de agosto, en la\u00a0Reserva Natural del Pilar\u00a0se celebrar\u00e1 el D\u00eda del Ni\u00f1o con diversas actividades gratuitas [&hellip;]<\/p>\n","protected":false},"author":2,"featured_media":0,"comment_status":"open","ping_status":"open","sticky":false,"template":"","format":"standard","meta":[],"categories":[2],"tags":[],"_links":{"self":[{"href":"https:\/\/quasarcomunicacion.com.ar\/web\/wp-json\/wp\/v2\/posts\/2749"}],"collection":[{"href":"https:\/\/quasarcomunicacion.com.ar\/web\/wp-json\/wp\/v2\/posts"}],"about":[{"href":"https:\/\/quasarcomunicacion.com.ar\/web\/wp-json\/wp\/v2\/types\/post"}],"author":[{"embeddable":true,"href":"https:\/\/quasarcomunicacion.com.ar\/web\/wp-json\/wp\/v2\/users\/2"}],"replies":[{"embeddable":true,"href":"https:\/\/quasarcomunicacion.com.ar\/web\/wp-json\/wp\/v2\/comments?post=2749"}],"version-history":[{"count":0,"href":"https:\/\/quasarcomunicacion.com.ar\/web\/wp-json\/wp\/v2\/posts\/2749\/revisions"}],"wp:attachment":[{"href":"https:\/\/quasarcomunicacion.com.ar\/web\/wp-json\/wp\/v2\/media?parent=2749"}],"wp:term":[{"taxonomy":"category","embeddable":true,"href":"https:\/\/quasarcomunicacion.com.ar\/web\/wp-json\/wp\/v2\/categories?post=2749"},{"taxonomy":"post_tag","embeddable":true,"href":"https:\/\/quasarcomunicacion.com.ar\/web\/wp-json\/wp\/v2\/tags?post=2749"}],"curies":[{"name":"wp","href":"https:\/\/api.w.org\/{rel}","templated":true}]}}