{"id":2745,"date":"2013-08-12T14:52:09","date_gmt":"2013-08-12T14:52:09","guid":{"rendered":"http:\/\/quasarcomunicacion.wordpress.com\/?p=2745"},"modified":"2013-08-12T14:52:09","modified_gmt":"2013-08-12T14:52:09","slug":"el-ceeta-en-fm-palermo","status":"publish","type":"post","link":"https:\/\/quasarcomunicacion.com.ar\/web\/el-ceeta-en-fm-palermo\/","title":{"rendered":"El CEETA en FM Palermo"},"content":{"rendered":"<p>Compartimos la entrevista en vivo que le realizaron ayer en el programa 4 patas de FM Palermo en la cual la Lic. Gabriela Mart\u00ednez Castro habl\u00f3 sobre estr\u00e9s postraum\u00e1tico luego de la tragedia de Rosario<\/p>\n<p><!--more-->Hacer click para escuchar el audio<\/p>\n<p><a href=\"http:\/\/www.goear.com\/listen\/a7591fb\/nota-fm-palermo-4-patas-lic-gabriela-martinez-castro\">http:\/\/www.goear.com\/listen\/a7591fb\/nota-fm-palermo-4-patas-lic-gabriela-martinez-castro\u00a0<\/a><\/p>\n","protected":false},"excerpt":{"rendered":"<p>Compartimos la entrevista en vivo que le realizaron ayer en el programa 4 patas de FM Palermo en la cual [&hellip;]<\/p>\n","protected":false},"author":2,"featured_media":0,"comment_status":"open","ping_status":"open","sticky":false,"template":"","format":"standard","meta":[],"categories":[42],"tags":[],"_links":{"self":[{"href":"https:\/\/quasarcomunicacion.com.ar\/web\/wp-json\/wp\/v2\/posts\/2745"}],"collection":[{"href":"https:\/\/quasarcomunicacion.com.ar\/web\/wp-json\/wp\/v2\/posts"}],"about":[{"href":"https:\/\/quasarcomunicacion.com.ar\/web\/wp-json\/wp\/v2\/types\/post"}],"author":[{"embeddable":true,"href":"https:\/\/quasarcomunicacion.com.ar\/web\/wp-json\/wp\/v2\/users\/2"}],"replies":[{"embeddable":true,"href":"https:\/\/quasarcomunicacion.com.ar\/web\/wp-json\/wp\/v2\/comments?post=2745"}],"version-history":[{"count":0,"href":"https:\/\/quasarcomunicacion.com.ar\/web\/wp-json\/wp\/v2\/posts\/2745\/revisions"}],"wp:attachment":[{"href":"https:\/\/quasarcomunicacion.com.ar\/web\/wp-json\/wp\/v2\/media?parent=2745"}],"wp:term":[{"taxonomy":"category","embeddable":true,"href":"https:\/\/quasarcomunicacion.com.ar\/web\/wp-json\/wp\/v2\/categories?post=2745"},{"taxonomy":"post_tag","embeddable":true,"href":"https:\/\/quasarcomunicacion.com.ar\/web\/wp-json\/wp\/v2\/tags?post=2745"}],"curies":[{"name":"wp","href":"https:\/\/api.w.org\/{rel}","templated":true}]}}