{"id":2658,"date":"2013-07-31T15:08:44","date_gmt":"2013-07-31T15:08:44","guid":{"rendered":"http:\/\/quasarcomunicacion.wordpress.com\/?p=2658"},"modified":"2013-07-31T15:08:44","modified_gmt":"2013-07-31T15:08:44","slug":"la-importancia-de-la-lactancia-materna","status":"publish","type":"post","link":"https:\/\/quasarcomunicacion.com.ar\/web\/la-importancia-de-la-lactancia-materna\/","title":{"rendered":"La importancia de la lactancia materna"},"content":{"rendered":"<p style=\"text-align:left;\" align=\"center\"><span style=\"font-family:Verdana;font-size:small;line-height:1.5;\">\u00a0En la semana de la Lactancia Materna,\u00a0<\/span><b style=\"font-family:Verdana;font-size:small;line-height:1.5;\">Momento Cero (www.momentocero.com.ar)\u00a0<\/b><span style=\"font-family:Verdana;font-size:small;line-height:1.5;\">elabor\u00f3 el siguiente informe sobre la importancia de este tema y c\u00f3mo prepararse para alimentar al beb\u00e9.<!--more--><\/span><\/p>\n<p><span style=\"font-family:Verdana;font-size:small;\">Desde la instituci\u00f3n, aseguran que \u00abseguimos pensando que en muchas cuestiones es mejor estar acompa\u00f1ada, a la hora de alimentar\u2026 la mam\u00e1 y el beb\u00e9 dan forma a una unidad indisoluble. Por eso, recomendamos algunas lecturas previas, durante el embarazo, hacer todas las preguntas necesarias al obstetra, al pediatra y a las puericultoras. Siempre hay una amiga que ya pas\u00f3 por la experiencia o simplemente la mam\u00e1 o la suegra. Sin dejar de lado tu intuici\u00f3n\u00bb, dicen.<\/span><br \/>\n<span style=\"font-family:Verdana;font-size:small;\">La Lic. Emilia Canzutti, de\u00a0<b>Momento Cero<\/b>, indica que \u00abdar la teta es muy sabido que trae ventajas y se puede saber previamente c\u00f3mo salvar los obst\u00e1culos que se pueden presentar. Es un encuentro \u00edntimo donde te vas acercando muy lentamente para conocer las necesidades de tu beb\u00e9, el contacto cercano, la mirada a una distancia \u00f3ptima hacen que el lactante empiece a reconocer olores, sentir el sost\u00e9n corporal y dar inicio a un juego placentero. Todos los que observamos \u00e9sta imagen quedamos fascinados, es sin\u00f3nimo de uni\u00f3n, paz, alegr\u00eda y por sobretodo de mucho amor\u00bb<\/span><br \/>\n<span style=\"font-family:Verdana;font-size:small;\">Por su parte, la Lic. Adriana L\u00f3pez, co-fundadora de\u00a0<b>Momento Cer<\/b>o, comenta que \u00abel beb\u00e9 necesita alimentarse para crecer, y este acto involucra la presencia de lo emocional, el encuentro de las miradas, el contacto en las caricias, el juego compartido\u2026. Quiz\u00e1s no se da desde el primer d\u00eda de teta o mamadera, es algo que se construye d\u00eda a d\u00eda que facilita conocerse mutuamente y reconocer cu\u00e1ndo es necesario hacer algunos cambios, el ritmo de las mamadas, incluir un suplemento, etc\u00bb<\/span><br \/>\n<span style=\"font-family:Verdana;font-size:small;\">Desde el Momento Cero de estos encuentros, en un estado de comuni\u00f3n placentera, se establecen los pilares m\u00e1s importantes de un apego sano y seguro.<\/span><br \/>\n<span style=\"font-family:Verdana;font-size:small;\">En \u00e9sta experiencia de amoldamiento, el beb\u00e9 se moldea cuerpo a cuerpo, se relaja, adquiere confianza y da comienzo a su regulaci\u00f3n interna.<\/span><br \/>\n<span style=\"font-family:Verdana;font-size:small;\">Los especialistas recomiendan que \u00abla mam\u00e1 busque un lugar c\u00f3modo donde alimentarlo. Qu\u00e9 compa\u00f1\u00eda necesita.., alguien cerca o una buena m\u00fasica. Al principio es recomendada la libre demanda y al cabo de unas semanas es importante ir instalando una rutina\u00bb.<\/span><br \/>\n<span style=\"font-family:Verdana;font-size:small;\">Por las noches cuando el beb\u00e9 llora es muy com\u00fan asociarlo con que tiene hambre, no todas las veces es esa la raz\u00f3n. Puede ser que se sienta raro por la oscuridad o por el silencio propio de la noche, m\u00e1s la soledad de su cuna. En estos casos conviene consultar con el pediatra y decidir qu\u00e9 es lo m\u00e1s conveniente.<\/span><br \/>\n<span style=\"font-family:Verdana;font-size:small;\">El hambre, el sue\u00f1o, los c\u00f3licos, tensionan al beb\u00e9, se reconocen por los movimientos corporales globales y gestos que dan cuenta del malestar, del dolor y la situaci\u00f3n afectiva de angustia que acompa\u00f1a.<\/span><br \/>\n<span style=\"font-family:Verdana;font-size:small;\">La excitaci\u00f3n y el desorden convocan al otro humano para ser asistido, y comprendido en su necesidad. Esto es el comienzo de la comunicaci\u00f3n.<\/span><br \/>\n<span style=\"font-family:Verdana;font-size:small;\">El ritmo de tensi\u00f3n y bienestar m\u00e1s la satisfacci\u00f3n de la necesidad, producen momentos de uni\u00f3n e intercambio que transforman la experiencia en enriquecedora para ambos.<\/span><br \/>\n<span style=\"font-family:Verdana;font-size:small;\">M\u00e1s informaci\u00f3n o consultas escribiendo a\u00a0<a href=\"mailto:contacto@momentocero.com.ar\">contacto@momentocero.com.ar<\/a>\u00a0o en la web\u00a0<a href=\"http:\/\/www.momentocero.com.ar\/\">www.momentocero.com.ar<\/a><\/span><br \/>\n<b><span style=\"font-family:Verdana;font-size:small;\">Lic. Emilia Canzutti<\/span><\/b><br \/>\n<span style=\"font-family:Verdana;font-size:xx-small;\">Licenciada en Psicolog\u00eda. Universidad del Salvador. Especialista en vincularidad temprana.<\/span><br \/>\n<span style=\"font-family:Verdana;font-size:xx-small;\">Profesora en psicolog\u00eda. Universidad del Salvador.<\/span><br \/>\n<span style=\"font-family:Verdana;font-size:xx-small;\">Coordinadora del \u00e1rea de psicolog\u00eda del centro de Psicopatolog\u00eda Infanto-Juvenil de San Isidro.<br \/>\nPsic\u00f3loga de ni\u00f1os, adolescentes y adultos.<\/span><br \/>\n<span style=\"font-family:Verdana;font-size:xx-small;\">Abordaje en Psicodiagn\u00f3stico, tratamiento individual, Orientaci\u00f3n a padres, Asesoramiento a instituciones educativas.<\/span><br \/>\n<span style=\"font-family:Verdana;font-size:xx-small;\">Coordinadora del Seminario de Observaci\u00f3n de Lactantes, m\u00e9todo de Esther Bick, para profesionales de la salud.<\/span><br \/>\n<span style=\"font-family:Verdana;font-size:xx-small;\">Creadora y coordinadora de Momento Cero, programa destinado al trabajo con padres e hijos con el objetivo de favorecer un desarrollo emocional sano.<\/span><br \/>\n<span style=\"font-family:Verdana;font-size:xx-small;\">Creadora y coordinadora de EPsiS Equipo psicol\u00f3gico para la Salud.<\/span><br \/>\n<span style=\"font-family:Verdana;font-size:xx-small;\">Zona Norte: La Lucila, Martinez, Acassuso, Beccar.<\/span><br \/>\n<b><span style=\"font-family:Verdana;font-size:small;\">Adriana Marcela L\u00f3pez<\/span><\/b><br \/>\n<span style=\"font-family:Verdana;font-size:xx-small;\">Licenciada en Psicolog\u00eda de la Universidad de Buenos Aires. Especialista en vincularidad temprana.<\/span><br \/>\n<span style=\"font-family:Verdana;font-size:xx-small;\">Psic\u00f3loga y supervisora del Centro de Psicopatolog\u00eda Infanto-Juvenil de San Isidro.<br \/>\nPsic\u00f3loga de ni\u00f1os, adolescentes y adultos. Abordaje en Psicodiagn\u00f3stico, tratamiento individual, Orientaci\u00f3n a padres, Asesoramiento a instituciones educativas.<\/span><br \/>\n<span style=\"font-family:Verdana;font-size:xx-small;\">Coordinadora del Seminario de Observaci\u00f3n de Lactantes, m\u00e9todo de Esther Bick, para profesionales de la salud.<\/span><br \/>\n<span style=\"font-family:Verdana;font-size:xx-small;\">Creadora y coordinadora de Momento Cero, programa destinado al trabajo con padres e hijos con el objetivo de favorecer un desarrollo emocional sano.<\/span><br \/>\n<span style=\"font-family:Verdana;font-size:xx-small;\">Creadora y coordinadora de EPsiS Equipo psicol\u00f3gico para la Salud C.A.B.A.: Centro, Palermo, Belgrano<\/span><\/p>\n","protected":false},"excerpt":{"rendered":"<p>\u00a0En la semana de la Lactancia Materna,\u00a0Momento Cero (www.momentocero.com.ar)\u00a0elabor\u00f3 el siguiente informe sobre la importancia de este tema y c\u00f3mo [&hellip;]<\/p>\n","protected":false},"author":2,"featured_media":0,"comment_status":"open","ping_status":"open","sticky":false,"template":"","format":"standard","meta":[],"categories":[34],"tags":[],"_links":{"self":[{"href":"https:\/\/quasarcomunicacion.com.ar\/web\/wp-json\/wp\/v2\/posts\/2658"}],"collection":[{"href":"https:\/\/quasarcomunicacion.com.ar\/web\/wp-json\/wp\/v2\/posts"}],"about":[{"href":"https:\/\/quasarcomunicacion.com.ar\/web\/wp-json\/wp\/v2\/types\/post"}],"author":[{"embeddable":true,"href":"https:\/\/quasarcomunicacion.com.ar\/web\/wp-json\/wp\/v2\/users\/2"}],"replies":[{"embeddable":true,"href":"https:\/\/quasarcomunicacion.com.ar\/web\/wp-json\/wp\/v2\/comments?post=2658"}],"version-history":[{"count":0,"href":"https:\/\/quasarcomunicacion.com.ar\/web\/wp-json\/wp\/v2\/posts\/2658\/revisions"}],"wp:attachment":[{"href":"https:\/\/quasarcomunicacion.com.ar\/web\/wp-json\/wp\/v2\/media?parent=2658"}],"wp:term":[{"taxonomy":"category","embeddable":true,"href":"https:\/\/quasarcomunicacion.com.ar\/web\/wp-json\/wp\/v2\/categories?post=2658"},{"taxonomy":"post_tag","embeddable":true,"href":"https:\/\/quasarcomunicacion.com.ar\/web\/wp-json\/wp\/v2\/tags?post=2658"}],"curies":[{"name":"wp","href":"https:\/\/api.w.org\/{rel}","templated":true}]}}