{"id":2621,"date":"2013-07-29T20:45:45","date_gmt":"2013-07-29T20:45:45","guid":{"rendered":"http:\/\/quasarcomunicacion.wordpress.com\/?p=2621"},"modified":"2013-07-29T20:45:45","modified_gmt":"2013-07-29T20:45:45","slug":"las-fotografias-aseguran-la-interaccion-de-los-usuarios-con-la-marca-en-facebook","status":"publish","type":"post","link":"https:\/\/quasarcomunicacion.com.ar\/web\/las-fotografias-aseguran-la-interaccion-de-los-usuarios-con-la-marca-en-facebook\/","title":{"rendered":"Las fotograf\u00edas aseguran la interacci\u00f3n de los usuarios con la marca en Facebook"},"content":{"rendered":"<header>\n<h1><span style=\"font-size:16px;line-height:24px;color:#444444;\"><!--more--><\/span><a style=\"font-size:16px;line-height:1.5;\" href=\"http:\/\/www.trecebits.com\/wp-content\/uploads\/2013\/07\/most-shared-posts-photos-1-.png\"><img loading=\"lazy\" alt=\"most-shared-posts-photos-1-\" src=\"http:\/\/www.trecebits.com\/wp-content\/uploads\/2013\/07\/most-shared-posts-photos-1--595x438.png\" width=\"595\" height=\"438\" \/><\/a><\/h1>\n<\/header>\n<div>\nPodr\u00edamos afirmarlo sin caer en la exageraci\u00f3n. Seg\u00fan el \u00faltimo\u00a0<a href=\"http:\/\/www.socialbakers.com\/blog\/1749-photos-make-up-93-of-the-most-engaging-posts-on-facebook\" target=\"_blank\" rel=\"noopener noreferrer\">estudio<\/a>\u00a0que ha realizado la consultora SocialBakers (de la que somos\u00a0<a href=\"http:\/\/www.trecebits.com\/2013\/02\/07\/trecebits-se-convierte-en-media-partner-oficial-de-socialbakers-para-espana\/\" target=\"_blank\" rel=\"noopener noreferrer\">media partner oficial para Espa\u00f1a<\/a>\u00a0y Latinoam\u00e9rica) analizando los datos de 5.000 p\u00e1ginas de empresa en Facebook, las im\u00e1genes son el motor de las interacciones con los usuarios.<\/p>\n<blockquote><p>El 93% de los posts con m\u00e1s interacciones tienen fotograf\u00edas<\/p><\/blockquote>\n<p>Del total de art\u00edculos con m\u00e1s interacciones,\u00a0<strong>el 93% correspond\u00edan a publicaciones con fotograf\u00edas<\/strong>. S\u00f3lo el 3% de los usuarios comentarion, compartieron o dieron a \u2018me gusta\u2019 en posts compuestos por texto (actualizaciones de estado) o por v\u00eddeos.<br \/>\nEl a\u00f1o pasado, en estas mismas fechas, SocialBakers hac\u00eda p\u00fablico el mismo estudio, que se\u00f1alaba que\u00a0<strong>el 85% de los posts con m\u00e1s interacciones correspond\u00edan a fotograf\u00edas.<\/strong><br \/>\nEl incremento de siete puntos porcentuales en tan s\u00f3lo un a\u00f1o deja claro que el usuario busca el contenido visual en su relaci\u00f3n con la marca.\u00a0<strong>Las fotos, hoy d\u00eda, fomentan m\u00e1s la interacci\u00f3n que nunca.<\/strong><br \/>\n<strong>FUENTE<\/strong>:\u00a0<a href=\"http:\/\/www.trecebits.com\/2013\/07\/29\/las-fotografias-aseguran-la-interaccion-de-los-usuarios-con-la-marca-en-facebook\/\">http:\/\/www.trecebits.com\/2013\/07\/29\/las-fotografias-aseguran-la-interaccion-de-los-usuarios-con-la-marca-en-facebook\/<\/a>\n<\/div>\n","protected":false},"excerpt":{"rendered":"","protected":false},"author":2,"featured_media":0,"comment_status":"open","ping_status":"open","sticky":false,"template":"","format":"standard","meta":[],"categories":[64],"tags":[],"_links":{"self":[{"href":"https:\/\/quasarcomunicacion.com.ar\/web\/wp-json\/wp\/v2\/posts\/2621"}],"collection":[{"href":"https:\/\/quasarcomunicacion.com.ar\/web\/wp-json\/wp\/v2\/posts"}],"about":[{"href":"https:\/\/quasarcomunicacion.com.ar\/web\/wp-json\/wp\/v2\/types\/post"}],"author":[{"embeddable":true,"href":"https:\/\/quasarcomunicacion.com.ar\/web\/wp-json\/wp\/v2\/users\/2"}],"replies":[{"embeddable":true,"href":"https:\/\/quasarcomunicacion.com.ar\/web\/wp-json\/wp\/v2\/comments?post=2621"}],"version-history":[{"count":0,"href":"https:\/\/quasarcomunicacion.com.ar\/web\/wp-json\/wp\/v2\/posts\/2621\/revisions"}],"wp:attachment":[{"href":"https:\/\/quasarcomunicacion.com.ar\/web\/wp-json\/wp\/v2\/media?parent=2621"}],"wp:term":[{"taxonomy":"category","embeddable":true,"href":"https:\/\/quasarcomunicacion.com.ar\/web\/wp-json\/wp\/v2\/categories?post=2621"},{"taxonomy":"post_tag","embeddable":true,"href":"https:\/\/quasarcomunicacion.com.ar\/web\/wp-json\/wp\/v2\/tags?post=2621"}],"curies":[{"name":"wp","href":"https:\/\/api.w.org\/{rel}","templated":true}]}}