{"id":2619,"date":"2013-07-29T19:18:45","date_gmt":"2013-07-29T19:18:45","guid":{"rendered":"http:\/\/quasarcomunicacion.wordpress.com\/?p=2619"},"modified":"2013-07-29T19:18:45","modified_gmt":"2013-07-29T19:18:45","slug":"el-invierno-es-bueno-para-ansiosos","status":"publish","type":"post","link":"https:\/\/quasarcomunicacion.com.ar\/web\/el-invierno-es-bueno-para-ansiosos\/","title":{"rendered":"El invierno es bueno para ansiosos"},"content":{"rendered":"<p><span style=\"font-family:Verdana;font-size:small;\">No todos sufren las bajas temperaturas caracter\u00edsticas del invierno que ya lleg\u00f3. Para los ansiosos, esta podr\u00eda decirse que \u00abes la mejor estaci\u00f3n del a\u00f1o\u00bb. Seg\u00fan el\u00a0<b>Centro de Estudios Especializado en Trastornos de Ansiedad (CEETA)\u00a0<\/b>el tiempo fr\u00edo ayuda a reducir la sintomatolog\u00eda f\u00edsica y por lo tanto, emocional, de la ansiedad.<!--more--><\/span><\/p>\n<div align=\"center\">\n<table id=\"AutoNumber5\" width=\"90%\" border=\"0\" cellspacing=\"4\" cellpadding=\"4\">\n<tbody>\n<tr>\n<td bgcolor=\"#ECFFF9\" width=\"100%\"><i><span style=\"font-family:Verdana;font-size:xx-small;\">La licenciada Gabriela Mart\u00ed<\/span><\/i><span style=\"font-family:Verdana;font-size:xx-small;\"><i>nez Castro, directora del CEETA, est\u00e1 disponible para consultas o entrevistas sobre el tema. Comunicarse al 0230-4664772 \u00f3 011-15-6096-4656 para concretarlas o enviar un mail a\u00a0<a href=\"mailto:gabriela@quasarcomunicacion.com.ar\">fernanda@quasarcomunicacion.com.ar\u00a0<\/a>\u00a0<\/i><\/span><\/td>\n<\/tr>\n<\/tbody>\n<\/table>\n<\/div>\n<p align=\"left\"><img loading=\"lazy\" alt=\"\" src=\"http:\/\/www.quasarcomunicacion.com.ar\/ceeta\/lic.gif\" width=\"300\" height=\"225\" align=\"right\" hspace=\"6\" vspace=\"6\" \/><\/p>\n<p><span style=\"font-family:Verdana;font-size:small;\">Tal es as\u00ed que la Licenciada Gabriela Mart\u00ednez Castro, especialista en Trastornos de Ansiedad y Directora del\u00a0<b>CEETA,<\/b>asegura que \u00abesto es bueno porque dentro de los s\u00edntomas caracter\u00edsticos de los trastornos de ansiedad est\u00e1 la sudoraci\u00f3n y el calor, esto les da pauta de que est\u00e1n en la antesala de una crisis de p\u00e1nico o de ansiedad. El fr\u00edo mitiga el calor por lo tanto tambi\u00e9n el temor a padecr una crisis\u00bb.<\/span><br \/>\n<span style=\"font-family:Verdana;font-size:small;\">Esto deriva en que los ansiosos pasen mejor sus vidas durante las bajas temperaturas.<\/span><br \/>\n<span style=\"font-family:Verdana;font-size:small;\">\u00a0El\u00a0<b>Centro de Estudios Especializados en Trastornos de Ansiedad (CEETA)<\/b>tiene su sede central en el Edificio Concord-Sector Los Almendros-piso segundo Oficina 202. Km 50 de la ruta Panamericana ramal Pilar. Tel\u00e9fono: 02322-667175 \u00f3 al Celular 15-4416-1578\u00a0<a href=\"http:\/\/www.ceeta.org\/\">www.ceeta.org<\/a>\u00a0 Tambi\u00e9n tiene sedes en Parque Patricios, Barrio Norte, Belgrano, San Isidro, Mor\u00f3n y tambi\u00e9n en Madrid (Espa\u00f1a)<\/span><\/p>\n<div align=\"center\">\n<table id=\"AutoNumber7\" width=\"90%\" border=\"0\" cellspacing=\"4\" cellpadding=\"4\">\n<tbody>\n<tr>\n<td bgcolor=\"#ECFFF9\" width=\"100%\"><i><span style=\"font-family:Verdana;font-size:xx-small;\">Especialistas del CEETA<\/span><\/i><span style=\"font-family:Verdana;font-size:xx-small;\"><i>\u00a0est\u00e1n disponible para consultas o entrevistas sobre el tema. Comunicarse al 011-4110-0183 \u00f3 011-15-6096-4656 para concretarlas o enviar un mail a<a href=\"mailto:noelia@quasarcomunicacion.com.ar\">fernanda@quasarcomunicacion.com.ar<\/a>\u00a0<\/i><\/span><\/td>\n<\/tr>\n<\/tbody>\n<\/table>\n<\/div>\n<p align=\"left\"><span style=\"font-family:Verdana;font-size:small;\">En los \u00faltimos a\u00f1os se ha registrado un considerable aumento de pacientes que padecen los denominados trastornos de ansiedad, enfermedad que hoy se conoce con nombre y apellido.<\/span><\/p>\n<p align=\"left\"><span style=\"font-family:Verdana;font-size:small;\">La inseguridad cotidiana, la presi\u00f3n en el \u00e1mbito laboral, la inestabilidad en el trabajo, las consecuencias del cambio clim\u00e1tico, el cansancio, las guerras, las cat\u00e1strofes naturales, los accidentes, son una constante en la vida de muchos argentinos. \u201cActualmente vivimos expuestos a una vor\u00e1gine de stress que nos agobia y aturde, por eso cada vez hay m\u00e1s pacientes con trastornos de ansiedad\u201d, explica desde su consultorio en Pilar la Lic. Gabriela Mart\u00ednez Castro, especialista en Trastornos de Ansiedad.<\/span><\/p>\n<p align=\"left\"><span style=\"font-family:Verdana;font-size:small;\">Lo que ocurre es que no es malo sentirse ansioso, ya que como aclara la terapeuta \u201ctodos tenemos ansiedad, porque es algo corriente y normal en los seres humanos\u201d. Sin embargo, esta ansiedad debe establecerse dentro de determinados par\u00e1metros para que sea considerada como ben\u00e9vola, \u201ccuando supera l\u00edmites normales, la ansiedad comienza a ser un problema. Cuando la ansiedad produce un deterioro en la calidad de vida de la persona, ah\u00ed estamos frente a un trastorno que no puede ser resuelto sin ayuda externa\u201d, comenta la Licenciada en Psicolog\u00eda, especialista en la materia.<\/span><\/p>\n<p><img loading=\"lazy\" alt=\"\" src=\"https:\/\/quasarcomunicacion.com.ar\/ansiedad\/ansiedad1.gif\" width=\"200\" height=\"237\" align=\"left\" hspace=\"6\" vspace=\"6\" \/><span style=\"font-family:Verdana;font-size:small;\">Lo cierto es que se consideran a estos trastornos como una patolog\u00eda y sus pacientes, si bien \u201cse recuperan\u201d, cargan con estos toda su vida, ya que son cr\u00f3nicos.<\/span><\/p>\n<p align=\"left\"><span style=\"font-family:Verdana;font-size:small;\">Sin embargo, la gente que los presenta suele no darse cuenta de tal situaci\u00f3n. Como explica Gabriela Mart\u00ednez Castro: \u201cel psic\u00f3logo es el \u00faltimo profesional al que llega el paciente, ya que previamente hace el recorrido por todas las otras especialidades m\u00e9dicas. Hasta que se cansa de que todos le digan que \u2018est\u00e1 sano y no tiene nada\u2019, es ah\u00ed donde consulta a un terapeuta, ya sea psic\u00f3logo o psiquiatra\u201d.<\/span><\/p>\n<p align=\"left\"><span style=\"font-family:Verdana;font-size:small;\">Pero\u00a0<i>\u00bfc\u00f3mo hace una persona para reconocer un trastorno de ansiedad?<\/i>\u00a0Tiene que existir una situaci\u00f3n que se convierta en factor desencadenante por el cual el sujeto se sienta aturdido. Mart\u00ednez Castro comenta que \u201cla ansiedad en valores normales nos permite reaccionar y preparar una respuesta en forma de conducta, cuando nos vemos enfrentados a los hechos de la vida cotidiana\u201d. Sin embargo, cuando \u00e9sta desborda a la persona y su reacci\u00f3n se considera anormal, se habla de un probable trastorno de ansiedad.<\/span><\/p>\n<p align=\"left\"><span style=\"font-family:Verdana;font-size:small;\">Se considera tambi\u00e9n como factor para la posible manifestaci\u00f3n de un trastorno de ansiedad una franja de predisposici\u00f3n gen\u00e9tica en la persona: \u201cel c\u00edrculo familiar o laboral alimenta el trastorno\u201d, comenta la especialista.<br \/>\n<b><br \/>\nLOS TIPOS<\/b><\/span><\/p>\n<p align=\"left\">\n<p align=\"left\"><img loading=\"lazy\" alt=\"\" src=\"https:\/\/quasarcomunicacion.com.ar\/ansiedad\/ansiedad.gif\" width=\"277\" height=\"207\" align=\"right\" hspace=\"6\" vspace=\"6\" \/><span style=\"font-family:Verdana;font-size:small;\">Entre los trastornos de ansiedad se encuentran: ataques de p\u00e1nico; trastorno obsesivo compulsivo (TOC); fobia espec\u00edfica; stress post traum\u00e1tico; trastorno por ansiedad generalizada y trastorno por ansiedad social. Cada uno con sus caracter\u00edsticas particulares, s\u00edntomas y efectos.<\/span><\/p>\n<p align=\"left\"><span style=\"font-family:Verdana;font-size:small;\">Respecto de los ataques de p\u00e1nico, la edad aproximada de manifestaci\u00f3n es a partir de los 18 a\u00f1os, \u201ccuando la persona est\u00e1 en la edad madurativa y se ve enfrentada a la toma de decisiones importantes\u201d, explica la Licenciada. Esta patolog\u00eda presenta s\u00edntomas f\u00edsicos: \u201cel paciente experimenta la sensaci\u00f3n de estar cerca de la muerte, o la locura, sufre taquicardia, falta de respiraci\u00f3n, ahogo, entre otros efectos\u201d, dice Mart\u00ednez Castro. Por lo general el primer episodio de p\u00e1nico no se olvida jam\u00e1s, a partir de all\u00ed es normal que el que lo ha sufrido tenga la sensaci\u00f3n de que pronto volver\u00e1 a ocurrirle. \u201cQuienes tienen ataques de p\u00e1nico no pueden quedarse solos, porque a partir de que viven el primer ataque, su conducta cambia completamente; evita lugares donde sufri\u00f3 la crisis, procura no realizar la acci\u00f3n que realizaba al momento de manifestarse el p\u00e1nico; en fin, su conducta se ve limitada y la vida del paciente se restringe hasta el aislamiento\u201d, explica Gabriela Mart\u00ednez. Esta tipolog\u00eda en particular de trastornos de ansiedad, suele avanzar r\u00e1pidamente y tiene consecuencias graves.<\/span><\/p>\n<p align=\"left\"><span style=\"font-family:Verdana;font-size:small;\">El Trastorno Obsesivo Compulsivo (TOC) suele manifestarse espont\u00e1neamente o bien despu\u00e9s de que la persona atraviesa un evento espec\u00edfico que lo desencadena. Los pacientes que lo sufren hacen que una cantidad considerable de rituales y pensamientos obsesivos imposibiliten el curso de una vida normal. Seg\u00fan la especialista \u201ces el trastorno de peor diagn\u00f3stico\u201d y siempre necesita la complementaci\u00f3n con psicof\u00e1rmacos para tratarlo.<\/span><\/p>\n<p align=\"left\"><span style=\"font-family:Verdana;font-size:small;\">Otra de las psicopatolog\u00edas es la fobia espec\u00edfica, que generalmente se gesta en la ni\u00f1ez. En este caso el enfermo reacciona a elementos que no tienen por qu\u00e9 ser fob\u00edgenos. Al respecto, Gabriela Mart\u00ednez Castro comenta que \u201csuele ser el de m\u00e1s r\u00e1pida soluci\u00f3n y no requiere la ingesta de psicof\u00e1rmacos\u201d.<\/span><\/p>\n<p align=\"left\"><span style=\"font-family:Verdana;font-size:small;\">El stress post traum\u00e1tico tambi\u00e9n es otro trastorno de ansiedad cuya causa es una situaci\u00f3n que pone en riesgo la integridad psicof\u00edsica de la persona (ya sean robos, accidentes, toma de rehenes, etc.) y lo pone en una situaci\u00f3n de mucho stress. Lo curioso acerca de este trastorno como dice la Licenciada es que \u201csuele disparar otros\u201d. Adem\u00e1s una vez vivida la situaci\u00f3n desencadenante, \u201cel paciente acostumbra a revivirla continuamente con todos los sentidos, de modo que su rutina se ve interrumpida y sufre\u201d, dice Martinez Castro.<\/span><\/p>\n<p align=\"left\"><span style=\"font-family:Verdana;font-size:small;\">En cuanto al trastorno por ansiedad generalizada es com\u00fan que se manifieste cerca de la vida adulta. \u201cEn esta patolog\u00eda la persona se preocupa excesivamente por cuestiones de la vida cotidiana y no puede priorizar, pues le resulta igual de importante la operaci\u00f3n de riesgo de un familiar que llegar impuntual a una cita\u201d, explica la especialista.<\/span><\/p>\n<p align=\"left\"><span style=\"font-family:Verdana;font-size:small;\">Y por \u00faltimo, el trastorno por ansiedad social que suele desarrollarse en la adolescencia, y cuyo rasgo distintivo es el temor a ser rechazado o criticado negativamente, por lo cual el paciente evita situaciones sociales y se a\u00edsla.<br \/>\n<b>LA SOLUCI\u00d3N<\/b><br \/>\nA pesar de este panorama desalentador de aumento de estos trastornos de ansiedad, los profesionales especializados ofrecen una soluci\u00f3n a este problema.<\/span><\/p>\n<p align=\"left\"><span style=\"font-family:Verdana;font-size:small;\">En el caso particular de la Licenciada Mart\u00ednez Castro, quien se especializa en el \u00e1rea, propone realizar terapias cognitivas conductuales que se caracterizan fundamentalmente porque son breves: de 6 meses a 1 a\u00f1o con una alta participaci\u00f3n del paciente, con tareas para el hogar y acompa\u00f1amiento del enfermo en la situaci\u00f3n de dificultad.<\/span><\/p>\n<p align=\"left\"><span style=\"font-family:Verdana;font-size:small;\">Mart\u00ednez Castro trabaja sobre los patrones de conducta que est\u00e1n distorsionados y que por lo tanto no son acordes a una vida saludable, como as\u00ed tambi\u00e9n sobre el aspecto cognitivo, es decir, sobre las formas que adquiere el pensamiento de la persona, que en caso de ser enferma est\u00e1 alterado al realizar conclusiones err\u00f3neas. Dicha terapia se realiza en conjunto psic\u00f3logo-paciente, con la participaci\u00f3n eventual de un acompa\u00f1ante terap\u00e9utico o co-terapeuta, por lo general alguien del c\u00edrculo familiar. Tambi\u00e9n se rescata que durante las sesiones la psic\u00f3loga, seg\u00fan el avance que presente el paciente, lo acompa\u00f1a a la situaci\u00f3n concreta que le produce ansiedad.<\/span><\/p>\n<p align=\"left\"><span style=\"font-family:Verdana;font-size:small;\">Lo importante es que es necesario tratarlos ya que \u201ccon un trastorno de ansiedad es imposible vivir. Ninguno permite el curso normal de la vida, y la persona no puede solucionarlo sola, debe recurrir a ayuda profesional\u201d, explica la Psic\u00f3loga. Y en este tipo de tratamientos se provee las herramientas necesarias para que quien lo padezca se sienta recuperado y pueda continuar una vida saludable.<\/span><\/p>\n","protected":false},"excerpt":{"rendered":"<p>No todos sufren las bajas temperaturas caracter\u00edsticas del invierno que ya lleg\u00f3. Para los ansiosos, esta podr\u00eda decirse que \u00abes [&hellip;]<\/p>\n","protected":false},"author":2,"featured_media":0,"comment_status":"open","ping_status":"open","sticky":false,"template":"","format":"standard","meta":[],"categories":[2],"tags":[],"_links":{"self":[{"href":"https:\/\/quasarcomunicacion.com.ar\/web\/wp-json\/wp\/v2\/posts\/2619"}],"collection":[{"href":"https:\/\/quasarcomunicacion.com.ar\/web\/wp-json\/wp\/v2\/posts"}],"about":[{"href":"https:\/\/quasarcomunicacion.com.ar\/web\/wp-json\/wp\/v2\/types\/post"}],"author":[{"embeddable":true,"href":"https:\/\/quasarcomunicacion.com.ar\/web\/wp-json\/wp\/v2\/users\/2"}],"replies":[{"embeddable":true,"href":"https:\/\/quasarcomunicacion.com.ar\/web\/wp-json\/wp\/v2\/comments?post=2619"}],"version-history":[{"count":0,"href":"https:\/\/quasarcomunicacion.com.ar\/web\/wp-json\/wp\/v2\/posts\/2619\/revisions"}],"wp:attachment":[{"href":"https:\/\/quasarcomunicacion.com.ar\/web\/wp-json\/wp\/v2\/media?parent=2619"}],"wp:term":[{"taxonomy":"category","embeddable":true,"href":"https:\/\/quasarcomunicacion.com.ar\/web\/wp-json\/wp\/v2\/categories?post=2619"},{"taxonomy":"post_tag","embeddable":true,"href":"https:\/\/quasarcomunicacion.com.ar\/web\/wp-json\/wp\/v2\/tags?post=2619"}],"curies":[{"name":"wp","href":"https:\/\/api.w.org\/{rel}","templated":true}]}}