{"id":2472,"date":"2013-07-04T18:03:40","date_gmt":"2013-07-04T18:03:40","guid":{"rendered":"http:\/\/quasarcomunicacion.wordpress.com\/?p=2472"},"modified":"2013-07-04T18:03:40","modified_gmt":"2013-07-04T18:03:40","slug":"el-polo-educativo-de-pilar-realizo-su-cuarto-encuentro-coral-anual","status":"publish","type":"post","link":"https:\/\/quasarcomunicacion.com.ar\/web\/el-polo-educativo-de-pilar-realizo-su-cuarto-encuentro-coral-anual\/","title":{"rendered":"El Polo Educativo de Pilar realiz\u00f3 su cuarto Encuentro Coral Anual"},"content":{"rendered":"<p style=\"text-align:left;\" align=\"center\"><span style=\"font-family:Verdana;font-size:small;line-height:1.5;\">\u00a0El mi\u00e9rcoles 26 de junio, se realiz\u00f3 el\u00a0<\/span><b style=\"font-family:Verdana;font-size:small;line-height:1.5;\">Encuentro Coral Senior<\/b><span style=\"font-family:Verdana;font-size:small;line-height:1.5;\">, con entrada libre y gratuita, en el Auditorio de la Universidad del Salvador. Fue organizado por el\u00a0<\/span><b style=\"font-family:Verdana;font-size:small;line-height:1.5;\">Polo Educativo de Pilar\u00a0<\/b><span style=\"font-family:Verdana;font-size:small;line-height:1.5;\">bajo la direcci\u00f3n art\u00edstica de Javier Escobar, Director del coro de Del Viso Day School.<!--more--><\/span><\/p>\n<p>\u00a0<span style=\"font-family:Verdana;font-size:small;\">En esta oportunidad, se lucieron los coros de los alumnos de secundaria del Colegio North Hills, St. John\u2019s School, Bede\u2019s Grammar School, Northern International School, Del Viso Day School y St. Matthew\u2019s College.<\/span><br \/>\n<b><span style=\"font-family:Verdana;font-size:small;\">El programa del encuentro<\/span><\/b><br \/>\n<span style=\"font-family:Verdana;font-size:small;\">El Lic. Marcelo Gilly, Director Ejecutivo del\u00a0<b>Polo Educativo Pilar<\/b>, dio comienzo a la ceremonia con una breves palabras de bienvenida. A su t\u00e9rmino, Javier Escobar,\u00a0 Director del coro de Del Viso Day School y coordinador art\u00edstico, dio paso a la presentaci\u00f3n de los<\/span><span style=\"font-family:Verdana;font-size:small;\">\u00a0coros presentes. Tras su presentaci\u00f3n comenz\u00f3 la actuaci\u00f3n de los coros de los seis colegios participantes frente a un auditorio colmado<\/span><br \/>\n<span style=\"font-size:small;line-height:1.5;\">De izquierda a derecha: Marcelo Gilly, Sandra Pichetti, Alberto Noble y Juan Ranwez, directores del Polo Educativo Pilar.<\/span><br \/>\n<span style=\"font-family:Verdana;font-size:small;\"><b>Interpretaron<\/b>:<\/span><br \/>\n<span style=\"font-family:Verdana;font-size:small;\">Colegio North Hills &#8211; Directora: Mar\u00eda Dibar. Asistente: Isabel Vega Olmos.<br \/>\n\u00abHallelujah\u00bb (Leonard Cohen)<br \/>\n\u00abPara hablar de mi amor\u00bb (Silvina Garr\u00e9. Arr: Ricardo Sagastiz\u00e1bal)<\/span><br \/>\n<span style=\"font-family:Verdana;font-size:small;\">St. John\u2019s School (Sede Pilar) &#8211; Director: Francisco Javier Duran.<br \/>\n\u00abWish you were here\u00bb (Roger Waters. Arr: Francisco Duran)<br \/>\n\u00abLa vieja\u00bb (Hermanos D\u00edaz y Oscar Valles. Arr: Francisco Duran)<\/span><br \/>\n<span style=\"font-family:Verdana;font-size:small;\">Bede\u2019s Grammar School &#8211; Directora: Clara Luther.<br \/>\n\u201cAfrica\u201d. Toto<br \/>\n\u201cLike a prayer\u201d. Madonna<br \/>\n\u201cHallelujah\u201d. Handel versi\u00f3n gospel quincy jones.<\/span><br \/>\n<span style=\"font-family:Verdana;font-size:small;\">Northern International School &#8211; Director: Francisco Javier Duran.<br \/>\n\u00abZamba de mi esperanza\u00bb (Luis Morales. Arr: Francisco Duran)<br \/>\n\u00abCan`t buy me love\u00bb (Lennon \/ McCartney. Arr: Francisco Duran)<\/span><br \/>\n<span style=\"font-family:Verdana;font-size:small;\">Del Viso Day School &#8211; Director: Javier Escobar.<br \/>\n\u00abBohemian rhapsody\u00bb (Balada) \/ \u00abLove of my life\u00bb (Freddie Mercury)<br \/>\n\u00abJar of hearts\u00bb (Christina Perri \/ Drew Lawrence)<\/span><br \/>\n<span style=\"font-family:Verdana;font-size:small;\">St. Matthew`s College &#8211; Director: Diego Sarquis.<br \/>\n\u00abI won`t go home without you\u00bb (Maroon 5)<br \/>\n\u00abSome nights\u00bb (Fun)<\/span><br \/>\n<b><span style=\"font-family:Verdana;font-size:small;\">Entrevista con Javier Escobar<\/span><\/b><br \/>\n&nbsp;<br \/>\nComo en los tres \u00faltimos a\u00f1os,\u00a0Javier Escobar estuvo encargado de coordinar con los directores de todos los coros el armado del programa del Encuentro Coral Senior (para alumnos de la secundaria) adem\u00e1s de dirigir el coro de Del Viso Day School. Una vez finalizado el evento, brind\u00f3 un panorama del progreso del arte musical en los colegios de Pilar.<br \/>\n<b><i>A partir de su punto de vista como coordinador art\u00edstico del Encuentro Coral Senior, \u00bfqu\u00e9 an\u00e1lisis podes hacer del evento?<\/i><\/b><br \/>\n<span style=\"font-family:Verdana;font-size:small;\">Es una ocasi\u00f3n muy especial que sucede todos los a\u00f1os. Aqu\u00ed se ve reflejada la voluntad y deseos de muchos adultos y chicos apoyados y acompa\u00f1ados de sus familias. Es una oportunidad \u00fanica y maravillosa para los alumnos. Este encuentro es una exposici\u00f3n art\u00edstica, que fomenta la expresi\u00f3n musical: una actividad f\u00edsica donde se involucra el cuerpo, las emociones y el esp\u00edritu. Genera un enriquecimiento especial que se ve reflejado en la alegr\u00eda de los miembros del coro, y eso a m\u00ed me hace feliz.<br \/>\nLa organizaci\u00f3n lleva su tiempo, dedicaci\u00f3n y esfuerzo, pero los resultados son sumamente satisfactorios. El Encuentro, es el resultado de un trabajo conjunto entre: el P<b>olo Educativo de Pilar<\/b>, las instituciones que apuestan al desarrollo del arte, los docentes, los sonidistas, y las autoridades que prestaron el Auditorio de la Universidad del Salvador.<\/span><br \/>\n<b>\u00bfC\u00f3mo describir\u00eda su desarrollo desde que comenz\u00f3 esta actividad hasta el momento actual?<\/b><br \/>\nEn esta ocasi\u00f3n se decidi\u00f3 que s\u00f3lo participaran los coros formados a partir de los alumnos de secundaria. Anteriormente el Encuentro se realizaba tambi\u00e9n con los coros de primaria y con las bandas musicales.<br \/>\nYo creo que la separaci\u00f3n en dos encuentros corales, uno para secundaria y el otro para primaria, que se realizar\u00e1 en octubre de este a\u00f1o en este mismo escenario, permiti\u00f3 que se realice un trabajo m\u00e1s prolijo y una exposici\u00f3n espec\u00edfica y muy bien acabada; incluso la organizaci\u00f3n se pudo llevar a cabo m\u00e1s tranquilamente.<br \/>\n<b><span style=\"font-family:Verdana;font-size:small;\">Siendo un educador musical, \u00bfCree que en los colegios de Pilar se le est\u00e1 dando un lugar importante al \u00e1rea art\u00edstica?<\/span><\/b><br \/>\n<span style=\"font-family:Verdana;font-size:small;\">A mi me sorprende el espacio que se le cede al arte en los colegios de Pilar. Considerando que en la zona, por sus caracter\u00edsticas, naturalmente se le otorga una gran importancia a los deportes. Sin embargo noto que cada vez es m\u00e1s el lugar que se le otorga a las actividades extra-deportivas, es decir aquellas que son propiamente culturales.<\/span><br \/>\n<b><span style=\"font-family:Verdana;font-size:small;\">Para conocer su perfil educativo, \u00bfC\u00f3mo se introdujo en una instituci\u00f3n de Pilar, siendo residente en Capital Federal?<\/span><\/b><br \/>\n<span style=\"font-family:Verdana;font-size:small;\">Yo comenc\u00e9 a trabajar en Pilar cuando volv\u00ed al pa\u00eds, luego de haber vivido en Europa. Estaba buscando introducirme en la educaci\u00f3n musical y surgi\u00f3 la oportunidad de comenzar a trabajar en Zona Norte. Actualmente estoy educando en Del Viso Day School y en la Escuela Nacional Buenos Aires.<\/span><\/p>\n","protected":false},"excerpt":{"rendered":"<p>\u00a0El mi\u00e9rcoles 26 de junio, se realiz\u00f3 el\u00a0Encuentro Coral Senior, con entrada libre y gratuita, en el Auditorio de la [&hellip;]<\/p>\n","protected":false},"author":2,"featured_media":0,"comment_status":"open","ping_status":"open","sticky":false,"template":"","format":"standard","meta":[],"categories":[2],"tags":[],"_links":{"self":[{"href":"https:\/\/quasarcomunicacion.com.ar\/web\/wp-json\/wp\/v2\/posts\/2472"}],"collection":[{"href":"https:\/\/quasarcomunicacion.com.ar\/web\/wp-json\/wp\/v2\/posts"}],"about":[{"href":"https:\/\/quasarcomunicacion.com.ar\/web\/wp-json\/wp\/v2\/types\/post"}],"author":[{"embeddable":true,"href":"https:\/\/quasarcomunicacion.com.ar\/web\/wp-json\/wp\/v2\/users\/2"}],"replies":[{"embeddable":true,"href":"https:\/\/quasarcomunicacion.com.ar\/web\/wp-json\/wp\/v2\/comments?post=2472"}],"version-history":[{"count":0,"href":"https:\/\/quasarcomunicacion.com.ar\/web\/wp-json\/wp\/v2\/posts\/2472\/revisions"}],"wp:attachment":[{"href":"https:\/\/quasarcomunicacion.com.ar\/web\/wp-json\/wp\/v2\/media?parent=2472"}],"wp:term":[{"taxonomy":"category","embeddable":true,"href":"https:\/\/quasarcomunicacion.com.ar\/web\/wp-json\/wp\/v2\/categories?post=2472"},{"taxonomy":"post_tag","embeddable":true,"href":"https:\/\/quasarcomunicacion.com.ar\/web\/wp-json\/wp\/v2\/tags?post=2472"}],"curies":[{"name":"wp","href":"https:\/\/api.w.org\/{rel}","templated":true}]}}