{"id":2354,"date":"2013-06-14T18:59:45","date_gmt":"2013-06-14T18:59:45","guid":{"rendered":"http:\/\/quasarcomunicacion.wordpress.com\/?p=2354"},"modified":"2013-06-14T18:59:45","modified_gmt":"2013-06-14T18:59:45","slug":"la-importancia-del-community-manager-en-las-organizaciones-de-hoy","status":"publish","type":"post","link":"https:\/\/quasarcomunicacion.com.ar\/web\/la-importancia-del-community-manager-en-las-organizaciones-de-hoy\/","title":{"rendered":"La importancia del Community Manager en las organizaciones de hoy"},"content":{"rendered":"<p><span style=\"line-height:1.5;\">El incremento de profesionales que conozcan y est\u00e9n inmersos en el universo digital, es una exigencia laboral en constante crecimiento en Am\u00e9rica Latina y el mundo<!--more--><\/span><\/p>\n<div>\nMucho se habla de los\u00a0<strong>Community Managers<\/strong>\u00a0y su importancia en las organizaciones de hoy; lo que se desconoce es su verdadero papel al interior de las empresas y cu\u00e1les son las\u00a0<strong>competencias<\/strong>\u00a0que deben poseer quienes se dedican o desean desempe\u00f1arse en dicho cargo. No basta con decir: soy un\u00a0<strong>Gestor de<\/strong><strong>Comunidad Online<\/strong>, hay que demostrarlo con conocimiento y resultados palpables, que se reflejen en la reputaci\u00f3n, posicionamiento y econom\u00eda de las empresas, independiente del sector al que pertenezcan.<br \/>\nLa\u00a0<strong>preparaci\u00f3n acad\u00e9mica<\/strong>\u00a0en el \u00e1rea mencionada se ha incrementado en los \u00faltimos a\u00f1os como consecuencia de la creciente participaci\u00f3n de usuarios en el\u00a0<strong>entorno digital<\/strong>. Entenderlos y actuar conforme a sus intereses, sin perder de vista los objetivos y estrategias de las compa\u00f1\u00edas, se ha convertido en un reto para quienes comienzan esta labor.<br \/>\nA qui\u00e9n dirigirse, c\u00f3mo comunicar, cu\u00e1les herramientas aplicar, d\u00f3nde y en qu\u00e9 momento,\u00a0son algunas de las preguntas que se debe plantear un\u00a0<strong>Community Manager<\/strong>. Por ello, se hace indispensable la<strong>formaci\u00f3n<\/strong>\u00a0que brinde los fundamentos para desarrollar un trabajo de calidad, con capacidad resolutiva y acorde a los cambios de un medio que se transforma continuamente. Es preponderante identificar las necesidades del p\u00fablico interno y externo para as\u00ed generar\u00a0<strong>estrategias competitivas<\/strong>, que se alineen con la misi\u00f3n de la empresa y su target.<br \/>\nSi bien es un \u00e1rea que no se ha terminado de inventar por la din\u00e1mica que presenta la\u00a0<strong>Web 2.0<\/strong>, distintas<strong>universidades<\/strong>\u00a0e\u00a0<strong>instituciones<\/strong>\u00a0dise\u00f1an programas acordes a lo que el mercado solicita, ofreciendo a los profesionales las bases esenciales para consolidar su aprendizaje y especializarse en un campo con amplia demanda laboral.<br \/>\n\u201cActualmente, las compa\u00f1\u00edas a nivel global son exigentes frente a la b\u00fasqueda de\u00a0<strong>empleados integrales<\/strong>, que comprendan el negocio en el que se desenvuelven y sean capaces de actuar asertivamente en situaciones de crisis, todo esto enmarcado en la<strong>\u00a0era digital<\/strong>. Reconocidos centros de estudios abrieron sus puertas a alumnos de todo el mundo para que se formen como\u00a0<strong>Community Managers<\/strong>, elaborando propuestas de valor, innovadoras y atrayentes.\u201d afirma Keli Campos, Gerente de Contenidos de\u00a0<strong>Educaedu<\/strong>.<br \/>\nEl profesional que ocupe el cargo de\u00a0<strong>Gestor de Comunidad<\/strong>, debe ser consciente de la responsabilidad que conlleva hacerlo: estar actualizado sobre las\u00a0<strong>nuevas tecnolog\u00edas<\/strong>, tener<strong>\u00a0habilidades de comunicaci\u00f3n<\/strong>, trabajar en equipo, crear mensajes acordes al medio, a los usuarios y al plan de comunicaci\u00f3n y marketing que la compa\u00f1\u00eda aspira ejecutar, con base en el producto o servicio que ofrece. Asimismo, tendr\u00e1 que estar calificado para obtener\u00a0<strong>resultados medibles<\/strong>\u00a0de acuerdo a las estrategias que lleve a cabo, las cuales deben estar soportadas en el conocimiento del\u00a0<strong>mercado<\/strong>\u00a0en el que se desarrolla.<br \/>\nDiariamente, el directorio educativo online\u00a0<strong>Educaedu<\/strong>, recibe consultas de usuarios de\u00a0<strong>Am\u00e9rica Latina<\/strong>:<strong>Colombia, M\u00e9xico, Brasil, Argentina, Chile, Ecuador<\/strong>\u00a0y\u00a0<strong>Per\u00fa<\/strong>, interesados en realizar estudios de<strong>Community Manager<\/strong>\u00a0a trav\u00e9s de diplomados o posgrados, demostrando la creciente tendencia por formar parte del universo digital.<br \/>\n<strong>FUENTE:\u00a0<\/strong><a href=\"http:\/\/www.comunicae.com.mx\/nota\/la-importancia-del-community-manager-en-las-organizaciones-de-hoy\">http:\/\/www.comunicae.com.mx\/nota\/la-importancia-del-community-manager-en-las-organizaciones-de-hoy<\/a>\n<\/div>\n","protected":false},"excerpt":{"rendered":"<p>El incremento de profesionales que conozcan y est\u00e9n inmersos en el universo digital, es una exigencia laboral en constante crecimiento [&hellip;]<\/p>\n","protected":false},"author":2,"featured_media":0,"comment_status":"open","ping_status":"open","sticky":false,"template":"","format":"standard","meta":[],"categories":[64],"tags":[],"_links":{"self":[{"href":"https:\/\/quasarcomunicacion.com.ar\/web\/wp-json\/wp\/v2\/posts\/2354"}],"collection":[{"href":"https:\/\/quasarcomunicacion.com.ar\/web\/wp-json\/wp\/v2\/posts"}],"about":[{"href":"https:\/\/quasarcomunicacion.com.ar\/web\/wp-json\/wp\/v2\/types\/post"}],"author":[{"embeddable":true,"href":"https:\/\/quasarcomunicacion.com.ar\/web\/wp-json\/wp\/v2\/users\/2"}],"replies":[{"embeddable":true,"href":"https:\/\/quasarcomunicacion.com.ar\/web\/wp-json\/wp\/v2\/comments?post=2354"}],"version-history":[{"count":0,"href":"https:\/\/quasarcomunicacion.com.ar\/web\/wp-json\/wp\/v2\/posts\/2354\/revisions"}],"wp:attachment":[{"href":"https:\/\/quasarcomunicacion.com.ar\/web\/wp-json\/wp\/v2\/media?parent=2354"}],"wp:term":[{"taxonomy":"category","embeddable":true,"href":"https:\/\/quasarcomunicacion.com.ar\/web\/wp-json\/wp\/v2\/categories?post=2354"},{"taxonomy":"post_tag","embeddable":true,"href":"https:\/\/quasarcomunicacion.com.ar\/web\/wp-json\/wp\/v2\/tags?post=2354"}],"curies":[{"name":"wp","href":"https:\/\/api.w.org\/{rel}","templated":true}]}}