{"id":2334,"date":"2013-06-13T15:31:00","date_gmt":"2013-06-13T15:31:00","guid":{"rendered":"http:\/\/quasarcomunicacion.wordpress.com\/?p=2334"},"modified":"2013-06-13T15:31:00","modified_gmt":"2013-06-13T15:31:00","slug":"el-cafe-pendiente-llega-a-pilar-de-la-mano-del-club-privado-de-mujeres-ejecutivas","status":"publish","type":"post","link":"https:\/\/quasarcomunicacion.com.ar\/web\/el-cafe-pendiente-llega-a-pilar-de-la-mano-del-club-privado-de-mujeres-ejecutivas\/","title":{"rendered":"El Caf\u00e9 Pendiente llega a Pilar de la mano del Club Privado de Mujeres Ejecutivas"},"content":{"rendered":"<p style=\"text-align:left;\" align=\"center\"><span style=\"font-family:Verdana;font-size:small;line-height:1.5;\">Con la premisa\u00a0<\/span><i style=\"font-family:Verdana;font-size:small;color:#444444;line-height:1.5;\">\u00abPas\u00e1 por el Club de Mujeres Ejecutivas y deja tu Caf\u00e9 Pendiente\u00bb\u00a0<\/i><span style=\"font-family:Verdana;font-size:small;line-height:1.5;\">el club privado trajo la iniciativa del<\/span><b style=\"font-family:Verdana;font-size:small;line-height:1.5;\">\u00a0Caf\u00e9 Pendiente\u00a0<!--more--><\/b><img loading=\"lazy\" style=\"line-height:1.5;\" alt=\"\" src=\"http:\/\/www.quasarcomunicacion.com.ar\/mujeresejecutivas\/cafependiente.gif\" width=\"550\" height=\"247\" border=\"0\" \/><span style=\"font-family:Verdana;font-size:small;line-height:1.5;\">a Pilar, el cual se implementar\u00e1 en su sede del edificio Panamericano 50, en el Km 51 de la Ruta Panamericana. Lo recaudado se destinar\u00e1 al hogar El Jag\u00fcel de Mar\u00eda, de Villa Rosa<!--more--><\/span><\/p>\n<p><span style=\"font-family:Verdana;font-size:small;\">\u00abEl fr\u00edo del invierno llega para todos, pero lamentablemente no todos tenemos la suerte de tener un abrigo o algo caliente para llevar dentro nuestro. Por esta raz\u00f3n, si pasas por la sede en Pilar del Club de Mujeres Ejecutivas podes sumarte a esta valiosa iniciativa solidaria de dejar UN CAF\u00c9 PENDIENTE\u00bb, dice la CEO del club. la Lic. Marcela Temes.<\/span><br \/>\n<span style=\"font-family:Verdana;font-size:small;\">\u201cCaf\u00e9 Pendiente\u201d es una iniciativa solidaria que surgi\u00f3 en 2008 en N\u00e1poles, Italia, con el nombre de \u00abCaff\u00e8 Sospeso\u00bb y, gracias a las redes sociales, ya se ha extendido a varios pa\u00edses.<\/span><br \/>\n<span style=\"font-family:Verdana;font-size:small;\">Su finalidad es ayudar a la gente en situaci\u00f3n de calle y buscar de a poco la visibilidad y la inserci\u00f3n de estas personas en la sociedad. \u201cEvitar la discriminaci\u00f3n y convertirnos nosotros tambi\u00e9n en un pa\u00eds m\u00e1s amigable, solidario y menos desconfiado\u201d, tal como publican en su sitio web.<\/span><br \/>\n<img loading=\"lazy\" alt=\"\" src=\"http:\/\/www.quasarcomunicacion.com.ar\/mujeresejecutivas\/cafe.gif\" width=\"550\" height=\"355\" border=\"0\" \/><br \/>\n<span style=\"font-family:Verdana;font-size:small;\">\u00abEn nuestro caso, y con la aprobaci\u00f3n de quienes est\u00e1n a cargo de esta iniciativa en el pa\u00eds, decidimos que el dinero recaudado ser\u00e1 donado cada semana al Hogar El Jag\u00fcel de Mar\u00eda que trabaja con ni\u00f1os y adolescentes en situaci\u00f3n de calle\u00bb, indic\u00f3 Temes, quien ya con anterioridad hab\u00eda ayudado a la instituci\u00f3n de Villa Rosa con los eventos del Club.<\/span><br \/>\n<span style=\"font-family:Verdana;font-size:small;\">Por eso te proponemos, si estas cerca del Km 51 pasa por el Club, tomat\u00e9 un caf\u00e9 o un rico t\u00e9 y deja pago un \u201cCaf\u00e9 Pendiente\u201d, siempre hay alguien que te lo va a agradecer.<\/span><br \/>\n<span style=\"font-family:Verdana;font-size:small;\"><b>Sobre Mujeres Ejecutivas\u00ae<\/b><\/span><br \/>\n<img loading=\"lazy\" alt=\"\" src=\"http:\/\/www.quasarcomunicacion.com.ar\/mujeresejecutivas\/logomujeres.gif\" width=\"300\" height=\"195\" align=\"right\" border=\"0\" hspace=\"6\" vspace=\"6\" \/><span style=\"font-family:Verdana;font-size:xx-small;\"><b>Mujeres Ejecutivas Club Privado\u00ae<\/b>\u00a0naci\u00f3 en el a\u00f1o 2010 con el objetivo de ofrecer un espacio de encanto a mujeres que aspiran a una cultura de \u00e9xito, afectos, cuidados personales, espiritualidad, paz y responsabilidad social sin perder de vista los negocios y las finanzas.<\/span><br \/>\n<span style=\"font-family:Verdana;font-size:small;\"><b>\u00bfC\u00f3mo asociarse?<\/b><\/span><br \/>\n<span style=\"font-family:Verdana;font-size:xx-small;\">Para Asociarse las mujeres deben enviar una solicitud a info@mujeresejecutivas.net con datos personales y profesionales, intereses y carta de recomendaci\u00f3n. Un comit\u00e9 aprueba los datos y se convoca a una entrevista personal. Una vez aceptada la candidata, se debe abonar la membres\u00eda y cuota anual.<br \/>\nToda la informaci\u00f3n la encuentran en\u00a0<a href=\"http:\/\/www.mujeres-ejecutivas.com\/\">www.mujeres-ejecutivas.com<\/a><\/span><\/p>\n","protected":false},"excerpt":{"rendered":"<p>Con la premisa\u00a0\u00abPas\u00e1 por el Club de Mujeres Ejecutivas y deja tu Caf\u00e9 Pendiente\u00bb\u00a0el club privado trajo la iniciativa del\u00a0Caf\u00e9 [&hellip;]<\/p>\n","protected":false},"author":2,"featured_media":0,"comment_status":"open","ping_status":"open","sticky":false,"template":"","format":"standard","meta":[],"categories":[2],"tags":[],"_links":{"self":[{"href":"https:\/\/quasarcomunicacion.com.ar\/web\/wp-json\/wp\/v2\/posts\/2334"}],"collection":[{"href":"https:\/\/quasarcomunicacion.com.ar\/web\/wp-json\/wp\/v2\/posts"}],"about":[{"href":"https:\/\/quasarcomunicacion.com.ar\/web\/wp-json\/wp\/v2\/types\/post"}],"author":[{"embeddable":true,"href":"https:\/\/quasarcomunicacion.com.ar\/web\/wp-json\/wp\/v2\/users\/2"}],"replies":[{"embeddable":true,"href":"https:\/\/quasarcomunicacion.com.ar\/web\/wp-json\/wp\/v2\/comments?post=2334"}],"version-history":[{"count":0,"href":"https:\/\/quasarcomunicacion.com.ar\/web\/wp-json\/wp\/v2\/posts\/2334\/revisions"}],"wp:attachment":[{"href":"https:\/\/quasarcomunicacion.com.ar\/web\/wp-json\/wp\/v2\/media?parent=2334"}],"wp:term":[{"taxonomy":"category","embeddable":true,"href":"https:\/\/quasarcomunicacion.com.ar\/web\/wp-json\/wp\/v2\/categories?post=2334"},{"taxonomy":"post_tag","embeddable":true,"href":"https:\/\/quasarcomunicacion.com.ar\/web\/wp-json\/wp\/v2\/tags?post=2334"}],"curies":[{"name":"wp","href":"https:\/\/api.w.org\/{rel}","templated":true}]}}