{"id":2257,"date":"2013-06-05T20:18:17","date_gmt":"2013-06-05T20:18:17","guid":{"rendered":"http:\/\/quasarcomunicacion.wordpress.com\/?p=2257"},"modified":"2013-06-05T20:18:17","modified_gmt":"2013-06-05T20:18:17","slug":"tendencias-by-estilo-pilar-creadores-de-tendencias-muestran-lo-mas-novedoso-de-su-industria","status":"publish","type":"post","link":"https:\/\/quasarcomunicacion.com.ar\/web\/tendencias-by-estilo-pilar-creadores-de-tendencias-muestran-lo-mas-novedoso-de-su-industria\/","title":{"rendered":"TENDENCIAS by ESTILO PILAR: Creadores de tendencias muestran lo m\u00e1s novedoso de su industria"},"content":{"rendered":"<p style=\"text-align:left;\" align=\"center\"><b style=\"font-family:Verdana;font-size:small;line-height:1.5;\">TENDENCIAS by ESTILO PILAR\u00a0<\/b><span style=\"font-family:Verdana;font-size:small;line-height:1.5;\">es la nueva muestra que organiza A<\/span><b style=\"font-family:Verdana;font-size:small;line-height:1.5;\">migos del Pilar (ADP)<\/b><span style=\"font-family:Verdana;font-size:small;line-height:1.5;\">\u00a0a total beneficio de los\u00a0<\/span><b style=\"font-family:Verdana;font-size:small;line-height:1.5;\">Consultorios Odontol\u00f3gicos Pedi\u00e1tricos de ADP<\/b><span style=\"font-family:Verdana;font-size:small;line-height:1.5;\">, que atienden en forma gratuita a chicos de escasos recursos de Pilar y sus alrededores. Se realiza del 6 al 10 de junio de 2013 en\u00a0<\/span><b style=\"font-family:Verdana;font-size:small;line-height:1.5;\">ESPACIO PILAR EVENTOS<\/b><span style=\"font-family:Verdana;font-size:small;line-height:1.5;\">\u00a0(Chile 1963 \u2013 salida km 47 de Panamericana Ramal Pilar).<!--more--><\/span><\/p>\n<p><span style=\"font-family:Verdana;font-size:small;\"><a href=\"http:\/\/www.quasarcomunicacion.com.ar\/tendencias13\/gacetilla%20extendida.pdf\">Descargar gacetilla completa con listado de expositores<\/a><\/span><br \/>\n<img loading=\"lazy\" alt=\"\" src=\"http:\/\/www.quasarcomunicacion.com.ar\/tendencias13\/espacio.gif\" width=\"550\" height=\"413\" border=\"0\" \/><br \/>\n<span style=\"font-family:Verdana;font-size:small;\">En esta muestra se exhiben los conceptos m\u00e1s originales y vanguardistas de diferentes disciplinas: Dise\u00f1o (objetos, muebles, indumentaria), Decoraci\u00f3n, Paisajismo (in y outdoor) y Arte Contempor\u00e1neo. Propuestas que marcan una \u201ctendencia\u201d, una nueva forma de mirar y de apreciar el mundo desde un \u00e1ngulo distinto, muy particular. Algo novedoso, diferente, que hasta ahora no se hab\u00eda visto en Pilar.<\/span><br \/>\n<span style=\"font-family:Verdana;font-size:small;\"><b>TENDENCIAS by ESTILO PILAR\u00a0<\/b>presenta sectores bien diferenciados:<\/span><br \/>\n<span style=\"font-family:Verdana;font-size:small;\"><b>\u2022 Espacio de Dise\u00f1o (CUBOS)<\/b>\u00a0Una puesta en escena original con cubos \u201cvirtuales\u201d que son los protagonistas de este sector, la vedette de la muestra, con instalaciones realizadas por arquitectos, dise\u00f1adores, verdaderos creativos de diferentes disciplinas<b>.<\/b><\/span><br \/>\n<img loading=\"lazy\" alt=\"\" src=\"http:\/\/www.quasarcomunicacion.com.ar\/tendencias13\/espacio6.gif\" width=\"550\" height=\"368\" border=\"0\" \/><br \/>\n<span style=\"font-family:Verdana;font-size:small;\"><b>\u2022 Mercado de Dise\u00f1o\u00a0<\/b>\u2013 Un sector de paseo en el que los visitantes pueden comprar objetos de dise\u00f1o muy variados (joyas, bijou, blanquer\u00eda, luminaria, muebles, objetos de decoraci\u00f3n, bazar, indumentaria, etc.).<\/span><br \/>\n<span style=\"font-family:Verdana;font-size:small;\">\u2022\u00a0<b>Mercado de Arte<\/b>\u00a0\u2013 Un sector al estilo de un \u201cArt market\u201d, con obras de artistas conocidos y emergentes que tambi\u00e9n presentan obras en formato chico, a precios accesibles, que se pueden enmarcar en la muestra, de modo de llevarlas listas para colgar.<\/span><br \/>\n<img loading=\"lazy\" alt=\"\" src=\"http:\/\/www.quasarcomunicacion.com.ar\/tendencias13\/espacio2.gif\" width=\"550\" height=\"368\" border=\"0\" \/><br \/>\n<span style=\"font-family:Verdana;font-size:small;\">\u2022\u00a0<b>Paisajismo<\/b>\u00a0\u2013 Espacios de paisajismo in y out-door, realizados por profesionales de primer nivel nacional e internacional. Jardines Verticales, que hoy son \u201cmust\u201d en todo el mundo. Principios de sustentabilidad que se aplican a las propuestas que se ven en la muestra.<\/span><br \/>\n<img loading=\"lazy\" alt=\"\" src=\"http:\/\/www.quasarcomunicacion.com.ar\/tendencias13\/espacio1.gif\" width=\"550\" height=\"413\" border=\"0\" \/><br \/>\n<span style=\"font-family:Verdana;font-size:small;\"><b>TENDENCIAS by ESTILO PILAR<\/b>\u00a0cuenta con casi 120 expositores. Algunos de los referentes del dise\u00f1o que forman parte de esta edici\u00f3n son, por ejemplo: Benito Fern\u00e1ndez y Concepci\u00f3n Cochrane Blaquier (indumentaria), Roberto Mulieri y Augusto Vallejo (Paisajista de renombre internacional y bi\u00f3logo que hace jardines verticales, respectivamente), Mart\u00edn Huberman (arquitecto y dise\u00f1ador de vanguardia), In\u00e9s Calamante (Decoradora que gan\u00f3 el 1\u00ba Premio\u00a0<b>ESTILO PILAR<\/b><br \/>\n2012) junto a Artesanos de Sue\u00f1os, Dise\u00f1adores Sustentables (un grupo emergente de dise\u00f1adores que trabajan con elementos org\u00e1nicos y material reciclado), Milo Lockett (vanguardia en Arte Contempor\u00e1neo a nivel masivo), Jimena Monteverde (chef de cuisine) que presenta su nuevo libro en la muestra, entre muchos otros.<\/span><br \/>\n<img loading=\"lazy\" alt=\"\" src=\"http:\/\/www.quasarcomunicacion.com.ar\/tendencias13\/espacio4.gif\" width=\"550\" height=\"368\" border=\"0\" \/><br \/>\n<span style=\"font-family:Verdana;font-size:small;\">Por otra parte, la modelo y artista pl\u00e1stica Naomi Preizler, coordin\u00f3 un taller de arte con algunos de los pacientes de los Consultorios Odontol\u00f3gicos Pedi\u00e1tricos de ADP, cuyas obras se exhiben en un espacio especial, de modo que ellos tambi\u00e9n participen y sean protagonistas en esta muestra.<\/span><br \/>\n<span style=\"font-family:Verdana;font-size:small;\"><b>Actividades en TENDENCIAS by ESTILO PILAR 2013<\/b><\/span><br \/>\n<span style=\"font-family:Verdana;font-size:small;\"><b>PAISAJISMO<\/b><\/span><br \/>\n<span style=\"font-family:Verdana;font-size:small;\">Charlas sobre Sustentabilidad y Paisajismo abiertas al p\u00fablico, en la P\u00e9rgola, fuera del Espacio House, en el sector de la Ing. Agr. Alejandra Di Fabio \u2013\u00a0<b>PILAR VERDE POR UN PILAR SUSTENTABLE:<\/b><\/span><br \/>\n<img alt=\"\" src=\"http:\/\/www.quasarcomunicacion.com.ar\/tendencias13\/espacio3.gif\" \/><br \/>\n<span style=\"font-family:Verdana;font-size:small;\">\u2022 Todos los d\u00edas, del 6 al 10 de junio \u2013 12:00 hs. \u2013 \u201cCompost y residuos\u201d (Alejandra Di Fabio) \u2022 Todos los d\u00edas, del 6 al 10 de junio \u2013 14:00 hs. \u2013 \u201cHuertas biodin\u00e1micas\u201d (Alejandra Di Fabio)<br \/>\n\u2022 Todos los d\u00edas, del 6 al 10 de junio \u201315:00 hs. \u2013 \u201cReciclado de envases\u201d (Annie Corteses y Andrea Iturburo)<br \/>\n\u2022 S\u00e1bado 8 y Domingo 9 de junio \u2013 16:00 hs. \u2013 \u201cConservaci\u00f3n de Alimentos. Dulces, Pickles, Hierbas\u201d (Ing. Agr. Alejandra Chac\u00f3n)<\/span><br \/>\n<span style=\"font-family:Verdana;font-size:small;\"><b>MERCADO DE DISE\u00d1O<\/b><\/span><br \/>\n<span style=\"font-family:Verdana;font-size:small;\">\u2022 S\u00e1bado 8 y Domingo 9 \u2013 \u201cDe los pies al coraz\u00f3n\u201d &#8211; Cosecha Vintage Indumentaria Sustentable invita a a llevar medias de nylon viejas o rotas para tejer una \u201cmanta solidaria\u201d. Una manta ecol\u00f3gica, realizada con material reciclable; colaborar y unirse para dar abrigo a quienes m\u00e1s lo necesitan.<br \/>\nForma parte de la campa\u00f1a \u201cDe los pies al coraz\u00f3n\u201d, con la actriz Elena Roger como abanderada de la propuesta.<br \/>\n\u2022 Todos los d\u00edas \u2013 \u201cGastronom\u00eda en Vivo\u201d \u2013 \u00a1La cocina de LONGVIE est\u00e1 VIVA! Demostraciones y realizaciones de platos \u201cen vivo\u201d, a cargo de la divertida Chef Jimena Monteverde y expertos cocineros del Colegio de Cocineros del Gato Dumas. Men\u00fas explicados, preparados clara y sencillamente para que todos se animen a disfrutar y se entretengan luego en la cocina de T<b>ENDENCIAS by ESTILO PILAR.<\/b><\/span><br \/>\n<span style=\"font-family:Verdana;font-size:small;\"><b>DONACIONES Y SORTEOS<\/b><\/span><br \/>\n<span style=\"font-family:Verdana;font-size:small;\">\u2022 Con esp\u00edritu solidario y desinteresado, Milo Lockett don\u00f3 un cuadro para colaborar con los Consultorios Odontol\u00f3gicos Pedi\u00e1tricos de Amigos del Pilar. Los que quieran sumarse a esta iniciativa solidaria, podr\u00e1n comprar un bono contribuci\u00f3n y participar del sorteo de la obra.<\/span><br \/>\n<span style=\"font-family:Verdana;font-size:small;\">\u00a1Una gran oportunidad!<\/span><br \/>\n<span style=\"font-family:Verdana;font-size:small;\">\u2022 Alicia Toscano, pintora, muralista y vitralista argentina de gran experiencia y trayectoria, tambi\u00e9n don\u00f3 una obra a beneficio de Amigos del Pilar para sostenimiento de los Consultorios Odontol\u00f3gicos Pedi\u00e1tricos, la misma se vender\u00e1 en la muestra para recaudar fondos. Adem\u00e1s, presenta obras en el Mercado de Arte de\u00a0<b>TENDENCIAS by ESTILO PILAR<\/b>.<\/span><br \/>\n<span style=\"font-family:Verdana;font-size:small;\">Todo lo que se recaude en\u00a0<b>TENDENCIAS by ESTILO PILAR<\/b>\u00a0es a total beneficio de los Consultorios Odontol\u00f3gicos Pedi\u00e1tricos gratuitos de Amigos del Pilar, que actualmente lleva a cabo casi 1.000 prestaciones promedio por mes.<\/span><br \/>\n<span style=\"font-family:Verdana;font-size:small;\">Desde su inauguraci\u00f3n (a\u00f1o 2004) hasta el pasado mes de marzo ha realizado 95.309 prestaciones a 50.693 ni\u00f1os de bajos recursos de la zona. Desde sus or\u00edgenes, ADP asumi\u00f3 el firme compromiso de ayudar en las \u00e1reas de Salud y<br \/>\nEducaci\u00f3n a la gente de menos recursos del partido de Pilar.\u00a0<b>TENDENCIAS by ESTILO PILAR\u00a0<\/b>es una muestra que se suma a la agenda de eventos de la ONG, que tambi\u00e9n organiza la ya conocida ESTILO PILAR, l\u00edder indiscutida en la presentaci\u00f3n de ideas originales en Deco, Dise\u00f1o y Paisajismo.<\/span><br \/>\n<span style=\"font-family:Verdana;font-size:small;\"><b>TENDENCIAS by Estilo Pilar<\/b>\u00a0(www.estilopilar.com.ar)<br \/>\nInformes: (0230) 4375180<br \/>\n<a href=\"mailto:info@amigosdelpilar.org.ar\">info@amigosdelpilar.org.ar<\/a><\/span><br \/>\n<span style=\"font-family:Verdana;font-size:small;\"><b>Los datos:<\/b>\u00a0Del 6 al 10 de junio de 2013 &#8211; Jueves, Domingo y Lunes: De 11.00 a 19.00 \/ Viernes y S\u00e1bado: De 11.00 a 20.00 &#8211; (La boleter\u00eda cierra una hora antes)<br \/>\n<b>Espacio Pilar Evento<\/b>s (Chile 1963 \u2013 Salida del Km 47 de R. Panamericana, Ramal Pilar)<br \/>\n<b>Entrada general:<\/b>\u00a0$:50.- \/ Jubilados: $40.- \/ Menores de 12 a\u00f1os: Gratis<\/span><\/p>\n<p align=\"center\"><span style=\"font-family:Verdana;font-size:small;\">Acceso a toda la informaci\u00f3n e im\u00e1genes en alta definici\u00f3n ingresando en<br \/>\n<a href=\"http:\/\/www.quasarcomunicacion.com.ar\/tendencias13\">www.quasarcomunicacion.com.ar\/tendencias13<\/a><\/span><\/p>\n","protected":false},"excerpt":{"rendered":"<p>TENDENCIAS by ESTILO PILAR\u00a0es la nueva muestra que organiza Amigos del Pilar (ADP)\u00a0a total beneficio de los\u00a0Consultorios Odontol\u00f3gicos Pedi\u00e1tricos de [&hellip;]<\/p>\n","protected":false},"author":2,"featured_media":0,"comment_status":"open","ping_status":"open","sticky":false,"template":"","format":"standard","meta":[],"categories":[2],"tags":[],"_links":{"self":[{"href":"https:\/\/quasarcomunicacion.com.ar\/web\/wp-json\/wp\/v2\/posts\/2257"}],"collection":[{"href":"https:\/\/quasarcomunicacion.com.ar\/web\/wp-json\/wp\/v2\/posts"}],"about":[{"href":"https:\/\/quasarcomunicacion.com.ar\/web\/wp-json\/wp\/v2\/types\/post"}],"author":[{"embeddable":true,"href":"https:\/\/quasarcomunicacion.com.ar\/web\/wp-json\/wp\/v2\/users\/2"}],"replies":[{"embeddable":true,"href":"https:\/\/quasarcomunicacion.com.ar\/web\/wp-json\/wp\/v2\/comments?post=2257"}],"version-history":[{"count":0,"href":"https:\/\/quasarcomunicacion.com.ar\/web\/wp-json\/wp\/v2\/posts\/2257\/revisions"}],"wp:attachment":[{"href":"https:\/\/quasarcomunicacion.com.ar\/web\/wp-json\/wp\/v2\/media?parent=2257"}],"wp:term":[{"taxonomy":"category","embeddable":true,"href":"https:\/\/quasarcomunicacion.com.ar\/web\/wp-json\/wp\/v2\/categories?post=2257"},{"taxonomy":"post_tag","embeddable":true,"href":"https:\/\/quasarcomunicacion.com.ar\/web\/wp-json\/wp\/v2\/tags?post=2257"}],"curies":[{"name":"wp","href":"https:\/\/api.w.org\/{rel}","templated":true}]}}