{"id":2235,"date":"2013-06-03T17:53:37","date_gmt":"2013-06-03T17:53:37","guid":{"rendered":"http:\/\/quasarcomunicacion.wordpress.com\/?p=2235"},"modified":"2013-06-03T17:53:37","modified_gmt":"2013-06-03T17:53:37","slug":"en-pilar-se-celebra-el-dia-mundial-del-ambiente","status":"publish","type":"post","link":"https:\/\/quasarcomunicacion.com.ar\/web\/en-pilar-se-celebra-el-dia-mundial-del-ambiente\/","title":{"rendered":"En Pilar se celebra el D\u00eda Mundial del Ambiente"},"content":{"rendered":"<p style=\"text-align:left;\" align=\"center\"><span style=\"font-family:Verdana;font-size:small;line-height:1.5;\">El pr\u00f3ximo viernes 7 de junio la\u00a0<\/span><b style=\"font-family:Verdana;font-size:small;line-height:1.5;\">Asociaci\u00f3n Patrimonio Natural<\/b><span style=\"font-family:Verdana;font-size:small;line-height:1.5;\">\u00a0celebrar\u00e1 en Pilar el\u00a0<\/span><b style=\"font-family:Verdana;font-size:small;line-height:1.5;\">D\u00eda Mundial del Ambiente\u00a0<\/b><span style=\"line-height:1.5;\">\u00a0<\/span><span style=\"font-family:Verdana;font-size:small;line-height:1.5;\">en la Plaza 12 de Octubre con una jornada informativa de las actividades realizadas por la instituci\u00f3n en estos 10 a\u00f1os de trabajo al servicio de la comunidad y el ambiente.<!--more--><\/span><\/p>\n<p><span style=\"font-family:Verdana;font-size:small;\">All\u00ed, en la plaza central de Pilar, se podr\u00e1, mediante juegos, debates y otras actividades descubrir la importancia de la participaci\u00f3n ciudadana en el cuidado de nuestro planeta. Las actividades se realizar\u00e1n desde las 10 hs en el anfiteatro sobre la calle San Mart\u00edn y pueden venir tanto familias como escuelas a compartir la mateada con los voluntarios.<\/span><br \/>\n<span style=\"font-family:Verdana;font-size:small;\">La\u00a0<b>Asociaci\u00f3n Patrimonio Natural<\/b>\u00a0difundi\u00f3 el siguiente comunicado en ocasi\u00f3n del\u00a0<b>D\u00eda Mundial del Ambiente<\/b><\/span><br \/>\n<i><span style=\"font-family:Verdana;font-size:small;\">\u00abEsta semana se cumplir\u00e1 un nuevo aniversario de la primera reuni\u00f3n mundial para hablar de la problem\u00e1tica ambiental\u2026 esta semana, nuevamente\u2026los docentes en las aulas\u2026. los pol\u00edticos en sus discursos\u2026 los medios de comunicaci\u00f3n desde sus tribunas\u2026. Los ambientalistas desde un lugar donde pocos nos oyen\u2026 todos hablaremos del ambiente y su cuidado\u2026. todos hablaremos de los problemas\u2026 todos hablaremos de las consecuencias\u2026 y nos preguntamos\u2026: \u00bfCu\u00e1ndo comenzaremos a hacer?<\/span><\/i><br \/>\n<i><span style=\"font-family:Verdana;font-size:small;\">La Asociaci\u00f3n Patrimonio Natural este a\u00f1o cumplir\u00e1 10 a\u00f1os.<br \/>\nNuestro lema para este aniversario es \u201c10 a\u00f1os dejando huellas\u201d\u2026 y sabemos que hemos marcado un rumbo, por lo menos, desde la pasi\u00f3n, coherencia, compromiso y trabajo\u2026. Sin embargo los logros no son proporcionales al esfuerzo y a la importancia de la lucha\u2026. 10 a\u00f1os de trabajo infatigable de un grupo de ciudadanos que en forma total y absolutamente altruista han volcado a la sociedad sus saberes, su compromiso, su tiempo y su amor.<br \/>\nSe han logrado algunas metas m\u00ednimas\u2026 quiz\u00e1s porque ha sido limitada, en funci\u00f3n de los recursos disponibles, la convocatoria\u2026 o quiz\u00e1s porque los intereses del aqu\u00ed y el ahora han sido m\u00e1s fuertes a la hora de contaminar, de cuidar y de fiscalizar y\/o sancionar.<\/span><\/i><br \/>\n<i><span style=\"font-family:Verdana;font-size:small;\">Sin embargo\u2026. seguimos en la lucha\u2026 porque, como dice Eduardo Galeano\u00a0<b>\u201c\u2026en el fondo, uno ama al mundo a partir de la certeza que este mundo, triste mundo convertido en campo de concentraci\u00f3n, contiene otro mundo posible. O sea, que el horror est\u00e1 embarazado de maravilla\u201d<\/b><\/span><\/i><br \/>\n<i><span style=\"font-family:Verdana;font-size:small;\"><b>Patrimonio Natural<\/b>\u00a0apuesta a esta gestaci\u00f3n de un mundo mejor, trabajando al servicio de la comunidad y el ambiente, convocando a todos y cada uno de los ciudadanos a comprometerse a cambiar la historia\u2026 afirmando que todav\u00eda es posible\u2026 que no ser\u00e1 un trabajo f\u00e1cil pero es una realidad ineludible\u2026<br \/>\nPara interiorizarse como ser parte de la soluci\u00f3n, los esperamos el 7 de junio en la plaza 12 de Octubre desde las 10 hs.<br \/>\nVen\u00edte, para trabajar sobre estos temas, compartir unos mates, disfrutar, so\u00f1ar y cantar\u2026 \u201cporque un pueblo que canta tiene futuro\u201d&#8230;.. \u00ab<\/span><\/i><\/p>\n<p align=\"right\"><b><span style=\"font-family:Verdana;font-size:small;\">VOLUNTARIOS<br \/>\nASOCIACI\u00d3N PATRIMONIO NATURAL<br \/>\nPILAR<\/span><\/b><\/p>\n<p>M\u00e1s informaci\u00f3n escribiendo a\u00a0<a href=\"mailto:info@patrimonionatural.org.ar\">info@patrimonionatural.org.ar<\/a>\u00a0o a<a href=\"mailto:patrimonionatural@gmail.com\">patrimonionatural@gmail.com<\/a>\u00a0\u00f3 telef\u00f3nicamente comunic\u00e1ndose con el 011 15 5052 7846<\/p>\n","protected":false},"excerpt":{"rendered":"<p>El pr\u00f3ximo viernes 7 de junio la\u00a0Asociaci\u00f3n Patrimonio Natural\u00a0celebrar\u00e1 en Pilar el\u00a0D\u00eda Mundial del Ambiente\u00a0\u00a0en la Plaza 12 de Octubre [&hellip;]<\/p>\n","protected":false},"author":2,"featured_media":0,"comment_status":"open","ping_status":"open","sticky":false,"template":"","format":"standard","meta":[],"categories":[2],"tags":[],"_links":{"self":[{"href":"https:\/\/quasarcomunicacion.com.ar\/web\/wp-json\/wp\/v2\/posts\/2235"}],"collection":[{"href":"https:\/\/quasarcomunicacion.com.ar\/web\/wp-json\/wp\/v2\/posts"}],"about":[{"href":"https:\/\/quasarcomunicacion.com.ar\/web\/wp-json\/wp\/v2\/types\/post"}],"author":[{"embeddable":true,"href":"https:\/\/quasarcomunicacion.com.ar\/web\/wp-json\/wp\/v2\/users\/2"}],"replies":[{"embeddable":true,"href":"https:\/\/quasarcomunicacion.com.ar\/web\/wp-json\/wp\/v2\/comments?post=2235"}],"version-history":[{"count":0,"href":"https:\/\/quasarcomunicacion.com.ar\/web\/wp-json\/wp\/v2\/posts\/2235\/revisions"}],"wp:attachment":[{"href":"https:\/\/quasarcomunicacion.com.ar\/web\/wp-json\/wp\/v2\/media?parent=2235"}],"wp:term":[{"taxonomy":"category","embeddable":true,"href":"https:\/\/quasarcomunicacion.com.ar\/web\/wp-json\/wp\/v2\/categories?post=2235"},{"taxonomy":"post_tag","embeddable":true,"href":"https:\/\/quasarcomunicacion.com.ar\/web\/wp-json\/wp\/v2\/tags?post=2235"}],"curies":[{"name":"wp","href":"https:\/\/api.w.org\/{rel}","templated":true}]}}