{"id":221,"date":"2012-04-04T17:06:44","date_gmt":"2012-04-04T17:06:44","guid":{"rendered":"http:\/\/quasarcomunicacion.wordpress.com\/?p=221"},"modified":"2012-04-04T17:06:44","modified_gmt":"2012-04-04T17:06:44","slug":"caminata-nocturna-y-celebracion-del-dia-nacional-del-agua-en-pilar","status":"publish","type":"post","link":"https:\/\/quasarcomunicacion.com.ar\/web\/caminata-nocturna-y-celebracion-del-dia-nacional-del-agua-en-pilar\/","title":{"rendered":"Caminata nocturna y celebraci\u00f3n del D\u00eda Nacional del Agua en Pilar"},"content":{"rendered":"<p>El pr\u00f3ximo s\u00e1bado 7 de abril se realizar\u00e1 una nueva caminata nocturna a la luz de la luna llena en la <strong>Reserva Natural del Pilar<\/strong>. La salida est\u00e1 prevista para las 20hs. La actividad es libre y gratuita y abierta a toda la familia.<br \/>\n<a href=\"http:\/\/quasarcomunicacion.files.wordpress.com\/2012\/04\/pueblos.gif\"><img loading=\"lazy\" class=\"size-full wp-image-226 aligncenter\" title=\"pueblos\" src=\"http:\/\/quasarcomunicacion.files.wordpress.com\/2012\/04\/pueblos.gif\" alt=\"\" width=\"490\" height=\"368\" \/><\/a><br \/>\n<!--more--><span style=\"font-size:small;\">Adem\u00e1s, el pasado s\u00e1bado los voluntarios de la<\/span><strong> Asociaci\u00f3n Patrimonio Natural <\/strong><span style=\"font-size:small;\">celebraron el D\u00eda Nacional del Agua con gran \u00e9xito.<\/span><br \/>\nM\u00e1s informaci\u00f3n escribiendo a <a href=\"mailto:info@patrimonionatural.org.ar\">info@patrimonionatural.org.ar<\/a> o a <a href=\"mailto:patrimonionatural@gmail.com\">patrimonionatural@gmail.com<\/a> \u00f3 telef\u00f3nicamente comunic\u00e1ndose con el 011 15 5052 7846<br \/>\nLa <strong>Reserva Natural<\/strong><strong> del Pilar<\/strong> se encuentra a menos de 2 km del casco urbano de la ciudad del Pilar y de la Panamericana (Ramal Pilar). Su acceso es muy f\u00e1cil ya que hay asfalto hasta el ingreso a la misma y el colectivo 501 llega hasta all\u00ed, indica a Ex F\u00e1brica Militar y parte del centro de Pilar. La Reserva se encuentra en la calle Argerich sin n\u00famero, detr\u00e1s de la ex F\u00e1brica Militar, por ruta 25 camino a Escobar.<br \/>\nBajo la idea de apreciar la naturaleza en la oscuridad los participantes podr\u00e1n observar las actividades silvestres de la noche, conocer los nombres y caracter\u00edsticas de la flora y la fauna, entre otras cosas.<br \/>\nPara la ocasi\u00f3n se solicita llevar linternas, botas de goma o calzado cerrado c\u00f3modo, pantalones largos, repelente de insectos, agua, alimentos, telescopio o larga vistas en caso de poseerlos.<br \/>\n<a href=\"http:\/\/quasarcomunicacion.files.wordpress.com\/2012\/04\/diaagua.gif\"><img loading=\"lazy\" class=\"size-full wp-image-225 aligncenter\" title=\"diaagua\" src=\"http:\/\/quasarcomunicacion.files.wordpress.com\/2012\/04\/diaagua.gif\" alt=\"\" width=\"490\" height=\"368\" \/><\/a><br \/>\nPueden asistir con vianda para la cena que se realizar\u00e1 al t\u00e9rmino de las actividades de observaci\u00f3n en torno al infaltable fog\u00f3n.<br \/>\nEn el caso de lluvias previas o el d\u00eda de la caminata, se suspende la actividad.<br \/>\n<span style=\"font-size:small;\">Festejaron el D\u00eda Nacional del Agua<\/span><br \/>\nEl pasado s\u00e1bado, en una jornada radiante, los preparativos de los voluntarios de la <strong>Asociaci\u00f3n Patrimonio Natural de Pilar<\/strong> capturaron la atenci\u00f3n de los vecinos en la Plaza 12 de Octubre.<br \/>\nDurante toda la jornada se compartieron experiencias, se experiment\u00f3 y convers\u00f3 sobre la importancia de los humedales, en ocasi\u00f3n del D\u00eda Nacional del Agua.<br \/>\nA trav\u00e9s de una sencilla maqueta, se mostr\u00f3 a los presentes el efecto de la modificaci\u00f3n producida por las acciones descontroladas en el valle de inundaci\u00f3n del r\u00edo.<br \/>\nLos vecinos se acercaron con material period\u00edstico de a\u00f1os anteriores a la creaci\u00f3n de la RESERVA NATURAL DEL PILAR y ello provoc\u00f3 la satisfacci\u00f3n de haber dado un paso m\u00e1s en favor del cuidado del ambiente, al reconocer el estado actual del espacio protegido.<br \/>\nFueron casi 500 personas las que manifestaron su apoyo a la conservaci\u00f3n de los humedales para toda la comunidad presente y futura.<br \/>\nDesde la organizaci\u00f3n \u00abagradecemos a todos los voluntarios y vecinos que compartieron este d\u00eda, y como aguas arriba y aguas abajo del Luj\u00e1n todos estamos conectados sin distinci\u00f3n de localidades, creemos que un uso sustentable de la CUENCA DEL LUJ\u00c1N ES POSIBLE y depende de cada uno de nosotros\u00bb, indicaron.<\/p>\n","protected":false},"excerpt":{"rendered":"<p>El pr\u00f3ximo s\u00e1bado 7 de abril se realizar\u00e1 una nueva caminata nocturna a la luz de la luna llena en [&hellip;]<\/p>\n","protected":false},"author":2,"featured_media":0,"comment_status":"open","ping_status":"open","sticky":false,"template":"","format":"standard","meta":[],"categories":[2],"tags":[],"_links":{"self":[{"href":"https:\/\/quasarcomunicacion.com.ar\/web\/wp-json\/wp\/v2\/posts\/221"}],"collection":[{"href":"https:\/\/quasarcomunicacion.com.ar\/web\/wp-json\/wp\/v2\/posts"}],"about":[{"href":"https:\/\/quasarcomunicacion.com.ar\/web\/wp-json\/wp\/v2\/types\/post"}],"author":[{"embeddable":true,"href":"https:\/\/quasarcomunicacion.com.ar\/web\/wp-json\/wp\/v2\/users\/2"}],"replies":[{"embeddable":true,"href":"https:\/\/quasarcomunicacion.com.ar\/web\/wp-json\/wp\/v2\/comments?post=221"}],"version-history":[{"count":0,"href":"https:\/\/quasarcomunicacion.com.ar\/web\/wp-json\/wp\/v2\/posts\/221\/revisions"}],"wp:attachment":[{"href":"https:\/\/quasarcomunicacion.com.ar\/web\/wp-json\/wp\/v2\/media?parent=221"}],"wp:term":[{"taxonomy":"category","embeddable":true,"href":"https:\/\/quasarcomunicacion.com.ar\/web\/wp-json\/wp\/v2\/categories?post=221"},{"taxonomy":"post_tag","embeddable":true,"href":"https:\/\/quasarcomunicacion.com.ar\/web\/wp-json\/wp\/v2\/tags?post=221"}],"curies":[{"name":"wp","href":"https:\/\/api.w.org\/{rel}","templated":true}]}}