{"id":2157,"date":"2013-05-23T19:30:26","date_gmt":"2013-05-23T19:30:26","guid":{"rendered":"http:\/\/quasarcomunicacion.wordpress.com\/?p=2157"},"modified":"2013-05-23T19:30:26","modified_gmt":"2013-05-23T19:30:26","slug":"informe-especial-que-es-un-ataque-de-panico","status":"publish","type":"post","link":"https:\/\/quasarcomunicacion.com.ar\/web\/informe-especial-que-es-un-ataque-de-panico\/","title":{"rendered":"INFORME ESPECIAL &#8211; \u00bfQu\u00e9 es un ataque de p\u00e1nico?"},"content":{"rendered":"<p style=\"text-align:left;\" align=\"center\"><i style=\"font-family:Verdana;font-size:small;color:#444444;line-height:1.5;\">\u00a0<\/i><span style=\"font-family:Verdana;font-size:small;line-height:1.5;\">Esta semana los ataques de p\u00e1nico volvieron a ser tapa de diarios, revistas y programas de radio y TV. Pero \u00bfqu\u00e9 es realmente un ataque de p\u00e1nico?\u00a0\u00a0 Los especialistas del <\/span><b style=\"font-family:Verdana;font-size:small;line-height:1.5;\">Centro de Estudios Especializado en Trastornos de Ansiedad (CEETA) <\/b><span style=\"font-family:Verdana;font-size:small;line-height:1.5;\">lo explican<!--more--><\/span><\/p>\n<div align=\"center\">\n<table id=\"AutoNumber5\" width=\"90%\" border=\"0\" cellspacing=\"4\" cellpadding=\"4\">\n<tbody>\n<tr>\n<td bgcolor=\"#ECFFF9\" width=\"100%\"><i> <span style=\"font-family:Verdana;font-size:xx-small;\">La licenciada Gabriela Mart\u00ed<\/span><\/i><span style=\"font-family:Verdana;font-size:xx-small;\"><i>nez Castro, directora del CEETA, est\u00e1 disponible para consultas o entrevistas sobre el tema. Comunicarse al 0230-4664772 \u00f3 011-15-6096-4656 para concretarlas o enviar un mail a <a href=\"mailto:gabriela@quasarcomunicacion.com.ar\"> fernanda@quasarcomunicacion.com.ar <\/a>\u00a0<\/i><\/span><\/td>\n<\/tr>\n<\/tbody>\n<\/table>\n<\/div>\n<p align=\"left\"><img loading=\"lazy\" alt=\"\" src=\"http:\/\/www.quasarcomunicacion.com.ar\/ceeta\/lic.gif\" width=\"300\" height=\"225\" align=\"right\" hspace=\"6\" vspace=\"6\" \/><\/p>\n<p><span style=\"font-family:Verdana;font-size:small;\">Se sabe que el <i>panic attack<\/i> es cada vez m\u00e1s frecuente. La mayor\u00eda de los pacientes que sufren este trastorno padecen tambi\u00e9n agorafobia o miedo a los espacios abiertos.\u00a0 <\/span><br \/>\n<span style=\"font-family:Verdana;font-size:small;\">Ultimamente aparecieron varios casos de famosos por lo cual el t\u00e9rmino \u00abataque de p\u00e1nico\u00bb entr\u00f3 a todos los hogares.<\/span><br \/>\n<span style=\"font-family:Verdana;font-size:small;\">Ahora bien<b> \u00bfqu\u00e9 es un ataque de p\u00e1nico?<\/b><\/span><br \/>\n<span style=\"font-family:Verdana;font-size:small;\">Respecto de los ataques de p\u00e1nico, la edad aproximada de manifestaci\u00f3n es a partir de los 18 a\u00f1os, \u201ccuando la persona est\u00e1 en la edad madurativa y se ve enfrentada a la toma de decisiones importantes\u201d, explica la Licenciada Gabriela Mart\u00ednez Castro, especialista en Trastornos de Ansiedad y Directora del <b>CEETA<\/b>.<\/span><br \/>\n<span style=\"font-family:Verdana;font-size:small;\">\u00a0Esta patolog\u00eda presenta s\u00edntomas f\u00edsicos: \u201cel paciente experimenta la sensaci\u00f3n de estar cerca de la muerte, o la locura, sufre taquicardia, falta de respiraci\u00f3n, ahogo, entre otros efectos\u201d, dice Mart\u00ednez Castro. <\/span><br \/>\n<span style=\"font-family:Verdana;font-size:small;\">Por lo general el primer episodio de p\u00e1nico no se olvida jam\u00e1s, a partir de all\u00ed es normal que el que lo ha sufrido tenga la sensaci\u00f3n de que pronto volver\u00e1 a ocurrirle. \u201cQuienes tienen ataques de p\u00e1nico no pueden quedarse solos, porque a partir de que viven el primer ataque, su conducta cambia completamente; evita lugares donde sufri\u00f3 la crisis, procura no realizar la acci\u00f3n que realizaba al momento de manifestarse el p\u00e1nico; en fin, su conducta se ve limitada y la vida del paciente se restringe hasta el aislamiento\u201d, explica Gabriela Mart\u00ednez. <\/span><br \/>\n<span style=\"font-family:Verdana;font-size:small;\">Esta tipolog\u00eda en particular de trastornos de ansiedad, suele avanzar r\u00e1pidamente y tiene consecuencias graves. <\/span><br \/>\n<b><span style=\"font-family:Verdana;font-size:small;\">Las causas <\/span><\/b><br \/>\n<span style=\"font-family:Verdana;font-size:small;\">Seg\u00fan la licenciada Gabriela Mart\u00ednez Castro, especialista en trastornos de ansiedad y directora del <b>Centro de Estudios Especializado en Trastornos de Ansiedad,<\/b> \u201clos factores para padecer una crisis de p\u00e1nico son m\u00faltiples: siempre hay una predisposici\u00f3n gen\u00e9tica (factores hereditarios), el medio socio-ambiental de tipo ansioso (sus cuidadores \u00f3 padres han sido ansiosos, temerosos o sobreprotectores) y un suceso estresante o desencadenante\u201d. <\/span><br \/>\n<img loading=\"lazy\" alt=\"\" src=\"http:\/\/www.quasarcomunicacion.com.ar\/ansiedad\/panico1.gif\" width=\"256\" height=\"242\" align=\"left\" hspace=\"6\" vspace=\"6\" \/><span style=\"font-family:Verdana;font-size:small;\">Estos sucesos pueden ser tan comunes y cotidianos como una situaci\u00f3n de estr\u00e9s, una mudanza, un parto, enfermedad o muerte de seres queridos, migraci\u00f3n, accidentes, cambio laboral o desempleo, divorcio o separaci\u00f3n, entre muchos otros. <\/span><br \/>\n<span style=\"font-family:Verdana;font-size:small;\">Sin embargo, Mart\u00ednez Castro aclara que \u201cel trastorno de p\u00e1nico se instala cuando se han repetido dos o m\u00e1s crisis, y la vida del sujeto comienza a verse restringida (no efect\u00faa sus actividades habituales, o las hace, pero acompa\u00f1ado, por temor a volver a padecer una crisis y no disponer de ayuda o posibilidad de escape en ese momento)\u201d. <\/span><br \/>\n<b><span style=\"font-family:Verdana;font-size:small;\">Los s\u00edntomas <\/span><\/b><br \/>\n<span style=\"font-family:Verdana;font-size:small;\">Palpitaciones, sudoraci\u00f3n, temblores o sacudidas musculares, sensaci\u00f3n de ahogo o falta de aire, sensaci\u00f3n de atragantamiento, opresi\u00f3n en el pecho, n\u00e1useas, malestar o molestias gastrointestinales, inestabilidad, mareos o sensaci\u00f3n de desmayo, sensaci\u00f3n de irrealidad, miedo a perder el control, a volverse loco, a morir, sensaci\u00f3n de hormigueo, escalofr\u00edos o sofocaciones, etc.<\/span><br \/>\n<span style=\"font-family:Verdana;font-size:small;\">Estos son s\u00f3lo algunos de los s\u00edntomas que nos alertan de una crisis de p\u00e1nico, la que se presenta de forma brusca, alcanzando su m\u00e1xima intensidad a los diez minutos de haber comenzado. <\/span><br \/>\n<span style=\"font-family:Verdana;font-size:small;\">Todo puede desencadenarse cuando estamos tranquilos, manejando, mirando televisi\u00f3n o simplemente dando un agradable paseo. De pronto, comenzamos a sentir palpitaciones, como si el coraz\u00f3n fuera a salirse del pecho, sentimos un inmenso temor a morir o a enloquecer, desesperaci\u00f3n, necesidad de escapar. <\/span><br \/>\n<span style=\"font-family:Verdana;font-size:small;\">Notamos que nos cuesta respirar y un mareo nos hace pensar que podr\u00edamos desvanecernos. Quedamos paralizado por el miedo sin poder comprender lo que ocurre, pero algo nos queda claro: sentimos que estamos en peligro. <\/span><br \/>\n<span style=\"font-family:Verdana;font-size:small;\">Cuando todo esto sucede, estamos frente a una \u201ccrisis de p\u00e1nico\u201d, la cual jam\u00e1s olvidaremos. <\/span><br \/>\n<img loading=\"lazy\" alt=\"\" src=\"http:\/\/www.quasarcomunicacion.com.ar\/ansiedad\/panico2.gif\" width=\"200\" height=\"200\" align=\"right\" hspace=\"6\" vspace=\"6\" \/><span style=\"font-family:Verdana;font-size:small;\">Cabe destacar que si el trastorno de p\u00e1nico no es tratado adecuadamente, la persona restringir\u00e1 m\u00e1s cada vez m\u00e1s sus actividades fuera de la casa hasta casi permanecer todo el tiempo dentro de ella. <\/span><br \/>\n<span style=\"font-family:Verdana;font-size:small;\">Es as\u00ed como la enfermedad evoluciona tomando y anulando diversas \u00e1reas de la vida de la persona: vida personal (dificultades familiares debido a la dependencia, divorcio frecuente), laboral y\/o acad\u00e9mico (por la incapacidad de traslado y el temor a permanecer en el lugar de trabajo o estudio donde se teme padecer una crisis), f\u00edsica (dada la alt\u00edsima cantidad de interconsultas m\u00e9dicas y la falta de actividad f\u00edsica por el encierro), emocional (el estilo de vida se ha empobrecido tanto que el individuo se termina deprimiendo) y social (dado el temor a padecer la crisis y que los dem\u00e1s lo noten, se dejan de frecuentar amistades y de asistir a eventos sociales). <\/span><br \/>\n<span style=\"font-family:Verdana;font-size:small;\">\u201cEs importante destacar que cuanto antes se recurra a la consulta y se comience el tratamiento, m\u00e1s r\u00e1pido se detiene la evoluci\u00f3n y se procede a la recuperaci\u00f3n ya que un paciente adecuadamente tratado por un profesional especializado en la materia deber\u00eda retornar a su vida habitual alrededor del tercer mes de tratamiento\u201d, asegura la especialista desde su consultorio en Pilar. <\/span><br \/>\n<b><span style=\"font-family:Verdana;font-size:small;\">El tratamiento <\/span><\/b><br \/>\n<span style=\"font-family:Verdana;font-size:small;\">Esta enfermedad de un tratamiento espec\u00edfico: psicoterapia cognitivo-conductual y medicaci\u00f3n psiqui\u00e1trica, dirigido por expertos en el tema. <\/span><br \/>\n<span style=\"font-family:Verdana;font-size:small;\">\u201cEn un paciente colaborador con el tratamiento con una sesi\u00f3n semanal puede llegar al alta en el t\u00e9rmino de los 4 a 6 meses de tratamiento correctamente implementado, y as\u00ed retomar sus actividades habituales, sin restricci\u00f3n alguna, prescindiendo de tratamiento y medicaci\u00f3n en ese per\u00edodo\u201d, asegur\u00f3 la especialista. <\/span><\/p>\n<div align=\"center\">\n<table id=\"AutoNumber7\" width=\"90%\" border=\"0\" cellspacing=\"4\" cellpadding=\"4\">\n<tbody>\n<tr>\n<td bgcolor=\"#ECFFF9\" width=\"100%\"><i> <span style=\"font-family:Verdana;font-size:xx-small;\">Especialistas del CEETA<\/span><\/i><span style=\"font-family:Verdana;font-size:xx-small;\"><i> est\u00e1n disponible para consultas o entrevistas sobre el tema. Comunicarse al 011-4110-0183 \u00f3 011-15-6096-4656 para concretarlas o enviar un mail a <a href=\"mailto:noelia@quasarcomunicacion.com.ar\"> fernanda@quasarcomunicacion.com.ar<\/a>\u00a0 <\/i><\/span><\/td>\n<\/tr>\n<\/tbody>\n<\/table>\n<\/div>\n<p align=\"left\"><span style=\"font-family:Verdana;font-size:small;\">El <b>Centro de Estudios Especializados en Trastornos de Ansiedad (CEETA)<\/b> tiene su sede central en el Edificio Concord-Sector Los Almendros-piso segundo Oficina 202. Km 50 de la ruta Panamericana ramal Pilar. Tel\u00e9fono: 02322-667175 \u00f3 al Celular 15-4416-1578 <a href=\"http:\/\/www.ceeta.org\/\">www.ceeta.org<\/a>\u00a0 Tambi\u00e9n tiene sedes en Barrio Norte, Belgrano y San Isidro.<\/span><\/p>\n<p align=\"center\"><span style=\"font-family:Verdana;font-size:small;\">Acceso a toda la informaci\u00f3n ingresando en <a href=\"http:\/\/www.quasarcomunicacion.com.ar\/ceeta\"> www.quasarcomunicacion.com.ar\/ceeta<\/a> <\/span><\/p>\n","protected":false},"excerpt":{"rendered":"<p>\u00a0Esta semana los ataques de p\u00e1nico volvieron a ser tapa de diarios, revistas y programas de radio y TV. Pero [&hellip;]<\/p>\n","protected":false},"author":2,"featured_media":0,"comment_status":"open","ping_status":"open","sticky":false,"template":"","format":"standard","meta":[],"categories":[34],"tags":[],"_links":{"self":[{"href":"https:\/\/quasarcomunicacion.com.ar\/web\/wp-json\/wp\/v2\/posts\/2157"}],"collection":[{"href":"https:\/\/quasarcomunicacion.com.ar\/web\/wp-json\/wp\/v2\/posts"}],"about":[{"href":"https:\/\/quasarcomunicacion.com.ar\/web\/wp-json\/wp\/v2\/types\/post"}],"author":[{"embeddable":true,"href":"https:\/\/quasarcomunicacion.com.ar\/web\/wp-json\/wp\/v2\/users\/2"}],"replies":[{"embeddable":true,"href":"https:\/\/quasarcomunicacion.com.ar\/web\/wp-json\/wp\/v2\/comments?post=2157"}],"version-history":[{"count":0,"href":"https:\/\/quasarcomunicacion.com.ar\/web\/wp-json\/wp\/v2\/posts\/2157\/revisions"}],"wp:attachment":[{"href":"https:\/\/quasarcomunicacion.com.ar\/web\/wp-json\/wp\/v2\/media?parent=2157"}],"wp:term":[{"taxonomy":"category","embeddable":true,"href":"https:\/\/quasarcomunicacion.com.ar\/web\/wp-json\/wp\/v2\/categories?post=2157"},{"taxonomy":"post_tag","embeddable":true,"href":"https:\/\/quasarcomunicacion.com.ar\/web\/wp-json\/wp\/v2\/tags?post=2157"}],"curies":[{"name":"wp","href":"https:\/\/api.w.org\/{rel}","templated":true}]}}