{"id":2123,"date":"2013-05-17T15:30:23","date_gmt":"2013-05-17T15:30:23","guid":{"rendered":"http:\/\/quasarcomunicacion.wordpress.com\/?p=2123"},"modified":"2013-05-17T15:30:23","modified_gmt":"2013-05-17T15:30:23","slug":"aumenta-la-adiccion-al-trabajo-a-raiz-del-uso-de-smartphones-a-toda-hora","status":"publish","type":"post","link":"https:\/\/quasarcomunicacion.com.ar\/web\/aumenta-la-adiccion-al-trabajo-a-raiz-del-uso-de-smartphones-a-toda-hora\/","title":{"rendered":"Aumenta la adicci\u00f3n al trabajo a ra\u00edz del uso de smartphones a toda hora"},"content":{"rendered":"<p align=\"center\"><i style=\"font-family:Verdana;font-size:small;color:#444444;line-height:1.5;\"><img loading=\"lazy\" alt=\"\" src=\"http:\/\/www.quasarcomunicacion.com.ar\/ceeta\/2013\/smarth.gif\" width=\"300\" height=\"200\" align=\"right\" border=\"0\" hspace=\"6\" vspace=\"6\" \/><\/i><\/p>\n<p align=\"left\"><span style=\"font-family:Verdana;font-size:small;\">Las nuevas tecnolog\u00edas y las exigencias del d\u00eda a d\u00eda tienen una gran influencia en c\u00f3mo las personas encaran el trabajo, despertando en ellas diversos niveles de ansiedad. En el D\u00eda Mundial de Internet, la Lic. Gabriela Mart\u00ednez Castro, especialista en trastornos de ansiedad y directora del <b>Centro de Estudios Especializado en Trastornos de Ansiedad (CEETA)<\/b>, elabor\u00f3 un informe sobre los workaholics o adictos al trabajo, la ansiedad\u00a0 y la relaci\u00f3n entre este trastorno y el uso adictivo de los smartphones conectados a la red.<!--more--><\/span><\/p>\n<p><span style=\"font-family:Verdana;font-size:small;\">Es de destacar que el 82% de los argentinos consultados en una encuesta sobre h\u00e1bitos y preferencias laborales realizada por Grupo RHUO admiti\u00f3 recibir mails o llamadas de trabajo fuera de hora, mientras que el 79% afirm\u00f3 realizar tareas laborales en su tiempo personal. <\/span><br \/>\n<span style=\"font-family:Verdana;font-size:small;\">En la investigaci\u00f3n, realizada durante noviembre y diciembre de 2012 a 280 encuestados, el 40% de los consultados asegur\u00f3 que en forma habitual recibe mails y atiende llamadas de trabajo fuera de hora, en tanto que el 42% lo hace \u00aben casos excepcionales\u00bb. <\/span><br \/>\n<span style=\"font-family:Verdana;font-size:small;\">Un 35% indic\u00f3 que habitualmente trabaja en su tiempo personal, en tanto que el 44% lo hace s\u00f3lo excepcionalmente. <\/span><br \/>\n<span style=\"font-family:Verdana;font-size:small;\">Quienes ocupan puestos gerenciales y directivos son quienes m\u00e1s trabajan fuera de hora (60% en forma habitual, 38% excepcionalmente y 2% nunca). <\/span><br \/>\n<span style=\"font-family:Verdana;font-size:small;\">En di\u00e1logo con la Lic. Gabriela Mart\u00ednez Castro, directora del <b>CEETA<\/b>, estas fueron sus consideraciones.<\/span><\/p>\n<p align=\"left\"><span style=\"font-family:Verdana;font-size:small;\"> <i> \u00bfC\u00f3mo se puede distinguir el trastorno de ansiedad en una persona que se dedica mucho al trabajo? <\/i> <\/span><\/p>\n<p><span style=\"font-family:Verdana;font-size:small;\">Un workaholic es una persona que ya de por s\u00ed tiene la predisposici\u00f3n a padecer ansiedad. En estos casos, esta ansiedad se vuelca a la adicci\u00f3n al trabajo. Implica que tiene una jornada laboral con una carga horaria muy extensa, y se trata de personas a las que les cuesta mucho poder cortar con todas las obligaciones. <\/span><br \/>\n<i><span style=\"font-family:Verdana;font-size:small;\">Actualmente esto pareciera estar en aumento. \u00bfTiene relaci\u00f3n con las nuevas tecnolog\u00edas? <\/span><\/i><br \/>\n<span style=\"font-family:Verdana;font-size:small;\">Ahora, con el advenimiento de los smartphones esto es peor porque la jornada laboral es much\u00edsimo m\u00e1s extensa y excede el tiempo en que uno est\u00e1 en la oficina. Est\u00e1n manejando, llegando a sus casas, en alg\u00fan medio de transporte, o donde sea y contin\u00faan respondiendo mails, llamados o mensajes de texto relacionados con el trabajo, con lo cual no terminan de \u00abdesenchufarse\u00bb nunca. De hecho, esto implica que les aumente a\u00fan m\u00e1s la ansiedad por querer estar siempre al tanto de la \u00faltima noticia, y para poder controlar todo lo relacionado con el trabajo, as\u00ed como la competencia laboral entres pares y con sus jefes y subordinados. <\/span><br \/>\n<span style=\"font-family:Verdana;font-size:small;\">Lamentablemente esto les aumenta m\u00e1s la ansiedad, generando un c\u00edrculo vicioso, de forma que contin\u00faan m\u00e1s enganchados y menos desconectados del trabajo. El Smartphone, en lugar de ayudar a que la persona pueda trabajar de forma m\u00e1s c\u00f3moda, en este tipo de personalidades ansiosas y adictas al trabajo, lo que genera es justamente m\u00e1s adicci\u00f3n al trabajo, m\u00e1s ansiedad, m\u00e1s cansancio, m\u00e1s s\u00edntomas y por supuesto, en la mayor\u00eda de los casos, una predisposici\u00f3n a padecer uno de los trastornos m\u00e1s comunes, que es el Trastorno por Ansiedad Generalizado. <\/span><br \/>\n<i><span style=\"font-family:Verdana;font-size:small;\">\u00bfQu\u00e9 caracter\u00edsticas tiene este trastorno? <\/span><\/i><br \/>\n<span style=\"font-family:Verdana;font-size:small;\"> <img loading=\"lazy\" alt=\"\" src=\"http:\/\/www.quasarcomunicacion.com.ar\/ceeta\/2013\/castro.gif\" width=\"300\" height=\"213\" align=\"left\" border=\"0\" hspace=\"6\" vspace=\"6\" \/>Se trata de un trastorno por ansiedad caracterizado por una preocupaci\u00f3n excesiva que tiene la persona acerca de diferentes temas de la vida cotidiana, puede llegar a ser el trabajo o situaciones familiares, no logra controlar su preocupaci\u00f3n, y en la mayor\u00eda de los casos presenta sintomatolog\u00edas f\u00edsicas, como por ejemplo taquicardia, sudoraci\u00f3n, contractura, problemas gastrointestinales, temblores, muchas veces puede llegar a padecer ataques de p\u00e1nico, insomnio, irritabilidad, problemas de car\u00e1cter, depresi\u00f3n, hiperactividad, falta de sentido por el placer. A esto se suma la sensaci\u00f3n de estar perdiendo el tiempo si no est\u00e1n trabajando o produciendo, porque b\u00e1sicamente toda la autoestima est\u00e1 colocada al servicio de la producci\u00f3n laboral, y por supuesto es un aditamento competitivo, con lo cual se generan el TAG <\/span><br \/>\n<span style=\"font-family:Verdana;font-size:small;\">Tiene un tratamiento espec\u00edfico: la terapia cognitiva conductual, una terapia de tipo breve en el tiempo y bien focalizada en el problema. No es una terapia convencional porque tanto terapeuta como paciente son muy activos; hay tareas espec\u00edficas para hacer en todas las sesiones y se trabaja de una manera bastante novedosa. <\/span><br \/>\n<span style=\"font-family:Verdana;font-size:small;\">La idea es dar de alta lo antes posible a la persona para que pueda restablecer su vida normal, con un ritmo de vida adecuado que le permita disfrutar, tener una agenda medianamente equitativa entre los horarios de descanso, placer, familiares, sociales, econ\u00f3micos y laborales. <\/span><\/p>\n<div align=\"center\">\n<table id=\"AutoNumber5\" width=\"90%\" border=\"0\" cellspacing=\"4\" cellpadding=\"4\">\n<tbody>\n<tr>\n<td bgcolor=\"#ECFFF9\" width=\"100%\"><i> <span style=\"font-family:Verdana;font-size:xx-small;\">La licenciada Gabriela Mart\u00ed<\/span><\/i><span style=\"font-family:Verdana;font-size:xx-small;\"><i>nez Castro, directora del CEETA, est\u00e1 disponible para consultas o entrevistas sobre el tema. Comunicarse al 0230-4664772 \u00f3 011-15-6096-4656 para concretarlas o enviar un mail a <a href=\"mailto:gabriela@quasarcomunicacion.com.ar\"> fernanda@quasarcomunicacion.com.ar <\/a>\u00a0<\/i><\/span><\/td>\n<\/tr>\n<\/tbody>\n<\/table>\n<\/div>\n<p align=\"left\"><i><span style=\"font-family:Verdana;font-size:small;\">\u00bfC\u00f3mo debe proceder una personal al tomar conciencia de estos s\u00edntomas? <\/span><\/i><\/p>\n<p><span style=\"font-family:Verdana;font-size:small;\">Lo m\u00e1s importante es consultar a un psic\u00f3logo especialista en trastornos de ansiedad, que sea cognitivo conductual, porque este tipo de trastornos una vez que se presenta no es que quedan cristalizados sino que van avanzando en sintomatolog\u00eda y abarcando diversas \u00e1reas de la vida de la persona. Quien lo sufre no va a poder socializar, ver amigos, familia; todo esto lleva a problemas laborales porque disminuye la concentraci\u00f3n, la atenci\u00f3n y la memoria, con lo cual se vuelve parad\u00f3jico. Tambi\u00e9n conlleva distintos problemas interpersonales por la irritabilidad que genera e influye en todas los aspectos, incluso alterando la salud, porque tiene cada vez m\u00e1s s\u00edntomas y los m\u00e9dicos le sugieren que asista a un psic\u00f3logo para que pueda retrotraer el trastorno. <\/span><br \/>\n<i><span style=\"font-family:Verdana;font-size:small;\">\u00bfHay alg\u00fan tipo de predisposici\u00f3n a tener este tipo de trastornos de ansiedad? <\/span><\/i><br \/>\n<span style=\"font-family:Verdana;font-size:small;\">Desde un punto de vista biol\u00f3gico se da m\u00e1s en las mujeres que en los varones, por un tema hormonal y porque somos multifac\u00e9ticas. Las mujers tenemos demasiadas responsabilidades que superan a las de los varones: la crianza de los hijos, la coordinaci\u00f3n del hogar, diferentes preocupaciones relacionadas con la familia y el trabajo. Adem\u00e1s lo hormonal influye en la predisposici\u00f3n, incluso en los hombres influye, ya que por una cuesti\u00f3n social tienen la responsabilidad de ser proveedores del hogar, aunque hoy en d\u00eda cuenta con la colaboraci\u00f3n de la mujer. <\/span><br \/>\n<span style=\"font-family:Verdana;font-size:small;\">Es importante notar que hay una predisposici\u00f3n gen\u00e9tica en ambos g\u00e9neros; no es un trastorno de ansiedad cualquiera, sino que lo sufren quienes lo heredan de madre o padre. Adem\u00e1s, los estresores naturales a los que estamos expuestos, y las situaciones que atraen el trastorno de ansiedad terminan haciendo que el TAG se produzca en la persona. <\/span><br \/>\n<i><span style=\"font-family:Verdana;font-size:small;\">\u00bfAdem\u00e1s de asistir al psic\u00f3logo, hay alg\u00fan otro tipo de actividad que ayude a reducir el stress? <\/span><\/i><br \/>\n<span style=\"font-family:Verdana;font-size:small;\">Siempre esta super recomendad una buena actividad f\u00edsica, pero lamentablemente como ac\u00e1 lo que m\u00e1s influye es el patr\u00f3n de pensamiento que tienen (ansioso, que se anticipa negativamente a los hechos por suceder) lo que realmente necesitan para resolver el problema es el tratamiento espec\u00edfico <\/span><br \/>\n<span style=\"font-family:Verdana;font-size:small;\">Tambi\u00e9n colabora una buena alimentaci\u00f3n y 8 hs de sue\u00f1o, pero sin un buen tratamiento no lo va a poder remitir lamentablemente.<\/span><br \/>\n<span style=\"font-family:Verdana;font-size:small;\">El equipo de profesionales del <b>Centro de Estudios Especializados en Trastornos de Ansiedad <\/b>brinda tratamiento para este tipo de problemas.\u00a0 El <b>CEETA<\/b> est\u00e1 ubicado en el Edificio Concord-Sector los Almendros-piso segundo Oficina 202. Km 50 de la ruta Panamericana ramal Pilar. Sedes en Parque Patricios, Belgrano, Barrio Norte y San Isidro. En 2012 abri\u00f3 una sede en Madrid (Espa\u00f1a).Tel\u00e9fono: 0230-4667175 \u00f3 al Celular 15-4416-1578 <a href=\"http:\/\/www.ceeta.org\/\">www.ceeta.org<\/a>\u00a0 <a href=\"mailto:info@ceeta.org\">info@ceeta.org<\/a> <\/span><\/p>\n","protected":false},"excerpt":{"rendered":"<p>Las nuevas tecnolog\u00edas y las exigencias del d\u00eda a d\u00eda tienen una gran influencia en c\u00f3mo las personas encaran el [&hellip;]<\/p>\n","protected":false},"author":2,"featured_media":0,"comment_status":"open","ping_status":"open","sticky":false,"template":"","format":"standard","meta":[],"categories":[34],"tags":[],"_links":{"self":[{"href":"https:\/\/quasarcomunicacion.com.ar\/web\/wp-json\/wp\/v2\/posts\/2123"}],"collection":[{"href":"https:\/\/quasarcomunicacion.com.ar\/web\/wp-json\/wp\/v2\/posts"}],"about":[{"href":"https:\/\/quasarcomunicacion.com.ar\/web\/wp-json\/wp\/v2\/types\/post"}],"author":[{"embeddable":true,"href":"https:\/\/quasarcomunicacion.com.ar\/web\/wp-json\/wp\/v2\/users\/2"}],"replies":[{"embeddable":true,"href":"https:\/\/quasarcomunicacion.com.ar\/web\/wp-json\/wp\/v2\/comments?post=2123"}],"version-history":[{"count":0,"href":"https:\/\/quasarcomunicacion.com.ar\/web\/wp-json\/wp\/v2\/posts\/2123\/revisions"}],"wp:attachment":[{"href":"https:\/\/quasarcomunicacion.com.ar\/web\/wp-json\/wp\/v2\/media?parent=2123"}],"wp:term":[{"taxonomy":"category","embeddable":true,"href":"https:\/\/quasarcomunicacion.com.ar\/web\/wp-json\/wp\/v2\/categories?post=2123"},{"taxonomy":"post_tag","embeddable":true,"href":"https:\/\/quasarcomunicacion.com.ar\/web\/wp-json\/wp\/v2\/tags?post=2123"}],"curies":[{"name":"wp","href":"https:\/\/api.w.org\/{rel}","templated":true}]}}