{"id":209,"date":"2012-04-03T20:30:22","date_gmt":"2012-04-03T20:30:22","guid":{"rendered":"http:\/\/quasarcomunicacion.wordpress.com\/?p=209"},"modified":"2012-04-03T20:30:22","modified_gmt":"2012-04-03T20:30:22","slug":"estilo-pilar-2012-entregaron-los-premios-a-los-ganadores-en-decoracion-arte-y-paisajismo","status":"publish","type":"post","link":"https:\/\/quasarcomunicacion.com.ar\/web\/estilo-pilar-2012-entregaron-los-premios-a-los-ganadores-en-decoracion-arte-y-paisajismo\/","title":{"rendered":"Estilo Pilar 2012: entregaron los premios a los ganadores en Decoraci\u00f3n, Arte y Paisajismo"},"content":{"rendered":"<p style=\"text-align:left;\" align=\"center\"><span style=\"font-family:Verdana;font-size:small;\">Se inaugur\u00f3 la duod\u00e9cima edici\u00f3n de <\/span><strong>ESTILO PILAR, <\/strong><span style=\"font-family:Verdana;font-size:small;\"> bajo el lema <\/span><strong>\u201cSimplemente URBANO\u201d<\/strong><span style=\"font-family:Verdana;font-size:small;\">, con las tendencias m\u00e1s recientes en decoraci\u00f3n, arte y paisajismo. Este a\u00f1o el escenario est\u00e1 dado por un condominio de la zona norte del Gran Buenos Aires: CIVIS en TORTUGAS NORTE, lo que ofrece un entorno muy particular, una propuesta original, diferente, urbana.<!--more--><\/span><\/p>\n<p><img loading=\"lazy\" src=\"http:\/\/www.quasarcomunicacion.com.ar\/estilopilar12\/fotos\/inauguracion.gif\" alt=\"\" width=\"490\" height=\"326\" \/><br \/>\n<span style=\"font-family:Verdana;font-size:small;\">Del 29 de marzo al 22 de abril, de 11:00 a 19:00 (horario extendido hasta las 20:00 los viernes, s\u00e1bados y v\u00edspera de feriados), los visitantes podr\u00e1n admirar las propuestas que la feria ofrece en 25 departamentos decorados, 11 espacios de arte y 4 lugares para showrooms. Los departamentos son iguales pero las \u201chistorias\u201d son diferentes. <\/span><br \/>\n<span style=\"font-family:Verdana;font-size:small;\">La consigna de la decoraci\u00f3n es \u201cCasas con Alma\u201d. Cada espacio transmite el \u201calma\u201d de su due\u00f1o. Algunos inspirados en un personaje y otros que manifiestan la forma de vida y los gustos en las personas que lo habitan. <\/span><br \/>\n<img loading=\"lazy\" src=\"http:\/\/www.quasarcomunicacion.com.ar\/estilopilar12\/fotos\/noche.gif\" alt=\"\" width=\"490\" height=\"328\" \/><br \/>\n<span style=\"font-family:Verdana;font-size:small;\">Y, como todos los a\u00f1os, <strong>Estilo Pilar <\/strong>y sus sponsors premiaron a los espacios m\u00e1s destacados por su originalidad. <\/span><br \/>\n<span style=\"font-family:Verdana;font-size:small;\">En la edici\u00f3n 2012, en <strong> ESTILO PILAR \u201cSimplemente URBANO\u201d<\/strong> se presentaron excelentes trabajos, se crearon atm\u00f3sferas muy diversas con recursos muy variados. Sin embargo, el jurado ten\u00eda que elegir ganadores, y luego de una exhaustiva selecci\u00f3n fueron elegidos los siguientes: <\/span><br \/>\n<span style=\"font-family:Verdana;font-size:small;\">De este link podr\u00e1n descargar im\u00e1genes en alta definici\u00f3n de los espacios ganadores <a href=\"http:\/\/www.flickr.com\/photos\/78302975@N06\/\"> http:\/\/www.flickr.com\/photos\/78302975@N06\/<\/a><br \/>\n<\/span><strong><span style=\"font-family:Verdana;font-size:small;\">PREMIOS DECORACI\u00d3N en ESTILO PILAR 2012 <\/span><\/strong><br \/>\n<span style=\"font-family:Verdana;font-size:small;\"><strong>\u2022 PREMIO PATAGONIA<\/strong><br \/>\nJurado: Arq. Cristian Oppel<br \/>\n<em>1\u00ba Premio:<\/em> Espacio N\u00ba 19 \u201cLa Vie en Rose\u201d de Grace Devecyan.<br \/>\nPor el mejor uso de la madera, textura y terminaci\u00f3n.<br \/>\n<em>Menci\u00f3n<\/em>: Espacio N\u00ba 1 \u201cFot\u00f3grafos de aventura \u2013 El Refugio\u201d de Laura Urzanqui.<br \/>\nPor el ambiente, uso y la sensaci\u00f3n de refugio. <\/span><br \/>\n<img loading=\"lazy\" src=\"http:\/\/www.quasarcomunicacion.com.ar\/estilopilar12\/fotos\/grace1.gif\" alt=\"\" width=\"490\" height=\"328\" \/><br \/>\n<span style=\"font-family:Verdana;font-size:small;\"><strong>\u2022 PREMIO COLORIN &#8211; MEJOR USO DEL COLOR<\/strong><br \/>\nJurado: Olivier Caminade y Marina Cernadas.<br \/>\n<em>1\u00ba Premio:<\/em> Espacio N\u00ba 23 \u201cMi casa tu casa\u2026 simple y funcional\u201d de Fabiana Orellano.<br \/>\nSe premi\u00f3 este espacio por haber utilizado una combinaci\u00f3n de colores intensos.<br \/>\n<em>2\u00ba Premio y Menci\u00f3n:<\/em> Espacio N\u00ba 3 \u201cMILA \u2013 Sommelier\u201d de Eugenia Landaboure.<br \/>\nSe destac\u00f3 la atrevida combinaci\u00f3n de tonos vivos y contrastantes. <\/span><br \/>\n<img loading=\"lazy\" src=\"http:\/\/www.quasarcomunicacion.com.ar\/estilopilar12\/fotos\/landabure.gif\" alt=\"\" width=\"490\" height=\"328\" \/><br \/>\n<span style=\"font-family:Verdana;font-size:small;\"><strong>\u2022 PREMIO LIVING<\/strong><br \/>\nJurado: Arq. Mariana Kratchowil, In\u00e9s Marini y Mercedes Lombardo.<br \/>\n<em>1\u00ba Premio Living a las mejores ideas:<\/em> Espacio N\u00ba 6 \u201cAlgo nuevo, algo azul, algo viejo, algo prestado\u2026\u201d de El Corral de Gabriela Frisch y Clara Sardone.<br \/>\nSe eligi\u00f3 porque el jurado entiende que refleja el modo de vida actual.<br \/>\n<em>Menci\u00f3n<\/em> Living a la mejor idea: Espacio N\u00ba 19 \u201cLa vie en Rose\u201d de Grace Devecyan.<br \/>\nExpresa el amor por la tarea propia. <\/span><br \/>\n<img loading=\"lazy\" src=\"http:\/\/www.quasarcomunicacion.com.ar\/estilopilar12\/fotos\/corral.gif\" alt=\"\" width=\"490\" height=\"328\" \/><br \/>\n<span style=\"font-family:Verdana;font-size:small;\"><strong>\u2022 PREMIO DArA &#8211; Mejor dise\u00f1o interior<\/strong><br \/>\nJurado: Arq. Ang\u00e9lica Campi, Arq. Paula Herrero, Dise\u00f1adora Claudia Traverso, Dise\u00f1adora Matty Costa Paz.<br \/>\n<em>1\u00ba Premio: <\/em>Espacio N\u00ba 6 \u201cAlgo nuevo, algo azul, algo viejo, algo prestado\u2026\u201d de El Corral de Gabriela Frisch y Clara Sardone.<br \/>\nSe eligi\u00f3 porque destaca las l\u00edneas puras en el dise\u00f1o de mobiliario, la armon\u00eda en la elecci\u00f3n de materiales.<br \/>\n<em>Menci\u00f3n<\/em>: Espacio N\u00ba 19 \u201cLa vie en Rose\u201d de Grace Devecyan.<br \/>\nSe destac\u00f3 porque el espacio apela al uso de los cinco sentidos. <\/span><br \/>\n<strong><\/strong><span style=\"font-family:Verdana;font-size:small;\"><strong>SHOWROOMS<\/strong><br \/>\nJurado: Dis. Dorotea Oliva, Dis. Mercedes Novoa, Arq. Mart\u00edn Zanotti.<br \/>\n<em>1\u00ba Premio de Jean Pierre:<\/em> \u201cLas Marinas\u201d<br \/>\nPor el excelente clima de exposici\u00f3n.<br \/>\n<em>Menci\u00f3n<\/em>: \u201cModo Casa\u201d de Gustavo Yankelevich.<br \/>\nPor su puesta en escena <\/span><br \/>\n<img loading=\"lazy\" src=\"http:\/\/www.quasarcomunicacion.com.ar\/estilopilar12\/fotos\/marinas.gif\" alt=\"\" width=\"490\" height=\"328\" \/><br \/>\n<span style=\"font-family:Verdana;font-size:small;\"><strong>PREMIOS PAISAJISMO en ESTILO PILAR 2012<\/strong><\/span><br \/>\n<span style=\"font-family:Verdana;font-size:small;\"><strong>Jurado:<\/strong> Jurado estilo Pilar 2012 (Cristina Le Mehaute, Carlos Thays y Matilde Oyharzabal, Marita Thisted en representaci\u00f3n de la Sociedad Argentina de Horticultura y Lucia Cane con Mariana Rossi votaron por el premio de la Revista Jard\u00edn<br \/>\nPremio Sociedad Argentina de Horticultura: Espacio J1 \u201cCon Vivir\u201d de Mariana Hogg.<br \/>\n\u2022 <em>Premio Revista Jard\u00edn: <\/em>Espacio J1 \u201cCon Vivir\u201d de Mariana Hogg.<br \/>\n\u2022 <em>1\u00b0 Premio ESTILO PILAR:<\/em> Espacio J1 \u201cCon Vivir\u201d de Mariana Hogg.<br \/>\n\u2022 <em>2\u00b0 Premio ESTILO PILAR:<\/em> Espacio J5 \u201cOndas Urbanas\u201d de Silvia Citcioglu. Por mejor interpretaci\u00f3n del leit motiv \u201cSimplemente Jardines Urbanos\u201d. <\/span><br \/>\n<img loading=\"lazy\" src=\"http:\/\/www.quasarcomunicacion.com.ar\/estilopilar12\/fotos\/hogg1.gif\" alt=\"\" width=\"490\" height=\"328\" \/><br \/>\n<span style=\"font-family:Verdana;font-size:small;\"><strong>\u201cPREMIO ESTILO PILAR 2012 \u2013 DECORACION\u201d <\/strong><br \/>\nJurado: Dis. Dorotea Oliva, Dis. Mercedes Novoa y Arq. Martin Zanotti.<br \/>\n<em>1\u00ba Premio de Jean Pierre Mejor propuesta creativa:<\/em> \u201cMundo POP\u201d de In\u00e9s Calamante.<br \/>\nLa decisi\u00f3n fue un\u00e1nime, se distingui\u00f3 por resolver de forma muy creativa la divisi\u00f3n virtual de los espacios y el vibrante uso del color.<br \/>\n<em>2\u00ba Premio de Jean Pierre Mejor propuesta creativa:<\/em> \u201cLa vie en Rose\u201d de Grace Devecyan.<br \/>\nTransmite de manera impecable el clima de gozo y alegr\u00eda por la vida. <\/span><br \/>\n<img loading=\"lazy\" src=\"http:\/\/www.quasarcomunicacion.com.ar\/estilopilar12\/fotos\/calamante1.gif\" alt=\"\" width=\"490\" height=\"328\" \/><br \/>\n<span style=\"font-family:Verdana;font-size:small;\"><strong>\u201cPREMIO MEJOR RECURSO ARTISTICO ESTILO PILAR 2012\u201d<\/strong><br \/>\nJurado: Arq. Federico Platener, curador; Dis. Roxana Punta Alvarez, curadora y Lic. Irene Lawson.<br \/>\n<em>1\u00ba Premio de Jean Pierre Dise\u00f1o de Marta Minuj\u00edn:<\/em> Espacio \u201cDisfrutar la vida\u201d de Alejandra Stier.<br \/>\nPor la coherencia expresada en toda la obra.<br \/>\n<em>2\u00ba Premio de Jean Pierre: <\/em>Espacio \u201cSin\u00e9cdoques &#8211; fragmentos de la realidad\u201d de Claudia Behrensen, Patricia Cazes, Silvia Amorena, Irene Momesso.<br \/>\nPor el original tratado de las fotos.<br \/>\n<em>Menci\u00f3n Especial Espacio \u201cCielo\u201d <\/em>de Ivonne Delor.<br \/>\nEsta menci\u00f3n fue solicitada por el jurado de Arte por haber desarrollado una propuesta conceptual con un fuerte hilo conductor.<\/span><br \/>\n<img loading=\"lazy\" src=\"http:\/\/www.quasarcomunicacion.com.ar\/estilopilar12\/fotos\/stier.gif\" alt=\"\" width=\"490\" height=\"274\" \/><span style=\"font-family:Verdana;font-size:small;\"><br \/>\n<strong>PASEO DE COMPRAS Y GARDEN WALK<\/strong><br \/>\nComo cada a\u00f1o, adem\u00e1s de espacios de Decoraci\u00f3n, Arte y Paisajismo, la oferta al visitante es una cuidada elecci\u00f3n de todo aquello que pueda ayudar a cumplir un sue\u00f1o o, simplemente, agradar a los sentidos. Un paseo para comprar, tocar y ver objetos, colores, texturas y dise\u00f1os de buen gusto. Esta vez en un entorno ecl\u00e9ctico interesante entre el cemento y lo verde, disfrutando siempre del aire libre. <\/span><br \/>\n<img loading=\"lazy\" src=\"http:\/\/www.quasarcomunicacion.com.ar\/estilopilar12\/fotos\/paseo.gif\" alt=\"\" width=\"490\" height=\"368\" \/><br \/>\n<span style=\"font-family:Verdana;font-size:small;\"><strong>PROPUESTA GASTRON\u00d3MICA<\/strong><br \/>\nEste a\u00f1o el sector gastron\u00f3mico est\u00e1 a cargo de Cepa de Cocineros que ofrece diferentes propuestas con men\u00fas de vanguardia y el sello del chef Vanesa Glass que lleva adelante un estilo de cocina \u00e9tnica y de fusi\u00f3n. <\/span><br \/>\n<img loading=\"lazy\" src=\"http:\/\/www.quasarcomunicacion.com.ar\/estilopilar12\/fotos\/logo.gif\" alt=\"\" width=\"300\" height=\"247\" align=\"right\" \/><span style=\"font-family:Verdana;font-size:small;\"><strong>Estilo Pilar en Cifras<\/strong><br \/>\n\u2022 25 millones de d\u00f3lares de inversi\u00f3n en el desarrollo del emprendimiento \u201cCivis en Tortugas Norte\u201d.<br \/>\n\u2022 4000 m2 de puro interiorismo.<br \/>\n\u2022 25 departamentos decorados.<br \/>\n\u2022 11 espacios de arte.<br \/>\n\u2022 4 lugares para showrooms.<br \/>\n\u2022 5 propuestas gastron\u00f3micas diferentes.<br \/>\n\u2022 10 \u00e1reas destinadas al paisajismo.<br \/>\n\u2022 40 espacios en el Paseo de Compras.<br \/>\n\u2022 4 espacios de Garden Walk.<br \/>\n<strong>Para agendar:<br \/>\nLugar: <\/strong>\u201dCIVIS en Tortugas Norte\u201d &#8211; Calle Santa Rosa 1407 (altura Panamericana km38) Ramal Pilar &#8211; Buenos Aires<\/span><br \/>\n<span style=\"font-family:Verdana;font-size:small;\"><strong> Fecha:<\/strong> Desde el 29 de marzo al 22 de abril de 2012<\/span><br \/>\n<span style=\"font-family:Verdana;font-size:small;\"><strong> Horarios: <\/strong> Mi\u00e9rcoles, jueves domingos y feriados de 11 a 19 horas<br \/>\nViernes, s\u00e1bados y v\u00edsperas de feriado de 11 a 20 horas<\/span><br \/>\n<span style=\"font-family:Verdana;font-size:small;\"><strong><em>Lunes y martes: Cerrado <\/em><\/strong><\/span><\/p>\n<p align=\"left\"><span style=\"font-family:Verdana;font-size:small;\"><strong> Entradas:<\/strong> <\/span><\/p>\n<p><span style=\"font-family:Verdana;font-size:small;\">\u00a7<\/span><span style=\"font-size:small;\">\u00a0 <\/span><span style=\"font-family:Verdana;font-size:small;\"> General: $35.- <\/span><br \/>\n<span style=\"font-family:Verdana;font-size:small;\">\u00a7<\/span><span style=\"font-size:small;\">\u00a0 <\/span><span style=\"font-family:Verdana;font-size:small;\"> Con descuento: $30.- (jubilados y grupos de m\u00e1s de 10 personas)<\/span><br \/>\n<span style=\"font-family:Verdana;font-size:small;\">\u00a7<\/span><span style=\"font-size:small;\">\u00a0 <\/span><span style=\"font-family:Verdana;font-size:small;\"> Club La Naci\u00f3n: 20% de descuento de mi\u00e9rcoles a domingo, una entrada por tarjeta<\/span><br \/>\n<span style=\"font-family:Verdana;font-size:small;\">\u00a7<\/span><span style=\"font-size:small;\">\u00a0 <\/span><span style=\"font-family:Verdana;font-size:small;\"> Menores de 12 a\u00f1os: Gratis <\/span><br \/>\n<span style=\"font-family:Verdana;font-size:small;\">\u00a7<\/span><span style=\"font-size:small;\">\u00a0 <\/span><span style=\"font-family:Verdana;font-size:small;\"> Las promociones no son acumulables<\/span><br \/>\n<span style=\"font-family:Verdana;font-size:small;\">\u00b7<\/span><span style=\"font-size:small;\">\u00a0\u00a0\u00a0\u00a0\u00a0\u00a0\u00a0\u00a0 <\/span><span style=\"font-family:Verdana;font-size:small;\"><strong> Cat\u00e1logo:<\/strong> $30.-<\/span><br \/>\n<span style=\"font-family:Verdana;font-size:small;\"><strong>ESTILO PILAR <\/strong>(www.estilopilar.com.ar)<br \/>\nInformes: (0230) 4427 960\/4435132<br \/>\n<a href=\"mailto:info@amigosdelpilar.org.ar\">info@amigosdelpilar.org.ar<\/a> <\/span><\/p>\n<p align=\"center\"><span style=\"font-family:Verdana;font-size:small;\">Acceso a toda la informaci\u00f3n e im\u00e1genes en alta definici\u00f3n ingresando en<br \/>\n<a href=\"http:\/\/www.quasarcomunicacion.com.ar\/estilopilar12\"> www.quasarcomunicacion.com.ar\/estilopilar12<\/a>\u00a0 <\/span><\/p>\n","protected":false},"excerpt":{"rendered":"<p>Se inaugur\u00f3 la duod\u00e9cima edici\u00f3n de ESTILO PILAR, bajo el lema \u201cSimplemente URBANO\u201d, con las tendencias m\u00e1s recientes en decoraci\u00f3n, [&hellip;]<\/p>\n","protected":false},"author":2,"featured_media":0,"comment_status":"open","ping_status":"open","sticky":false,"template":"","format":"standard","meta":[],"categories":[2],"tags":[10,11,12,13,14,15,16],"_links":{"self":[{"href":"https:\/\/quasarcomunicacion.com.ar\/web\/wp-json\/wp\/v2\/posts\/209"}],"collection":[{"href":"https:\/\/quasarcomunicacion.com.ar\/web\/wp-json\/wp\/v2\/posts"}],"about":[{"href":"https:\/\/quasarcomunicacion.com.ar\/web\/wp-json\/wp\/v2\/types\/post"}],"author":[{"embeddable":true,"href":"https:\/\/quasarcomunicacion.com.ar\/web\/wp-json\/wp\/v2\/users\/2"}],"replies":[{"embeddable":true,"href":"https:\/\/quasarcomunicacion.com.ar\/web\/wp-json\/wp\/v2\/comments?post=209"}],"version-history":[{"count":0,"href":"https:\/\/quasarcomunicacion.com.ar\/web\/wp-json\/wp\/v2\/posts\/209\/revisions"}],"wp:attachment":[{"href":"https:\/\/quasarcomunicacion.com.ar\/web\/wp-json\/wp\/v2\/media?parent=209"}],"wp:term":[{"taxonomy":"category","embeddable":true,"href":"https:\/\/quasarcomunicacion.com.ar\/web\/wp-json\/wp\/v2\/categories?post=209"},{"taxonomy":"post_tag","embeddable":true,"href":"https:\/\/quasarcomunicacion.com.ar\/web\/wp-json\/wp\/v2\/tags?post=209"}],"curies":[{"name":"wp","href":"https:\/\/api.w.org\/{rel}","templated":true}]}}