{"id":2045,"date":"2013-05-09T18:18:27","date_gmt":"2013-05-09T18:18:27","guid":{"rendered":"http:\/\/quasarcomunicacion.wordpress.com\/?p=2045"},"modified":"2013-05-09T18:18:27","modified_gmt":"2013-05-09T18:18:27","slug":"los-ninos-y-las-redes-sociales","status":"publish","type":"post","link":"https:\/\/quasarcomunicacion.com.ar\/web\/los-ninos-y-las-redes-sociales\/","title":{"rendered":"Los ni\u00f1os y las redes sociales"},"content":{"rendered":"<p style=\"text-align:left;\" align=\"center\"><span style=\"font-family:Verdana;font-size:small;line-height:1.5;\">Cuando los ni\u00f1os prenden las computadoras o se conectan desde sus tel\u00e9fonos celulares, por lo general los padres entran a un mundo desconocido para muchos de ellos. Las especialistas de<\/span><b style=\"font-family:Verdana;font-size:small;line-height:1.5;\"> Momento Cero<\/b><span style=\"font-family:Verdana;font-size:small;line-height:1.5;\"> elaboraron un informe para ayudar a los mayores a comprender esta situaci\u00f3n y orientar a los ni\u00f1os en un buen manejo de la tecnolog\u00eda<!--more--><\/span><\/p>\n<p><span style=\"font-family:Verdana;font-size:small;\">\u00abCuando est\u00e1n en la computadora o desde su tel\u00e9fono m\u00f3vil, m\u00e1s precisamente en las redes sociales, desconocemos lo que hacen o lo pueden llegar a hacer, desconocemos con lo que se pueden encontrar. Desconocemos con qui\u00e9n se conecta, todo es virtual, hasta sociabilizarse. Con semejante desconocimiento los padres caemos en una suerte de ignorancia, paralizaci\u00f3n e indiferencia\u00bb, indica la Lic. Emilia Canzutti, co-fundadora de <b>Momento Cero<\/b> (www.momentocero.com.ar)<\/span><br \/>\n<span style=\"font-family:Verdana;font-size:small;\">\u00bfEst\u00e1 bueno que sea as\u00ed?\u00a0 Si bien la edad m\u00ednima para poder ser un usuario de las redes sociales en internet es de 13 a\u00f1os hoy sabemos que ni\u00f1os menores de esa edad tienen y usan cuentas. Las encuestas indican que adem\u00e1s los padres no supervisan las mismas ni saben qu\u00e9 es lo que los ni\u00f1os comunican a trav\u00e9s de este medio social. <\/span><\/p>\n<div align=\"center\">\n<table width=\"90%\" border=\"0\" cellspacing=\"4\" cellpadding=\"4\">\n<tbody>\n<tr>\n<td bgcolor=\"#ecfff9\" width=\"100%\"><i><span style=\"font-family:Verdana;font-size:xx-small;\">El equipo de profesionales de <b>MOMENTO CERO<\/b><\/span><\/i><span style=\"font-family:Verdana;font-size:xx-small;\"><i> est\u00e1 disponible para consultas o entrevistas sobre el tema. Comunicarse al 0230-4664772 begin_of_the_skype_highlighting\u00a0GRATIS\u00a00230-4664772\u00a0end_of_the_skype_highlighting \u00f3 0230-15-4584535 para concretarlas o enviar un mail a <a href=\"mailto:gabriela@quasarcomunicacion.com.ar\">fernanda@quasarcomunicacion.com.ar <\/a>\u00a0<\/i><\/span><\/td>\n<\/tr>\n<\/tbody>\n<\/table>\n<\/div>\n<p><span style=\"font-family:Verdana;font-size:small;\">De todas formas un ni\u00f1o de 13 a\u00f1os o pocos m\u00e1s, \u00bfCreen ustedes que est\u00e1 totalmente capacitado para hacer frente a los peligros a los que est\u00e1n expuestos una vez inmersos en el mundo virtual?<\/span><br \/>\n<span style=\"font-family:Verdana;font-size:small;\">A trav\u00e9s de una conexi\u00f3n a internet pueden tener acceso a programas maliciosos, pueden recibir amenazas, comentarios hirientes, burlas de sus compa\u00f1eros, ver publicaciones inapropiadas de los amigos o de los amigos de los amigos, hasta conectarse con adultos que aprovechan este medio.<\/span><br \/>\n<span style=\"font-family:Verdana;font-size:small;\">\u00abPara todo esto no hay buenas barreras protectoras, por lo tanto la mirada atenta, la supervisi\u00f3n y la ense\u00f1anza por parte de los padres es sumamente importante. Si los padres se permiten salir de la par\u00e1lisis es aconsejable que se sumen al c\u00edrculo de amigos de sus hijos, cuando lo crean conveniente revisarlo peri\u00f3dicamente. Siempre est\u00e1n a tiempo de poder utilizar controles de privacidad y usar las aplicaciones con cautela\u00bb, dice la Lic. Adriana L\u00f3pez, de<b> Momento Cero.<\/b><\/span><br \/>\n<span style=\"font-family:Verdana;font-size:small;\">Lo mejor que les puede pasar es ense\u00f1arles a sus hijos a usar adecuadamente estos medios. Las redes sociales de mayor vigencia, conocidas y usadas por todos es una gran puerta al mundo, hoy herramienta fundamental en nuestras vidas. Pero en un ni\u00f1o, no deber\u00eda convertirse en toda su vida.<\/span><br \/>\n<span style=\"font-family:Verdana;font-size:small;\">De todos modos, la psic\u00f3loga Adriana L\u00f3pez de la consultora <b>Momento Cero<\/b> se\u00f1al\u00f3 que \u201cun chico de 13 a\u00f1os es muy vulnerable, si no est\u00e1 maduro para manejar los riesgos que pueden implicar los redes sociales. En Internet, como en la vida, es necesario que los padres pongan pautas tales como no da\u00f1ar a otros, y no intimar o contactarse con desconocidos\u201d. <\/span><br \/>\n<span style=\"font-family:Verdana;font-size:small;\">Si los hijos usan Internet o redes sociales desde equipos \u201ccomunitarios\u201d, como una computadora de escritorio o una port\u00e1til tipo notebook, cualquier padre puede conocer qu\u00e9 p\u00e1ginas visit\u00f3 su hijo o cu\u00e1l fue su actividad en la red con s\u00f3lo revisar el historial, am\u00e9n de poder instalar programas que impiden el acceso a determinadas p\u00e1ginas o rubros. <\/span><br \/>\n<span style=\"font-family:Verdana;font-size:small;\">\u201cCon los tel\u00e9fonos la situaci\u00f3n cambia\u201d, subray\u00f3 L\u00f3pez, para marcar que los dispositivos m\u00f3viles son personales e individuales, por ello \u201clos padres tienen que tener una mirada atenta, estar al lado de los chicos, esto es acompa\u00f1ar, ayudar, ense\u00f1ar a usarlos y a tomar las precauciones necesarias para conservar la privacidad\u201d. <\/span><br \/>\n<span style=\"font-family:Verdana;font-size:small;\">Remarc\u00f3 L\u00f3pez que \u201clos chicos tienen una vida fuera de casa y el m\u00f3vil hace que tengan acceso a Internet tambi\u00e9n fuera de casa. Por eso lo m\u00e1s importante es educar, explicar, fortalecer el v\u00ednculo con el hijo para que puedan ser aut\u00f3nomos, para que se puedan defender y que tambi\u00e9n sepan que cuentan con nosotros en situaciones dif\u00edciles o que les generen alguna dificultad\u201d. <\/span><br \/>\n<span style=\"font-family:Verdana;font-size:small;\">\u201cMuchos pap\u00e1s dejan muy liberados a los chicos en el uso de Internet y a veces los chicos est\u00e1n expuestos a situaciones complicadas. Como pasa con todas las herramientas, siempre hay algo positivo y algo que cuidar\u201d, concluy\u00f3.\u00a0<\/span><\/p>\n","protected":false},"excerpt":{"rendered":"<p>Cuando los ni\u00f1os prenden las computadoras o se conectan desde sus tel\u00e9fonos celulares, por lo general los padres entran a [&hellip;]<\/p>\n","protected":false},"author":2,"featured_media":0,"comment_status":"open","ping_status":"open","sticky":false,"template":"","format":"standard","meta":[],"categories":[34],"tags":[],"_links":{"self":[{"href":"https:\/\/quasarcomunicacion.com.ar\/web\/wp-json\/wp\/v2\/posts\/2045"}],"collection":[{"href":"https:\/\/quasarcomunicacion.com.ar\/web\/wp-json\/wp\/v2\/posts"}],"about":[{"href":"https:\/\/quasarcomunicacion.com.ar\/web\/wp-json\/wp\/v2\/types\/post"}],"author":[{"embeddable":true,"href":"https:\/\/quasarcomunicacion.com.ar\/web\/wp-json\/wp\/v2\/users\/2"}],"replies":[{"embeddable":true,"href":"https:\/\/quasarcomunicacion.com.ar\/web\/wp-json\/wp\/v2\/comments?post=2045"}],"version-history":[{"count":0,"href":"https:\/\/quasarcomunicacion.com.ar\/web\/wp-json\/wp\/v2\/posts\/2045\/revisions"}],"wp:attachment":[{"href":"https:\/\/quasarcomunicacion.com.ar\/web\/wp-json\/wp\/v2\/media?parent=2045"}],"wp:term":[{"taxonomy":"category","embeddable":true,"href":"https:\/\/quasarcomunicacion.com.ar\/web\/wp-json\/wp\/v2\/categories?post=2045"},{"taxonomy":"post_tag","embeddable":true,"href":"https:\/\/quasarcomunicacion.com.ar\/web\/wp-json\/wp\/v2\/tags?post=2045"}],"curies":[{"name":"wp","href":"https:\/\/api.w.org\/{rel}","templated":true}]}}