{"id":2036,"date":"2013-05-07T14:26:48","date_gmt":"2013-05-07T14:26:48","guid":{"rendered":"http:\/\/quasarcomunicacion.wordpress.com\/?p=2036"},"modified":"2013-05-07T14:26:48","modified_gmt":"2013-05-07T14:26:48","slug":"continua-el-concurso-fotografico-en-la-reserva-natural-del-pilar","status":"publish","type":"post","link":"https:\/\/quasarcomunicacion.com.ar\/web\/continua-el-concurso-fotografico-en-la-reserva-natural-del-pilar\/","title":{"rendered":"Contin\u00faa el Concurso Fotogr\u00e1fico en la Reserva Natural del Pilar"},"content":{"rendered":"<p style=\"text-align:left;\" align=\"center\"><i style=\"color:#444444;line-height:1.5;\">\u00a0<\/i><span style=\"font-family:Verdana;font-size:small;\">En ocasi\u00f3n del 10\u00ba Aniversario de la creaci\u00f3n de la <b>Reserva Natural del Pilar<\/b> contin\u00faan las acciones en el marco del <b>Concurso Fotogr\u00e1fico de las Cuatro Estaciones en la Reserva Natural<\/b>. Ya se entregaron los premios a los ganadores de la estaci\u00f3n verano y el pr\u00f3ximo 18 de mayo se tomar\u00e1n las im\u00e1genes de la estaci\u00f3n Oto\u00f1o.<!--more--><\/span><b> <\/b><\/p>\n<p><span style=\"font-family:Verdana;font-size:small;\">Los ganadores de la Estaci\u00f3n Verano recibieron sus premios en Pilar Point. Ellos son:<\/span><br \/>\n<span style=\"font-family:Verdana;font-size:small;\"><b>Profesional<\/b><br \/>\n1:Patricia Leichner<br \/>\n<b>Aficionado<\/b><br \/>\n1: Andr\u00e9s Mancuso<br \/>\n<b>Mensi\u00f3n<\/b>:<br \/>\nNatalia Cassino y Claudia Avila<\/span><br \/>\n<span style=\"font-family:Verdana;font-size:small;\">En esta ocasi\u00f3n, el jurado estuvo compuesto por Walter Belfiore, Director de Belfiore &amp; Asociados; Marcos Cabrera, del COA Pilar; Sof\u00eca Cabrera y Gladys Cabrera, de Patrimonio Natural<\/span><br \/>\n<span style=\"font-family:Verdana;font-size:small;\">Las fotos se expusieron en Pilar Point para la visita de toda la comunidad.<\/span><br \/>\n<span style=\"font-family:Verdana;font-size:small;\">El concurso contin\u00faa este mes con la toma de las im\u00e1genes el pr\u00f3ximo s\u00e1bado 18 de mayo. En esa ocasi\u00f3n, se convoca a todos los interesados en participar del concurso a asistir a la Jornada Fotogr\u00e1fica en la Reserva Natural del Pilar durante todo el d\u00eda. No es necesario inscripci\u00f3n previa, todas las actividades son abiertas a toda la comunidad y con ingreso libre y gratuito<\/span><br \/>\nLa <b>Reserva Natural<\/b><b> del Pilar<\/b> se encuentra a menos de 2 km del casco urbano de la ciudad del Pilar y de la Panamericana (Ramal Pilar). Su acceso es muy f\u00e1cil ya que hay asfalto hasta el ingreso a la misma y el colectivo 503 llega hasta all\u00ed, indica a Ex F\u00e1brica Militar y parte del centro de Pilar. La Reserva se encuentra en la calle Argerich sin n\u00famero, detr\u00e1s de la ex F\u00e1brica Militar, por ruta 25 camino a Escobar.<br \/>\n<b><span style=\"font-family:Verdana;font-size:small;\">El Reglamento<\/span><\/b><br \/>\n<span style=\"font-family:Verdana;font-size:small;\">EL concurso se dividir\u00e1 en las siguientes categor\u00edas: Ni\u00f1os, profesionales, y amateur. Para m\u00e1s informaci\u00f3n contactarse telef\u00f3nicamente al 011 15 57302504<\/span><br \/>\n<span style=\"font-family:Verdana;font-size:small;\">Podr\u00e1 participar cualquier persona mayor de 10 a\u00f1os, profesional o aficionado, sin importar que resida en el Partido de Pilar. El requisito ineludible es que las fotos presentadas DEBER\u00c1N SER TOMADAS DENTRO DE LA RESERVA NATURAL DEL PILAR en los d\u00edas establecidos para cada estaci\u00f3n. La inscripci\u00f3n se realizar\u00e1 el d\u00eda de toma de las fotograf\u00edas. <\/span><br \/>\n<span style=\"font-family:Verdana;font-size:small;\">Se podr\u00e1n presentar hasta 3 (tres) fotos color o blanco y negro con un tama\u00f1o m\u00ednimo de 20&#215;30 cm hasta un m\u00e1ximo de 30&#215;40 cm copiadas en papel fotogr\u00e1fico (no de impresora). Las mismas deber\u00e1n ser tomas directas, es decir, sin ning\u00fan proceso de fotomontaje o digitalizaci\u00f3n. Solo podr\u00e1n usarse programas de edici\u00f3n en tomas digitales para acentuar colores o contrastes al igual que se hace en laboratorio con las tomas anal\u00f3gicas. <\/span><br \/>\n<span style=\"font-family:Verdana;font-size:small;\">Las obras se presentar\u00e1n montadas en passpartout o cart\u00f3n grueso de color blanco de un tama\u00f1o m\u00e1ximo de 40&#215;50 cm. En todos los casos el tama\u00f1o del cart\u00f3n deber\u00e1 exceder el de la fotograf\u00eda en, al menos, 5 cm por lado. <\/span><br \/>\n<span style=\"font-family:Verdana;font-size:small;\">Las fotograf\u00edas se entregar\u00e1n en sobre cerrado con todos los datos personales del autor (nombre, apellido, n\u00famero de documento, direcci\u00f3n postal y electr\u00f3nica y tel\u00e9fono). Estos datos como as\u00ed tambi\u00e9n el t\u00edtulo de la obra, si lo tuviera, deber\u00e1n estar escritos al dorso de la foto. <\/span><br \/>\n<span style=\"font-family:Verdana;font-size:small;\">La entrega de fotograf\u00edas ser\u00e1 en la sede de la Asociaci\u00f3n Patrimonio Natural, Lagomarsino 2542 Pilar, en los d\u00edas establecidos para cada estaci\u00f3n. Del 25 al 31 de marzo se podr\u00e1n entregar las fotogr\u00e1ficas de Verano en lugar a consignar. En el mes de abril, se proceder\u00e1 a la entrega de premios de la primera estaci\u00f3n. <\/span><br \/>\n<span style=\"font-family:Verdana;font-size:small;\">El jurado estar\u00e1 compuesto por un representante de los organizadores y fot\u00f3grafos profesionales del Partido del Pilar invitados para tal fin. El fallo del jurado ser\u00e1 inapelable. <\/span><br \/>\n<span style=\"font-family:Verdana;font-size:small;\">Se notificar\u00e1 al ganador v\u00eda telef\u00f3nica y por mail. <\/span><br \/>\n<span style=\"font-family:Verdana;font-size:small;\">TODAS LAS FOTOGRAF\u00cdAS QUEDAR\u00c1N COMO PATRIMONIO DE LOS ORGANIZADORES Y FORMAR\u00c1N PARTE DE MUESTRAS ITINERANTES ADEMAS DE DIFUNDIRSE CON FINES PUBLICITARIOS. El fot\u00f3grafo NO CEDE el derecho de la imagen, es decir, que la misma le pertenece y no podr\u00e1 ser reproducida con ning\u00fan fin comercial, s\u00ed autoriza la publicaci\u00f3n en medios gr\u00e1ficos e Internet con fines promocionales pertinentes a este evento o a la difusi\u00f3n de futuros eventos de este mismo tenor. <\/span><br \/>\n<b><span style=\"font-family:Verdana;font-size:small;\">C\u00f3mo sigue el Concurso<\/span><\/b><br \/>\n<span style=\"font-family:Verdana;font-size:small;\"> La Estaci\u00f3n de Oto\u00f1o comenzar\u00e1 en el mes de mayo, cuando el s\u00e1bado 18 de mayo los interesados concurran a una nueva jornada de fotograf\u00eda en la Reserva Natural del Pilar para retratar el espacio verde en este momento del a\u00f1o. <\/span><br \/>\n<span style=\"font-family:Verdana;font-size:small;\">Del 9 al 15 de junio se podr\u00e1n entregar las fotograf\u00edas de la Estaci\u00f3n Oto\u00f1o y se expondr\u00e1n las de la Estaci\u00f3n Verano en el shopping Pilar Point con entrada libre y gratuita. <\/span><br \/>\n<span style=\"font-family:Verdana;font-size:small;\">El 6 de julio ser\u00e1 el turno de la entrega de los premios a las mejores fotograf\u00edas de la Estaci\u00f3n Oto\u00f1o. <\/span><br \/>\n<span style=\"font-family:Verdana;font-size:small;\">El 27 de julio, habr\u00e1 una nueva jornada de fotograf\u00eda en la reserva para capturar im\u00e1genes del espacio p\u00fablico durante el invierno. Estas fotos se podr\u00e1n entregar del 19 al 24 de agosto. Durante este per\u00edodo se har\u00e1 la exposici\u00f3n de las obras de la Estaci\u00f3n Oto\u00f1o en lugar a confirmar.\u00a0 <\/span><br \/>\n<span style=\"font-family:Verdana;font-size:small;\">El 28 de septiembre se entregar\u00e1n los premios de la Estaci\u00f3n Invierno en lugar a confirmar<\/span><br \/>\n<span style=\"font-family:Verdana;font-size:small;\">La \u00faltima estaci\u00f3n ser\u00e1 retratada el 19 de octubre cuando se convoque a la \u00faltima jornada fotogr\u00e1fica en la Reserva Natural del Pilar. <\/span><br \/>\n<span style=\"font-family:Verdana;font-size:small;\">Estas fotos obtenidas en la Estaci\u00f3n Primavera podr\u00e1n entregarse del\u00a0 10 al 16 de noviembre para luego proceder a la exposici\u00f3n en lugar a confirmar junto con la exposici\u00f3n anual. <\/span><br \/>\n<span style=\"font-family:Verdana;font-size:small;\">Para terminar la actividad, el 7 de diciembre ser\u00e1 el momento de la entrega de premios de la Estaci\u00f3n verano<\/span><br \/>\nM\u00e1s informaci\u00f3n escribiendo a <a href=\"mailto:info@patrimonionatural.org.ar\"> info@patrimonionatural.org.ar<\/a> o a <a href=\"mailto:patrimonionatural@gmail.com\"> patrimonionatural@gmail.com<\/a> \u00f3 telef\u00f3nicamente comunic\u00e1ndose con el 011 15 5052 7846<\/p>\n","protected":false},"excerpt":{"rendered":"<p>\u00a0En ocasi\u00f3n del 10\u00ba Aniversario de la creaci\u00f3n de la Reserva Natural del Pilar contin\u00faan las acciones en el marco [&hellip;]<\/p>\n","protected":false},"author":2,"featured_media":0,"comment_status":"open","ping_status":"open","sticky":false,"template":"","format":"standard","meta":[],"categories":[2],"tags":[],"_links":{"self":[{"href":"https:\/\/quasarcomunicacion.com.ar\/web\/wp-json\/wp\/v2\/posts\/2036"}],"collection":[{"href":"https:\/\/quasarcomunicacion.com.ar\/web\/wp-json\/wp\/v2\/posts"}],"about":[{"href":"https:\/\/quasarcomunicacion.com.ar\/web\/wp-json\/wp\/v2\/types\/post"}],"author":[{"embeddable":true,"href":"https:\/\/quasarcomunicacion.com.ar\/web\/wp-json\/wp\/v2\/users\/2"}],"replies":[{"embeddable":true,"href":"https:\/\/quasarcomunicacion.com.ar\/web\/wp-json\/wp\/v2\/comments?post=2036"}],"version-history":[{"count":0,"href":"https:\/\/quasarcomunicacion.com.ar\/web\/wp-json\/wp\/v2\/posts\/2036\/revisions"}],"wp:attachment":[{"href":"https:\/\/quasarcomunicacion.com.ar\/web\/wp-json\/wp\/v2\/media?parent=2036"}],"wp:term":[{"taxonomy":"category","embeddable":true,"href":"https:\/\/quasarcomunicacion.com.ar\/web\/wp-json\/wp\/v2\/categories?post=2036"},{"taxonomy":"post_tag","embeddable":true,"href":"https:\/\/quasarcomunicacion.com.ar\/web\/wp-json\/wp\/v2\/tags?post=2036"}],"curies":[{"name":"wp","href":"https:\/\/api.w.org\/{rel}","templated":true}]}}