{"id":1968,"date":"2013-04-26T19:17:36","date_gmt":"2013-04-26T19:17:36","guid":{"rendered":"http:\/\/quasarcomunicacion.wordpress.com\/?p=1968"},"modified":"2013-04-26T19:17:36","modified_gmt":"2013-04-26T19:17:36","slug":"finalizo-el-xi-congreso-de-educacion-de-pilar","status":"publish","type":"post","link":"https:\/\/quasarcomunicacion.com.ar\/web\/finalizo-el-xi-congreso-de-educacion-de-pilar\/","title":{"rendered":"Finaliz\u00f3 el XI Congreso de Educaci\u00f3n de Pilar"},"content":{"rendered":"<p style=\"text-align:left;\" align=\"center\"><span style=\"font-family:Verdana;font-size:small;line-height:1.5;\">El 20 de abril se realizaron las \u00faltimas conferencias organizadas por el\u00a0<\/span><b style=\"font-family:Verdana;font-size:small;line-height:1.5;\">Polo Educativo Pilar<\/b><span style=\"font-family:Verdana;font-size:small;line-height:1.5;\">\u00a0en el marco del\u00a0<\/span><b style=\"font-family:Verdana;font-size:small;line-height:1.5;\">IX Congreso de Educaci\u00f3n<\/b><span style=\"font-family:Verdana;font-size:small;line-height:1.5;\">\u00a0que este a\u00f1o tuvo como eje<\/span><b style=\"font-family:Verdana;font-size:small;line-height:1.5;\">\u00a0\u201cLa Pedagog\u00eda del Cuidado y las Emociones en el Aprendizaje\u201d<\/b><span style=\"font-family:Verdana;font-size:small;line-height:1.5;\">\u00a0y se desarroll\u00f3 en el Campus Nuestra Se\u00f1ora de Pilar de la Universidad del Salvador.<!--more--><\/span><\/p>\n<p><img loading=\"lazy\" alt=\"\" src=\"http:\/\/www.quasarcomunicacion.com.ar\/poloeducativo\/congreso13\/autoridades.gif\" width=\"550\" height=\"365\" border=\"0\" \/><\/p>\n<p><span style=\"font-family:Verdana;font-size:small;\">Este a\u00f1o, para satisfacer la demanda de los docentes de m\u00e1s capacitaci\u00f3n en diversos temas, el Polo Educativo Pilar organiz\u00f3 un\u00a0<b>Pre-Congreso\u00a0<\/b>el jueves 18 de abril con conferencias y talleres multitem\u00e1ticos.<\/span><\/p>\n<p><span style=\"font-family:Verdana;font-size:small;\">La apertura se realiz\u00f3 el viernes por la ma\u00f1ana, donde luego de escuchar las \u00faltimas estrofas del himno nacional, Juan Ranwez, presidente del Polo Educativo, junto con el Intendente de Pilar, Humberto Z\u00faccaro; dieron la bienvenida, destacando la importancia del progreso educativo para formar cada vez mejor a los chicos.<\/span><\/p>\n<p><span style=\"font-family:Verdana;font-size:small;\">Los principales exponentes fueron Giovanni Iafrancesco: un colombiano estudioso de la pedagog\u00eda, Director de CORIPET; y Silvia Figiacone, psic\u00f3loga argentina, especialista en neuro-educaci\u00f3n. El primer expositor se encarg\u00f3 de explicar c\u00f3mo funciona el nuevo modelo pedag\u00f3gico hol\u00edstico de la Escuela Transformadora, buscando incorporar la educaci\u00f3n de los aspectos humanos, en un terreno donde hasta el momento no se han tenido muy en cuenta.<\/span><\/p>\n<p><span style=\"font-family:Verdana;font-size:small;\">Por otro lado, Figiacone tuvo por objetivo la instrucci\u00f3n de pr\u00e1cticas a realizar en el aula para lograr mayor eficiencia de aprendizaje, focalizando sobre los aspectos emocionales del ni\u00f1o.<\/span><\/p>\n<p><img loading=\"lazy\" alt=\"\" src=\"http:\/\/www.quasarcomunicacion.com.ar\/poloeducativo\/congreso13\/giovanni8.gif\" width=\"550\" height=\"413\" border=\"0\" \/><\/p>\n<p><span style=\"font-family:Verdana;font-size:small;\">En la \u00faltima jornada, los directivos del\u00a0<b>Polo Educativo<\/b>\u00a0han expresado su opini\u00f3n respecto al intenso trabajo realizado en el\u00a0<b>IX Congreso de Educaci\u00f3n<\/b>. El presidente, Juan Ranwez dio gran importancia a los cambio que se deben realizar para lograr un progreso de la educaci\u00f3n en la zona, \u201cEstamos trabajando en este Congreso con la premisa de lograr incorporar aspectos m\u00e1s humanos a nuestros colegios. Es un cambio que tardar\u00e1 un tiempo para completarse. Estamos orient\u00e1ndonos con un enfoque m\u00e1s hol\u00edstico para formar a los chicos y adem\u00e1s inculcarles conocimiento\u201d.<\/span><\/p>\n<p><span style=\"font-family:Verdana;font-size:small;\">Incluso analiz\u00f3 c\u00f3mo se est\u00e1n desarrollando los cambios en todo el terreno latinoamericano, como un proceso que reci\u00e9n comienza, \u201cConsidero que esta transformaci\u00f3n se est\u00e1 llevando a cabo, pero intentando llegar a un equilibrio entre los aspectos emocionales y el aprendizaje de los contenidos propuestos. Tambi\u00e9n se est\u00e1 buscando el modo de lograr que los colegios sean m\u00e1s inclusivos sin dejar de darle importancia al nivel acad\u00e9mico propuesto.\u201d<\/span><\/p>\n<p><span style=\"font-family:Verdana;font-size:small;\">Alberto Noble, el Presidente Honorario del\u00a0<b>Polo Educativo Pilar<\/b>, comparti\u00f3 su balance respecto de las tres jornadas, \u201cSe est\u00e1 potenciando, en n\u00fameros reales, la cantidad de profesores que vienen al Congreso interesados en el contenido de las conferencias. Hoy veo que hay sumo inter\u00e9s tanto de maestros de escuelas p\u00fablicas como de las privadas\u201d.<\/span><\/p>\n<p><span style=\"font-family:Verdana;font-size:small;\">Si bien el Congreso super\u00f3 sus expectativas; para el pr\u00f3ximo a\u00f1o espera que m\u00e1s colegios incentiven la participaci\u00f3n de los profesores en el evento, \u201cesta es la forma de trascender: permitir que todos los docente puedan venir\u201d.<\/span><\/p>\n<p><span style=\"font-size:small;\">En la ceremonia de apertura, el viernes 19 de abril, el intendente de la Municipalidad del Pilar, Dr. Humberto Z\u00faccaro tom\u00f3 la palabra indicando que \u00abEs realmente importante como intendente de esta ciudad estar en el noveno Congreso de Educaci\u00f3n que realiza hoy el Polo Educativo&#8230; cuando se form\u00f3 el Polo Educativo all\u00e1 por 2002 busc\u00f3 siempre la transformaci\u00f3n de la educaci\u00f3n de Pilar buscando tener establecimientos educativos acordes a la explosi\u00f3n demogr\u00e1fica que estaba viviendo Pilar\u00bb, dijo.<\/span><\/p>\n<p><span style=\"font-family:Verdana;font-size:small;\">Por \u00faltimo, el Director Ejecutivo del\u00a0<b>Polo Educativo Pila<\/b>r, el Lic. Marcelo Gilly, expres\u00f3 que estaba muy satisfecho con la asistencia: estim\u00f3 que pasaron m\u00e1s de 550 docentes por el Congreso; y destac\u00f3 que la participaci\u00f3n de profesores de escuelas p\u00fablicas super\u00f3 la del a\u00f1o pasado.<\/span><\/p>\n<p><span style=\"font-family:Verdana;font-size:small;\">Tambi\u00e9n estaba sorprendido por la asistencia de los d\u00edas 18 y 19 de abril que fueron d\u00edas laborables para los docentes. A pesar de no haber revisado detenidamente las encuestas realizadas a los maestros, cree que las opiniones sobre el Congreso fueron muy positivas.<\/span><\/p>\n<p><span style=\"font-family:Verdana;font-size:small;\">Sobre las conferencias dadas, Gilly afirm\u00f3 sobre los expositores, \u201cSon disertantes muy buenos y llegaron mucho a la gente\u201d. En cuanto a los futuros Congresos, considera que se debe seguir con la misma l\u00ednea, sin embargo cree que hay aspectos que se pueden perfeccionar.<\/span><\/p>\n<p><b>El Polo Educativo Pilar<\/b>\u00a0beca a todos los docentes de las escuelas p\u00fablicas del Distrito los que deber\u00e1n inscribirse previamente por mail a<a href=\"mailto:congresos@poloeducativopilar.org.ar\">congresos@poloeducativopilar.org.ar<\/a><\/p>\n","protected":false},"excerpt":{"rendered":"<p>El 20 de abril se realizaron las \u00faltimas conferencias organizadas por el\u00a0Polo Educativo Pilar\u00a0en el marco del\u00a0IX Congreso de Educaci\u00f3n\u00a0que [&hellip;]<\/p>\n","protected":false},"author":2,"featured_media":0,"comment_status":"open","ping_status":"open","sticky":false,"template":"","format":"standard","meta":[],"categories":[2],"tags":[],"_links":{"self":[{"href":"https:\/\/quasarcomunicacion.com.ar\/web\/wp-json\/wp\/v2\/posts\/1968"}],"collection":[{"href":"https:\/\/quasarcomunicacion.com.ar\/web\/wp-json\/wp\/v2\/posts"}],"about":[{"href":"https:\/\/quasarcomunicacion.com.ar\/web\/wp-json\/wp\/v2\/types\/post"}],"author":[{"embeddable":true,"href":"https:\/\/quasarcomunicacion.com.ar\/web\/wp-json\/wp\/v2\/users\/2"}],"replies":[{"embeddable":true,"href":"https:\/\/quasarcomunicacion.com.ar\/web\/wp-json\/wp\/v2\/comments?post=1968"}],"version-history":[{"count":0,"href":"https:\/\/quasarcomunicacion.com.ar\/web\/wp-json\/wp\/v2\/posts\/1968\/revisions"}],"wp:attachment":[{"href":"https:\/\/quasarcomunicacion.com.ar\/web\/wp-json\/wp\/v2\/media?parent=1968"}],"wp:term":[{"taxonomy":"category","embeddable":true,"href":"https:\/\/quasarcomunicacion.com.ar\/web\/wp-json\/wp\/v2\/categories?post=1968"},{"taxonomy":"post_tag","embeddable":true,"href":"https:\/\/quasarcomunicacion.com.ar\/web\/wp-json\/wp\/v2\/tags?post=1968"}],"curies":[{"name":"wp","href":"https:\/\/api.w.org\/{rel}","templated":true}]}}