{"id":188,"date":"2012-03-28T20:15:01","date_gmt":"2012-03-28T20:15:01","guid":{"rendered":"http:\/\/quasarcomunicacion.wordpress.com\/?p=188"},"modified":"2012-03-28T20:15:01","modified_gmt":"2012-03-28T20:15:01","slug":"la-asociacion-patrimonio-natural-celebrara-el-dia-nacional-del-agua","status":"publish","type":"post","link":"https:\/\/quasarcomunicacion.com.ar\/web\/la-asociacion-patrimonio-natural-celebrara-el-dia-nacional-del-agua\/","title":{"rendered":"La Asociaci\u00f3n Patrimonio Natural celebrar\u00e1 el D\u00eda Nacional del Agua"},"content":{"rendered":"<p style=\"text-align:left;\" align=\"center\"><span style=\"font-family:Verdana;font-size:small;\">El pr\u00f3ximo s\u00e1bado 31 de marzo en la Plaza 12 de Octubre de Pilar se festejar\u00e1 el D\u00eda Nacional del Agua. Para ese d\u00eda, la Asociaci\u00f3n Patrimonio Natural organiz\u00f3 una campa\u00f1a de concientizaci\u00f3n sobre este recurso, otras organizaciones sociales y ambientales y vecinos autoconvocados de la Cuenca del Luj\u00e1n tambi\u00e9n lo har\u00e1n en sus municipios ese mismo d\u00eda.<!--more--><span style=\"font-family:Verdana;\">En ocasi\u00f3n de estos festejos, se compartir\u00e1n historias y fotos de las vivencias de los vecinos de la zona en la Cuenca del R\u00edo. Ser\u00e1 una excelente oportunidad para compartir la\u00a0 tarde del s\u00e1bado 31 escuchando historias y viendo fotos de aquellos d\u00edas en la Plaza 12 de Octubre de Pilar.<\/span><\/span><\/p>\n<p><span style=\"font-family:Verdana;font-size:small;\">La actividad se plantea para ser replicada en todas las plazas de los Municipios de la Cuenca del r\u00edo Luj\u00e1n: Suipacha, Mercedes, Luj\u00e1n, Gral Rodriguez, San Andr\u00e9s de Giles, Exaltaci\u00f3n de la Cruz, Campana, Escobar, Moreno, Malvinas Argentinas, Tigre y San Fernando.<\/span><br \/>\n<span style=\"font-family:Verdana;font-size:small;\">Los interesados en participar\u00e1n deber\u00e1n comunicarse con Marina Lemos<br \/>\n011 15 5052 7846 \u00f3 Graciela Capodoglio 02322 667065<\/span><br \/>\n<span style=\"font-family:Verdana;font-size:small;\">Habr\u00e1 actividades de difusi\u00f3n para grandes y chicos, y se disfrutar\u00e1 de buena m\u00fasica con el fin de juntar voluntades para crear el PAISAJE PROTEGIDO DEL RIO LUJAN<\/span><br \/>\n<span style=\"font-family:Verdana;font-size:small;\">La actividad es abierta a toda la familia.<\/span><br \/>\n<span style=\"font-family:Verdana;font-size:small;\">\u00abDe esta manera buscamos generar en los que no tuvieron la oportunidad de hacerlo, revivir esos momentos, y trabajar juntos por proteger este paisaje de r\u00edo y agua que a muchos nos vio nacer\u00bb, indican los voluntarios.<\/span><br \/>\n<span style=\"font-family:Verdana;font-size:small;\">\u00abSi todos volvemos a usar el r\u00edo en forma sustentable, todos podremos disfrutar su paisaje y sus beneficios&#8230;. sin el humedal perder\u00edamos el agua que bebemos, har\u00eda m\u00e1s calor, desaparecer\u00edan especies de planas y animales, y olvidar\u00edamos gran parte de nuestra historia\u00bb, contin\u00faan.<\/span><br \/>\n<span style=\"font-family:Verdana;font-size:small;\">\u00abCuidar el agua y nuestro ambiente es responsabilidad de todos. Para la realizaci\u00f3n de la jornada es importante contar con la colaboraci\u00f3n de m\u00e1s integrantes de la comunidad. Todos aquellos que puedan hacerlo comunicarse con nosotros para sumarse\u00bb, aseguran desde la Asociaci\u00f3n.<\/span><br \/>\n<span style=\"font-family:Verdana;font-size:small;\">Por otro lado, comparten un video realizado por los vecinos de la Boca con la participaci\u00f3n de Luis Brandoni para dar a conocer la dura realidad que atraviesan, para que todos colaboren y eviten estas situaciones para que no se repitan en otras cuencas, debido a lo dif\u00edcil que es revertir los da\u00f1os socio-ambientales una vez producidos: <a href=\"http:\/\/youtu.be\/awupWDvkT9k\">http:\/\/youtu.be\/awupWDvkT9k<\/a>.<br \/>\n<\/span><br \/>\n<strong><span style=\"font-family:Verdana;font-size:small;\">El Agua y los Humedales<\/span><\/strong><br \/>\n<span style=\"font-family:Verdana;font-size:small;\"><strong>2 de febrero D\u00eda Mundial de los Humedales,<br \/>\n22 de marzo D\u00eda Mundial del Agua y 31 de marzo D\u00eda Nacional de Agua <\/strong><\/span><br \/>\n<span style=\"font-family:Verdana;font-size:small;\">Es muy frecuente que el problema del agua sea definido \u00fanicamente mediante el concepto de escasez. Se lo considera como un recurso finito y agotable como el petr\u00f3leo, ignorando en general el ciclo hidrol\u00f3gico, que repone constantemente la dotaci\u00f3n de agua dulce disponible tanto de manera superficial en r\u00edos como subterr\u00e1neamente en los acu\u00edferos. Sin embargo, la recarga se realiza a una determinada velocidad y en determinadas zonas que debemos respetar ya que del grado de nuestros conocimientos y de la aplicaci\u00f3n de los mismos depender\u00e1 el \u00e9xito de la administraci\u00f3n que hagamos del recurso vital. <\/span><br \/>\n<span style=\"font-family:Verdana;font-size:small;\">En relaci\u00f3n a lo expresado anteriormente la UNESCO sostiene que \u00bb la cantidad y la calidad de agua subterr\u00e1nea, as\u00ed como la recarga anual de los acu\u00edferos, tiene que ser estudiada en detalle antes de su uso\u00bb. Casi un 96 % del agua dulce del planeta -sin contar los hielos-se encuentra en los acu\u00edferos subterr\u00e1neos. Los acu\u00edferos renovables alimentados regularmente por las precipitaciones atmosf\u00e9ricas tambi\u00e9n corren peligro, a causa de su explotaci\u00f3n excesiva- la cantidad extra\u00edda supera a la ingresada- y\/o de la contaminaci\u00f3n.(Fuente: HYDRIA diciembre 2008 a\u00f1o 4 N\u00ba 20).<\/span><br \/>\n<span style=\"font-family:Verdana;font-size:small;\">Tanto los vecinos de El Cazador como la red de Bel\u00e9n de Escobar se abastecen del acu\u00edfero Puelches, que es de caracter\u00edsticas renovables.<br \/>\nEl agua utilizada por el hombre para cubrir necesidades b\u00e1sicas y actividades productivas es dulce. Con el creciente aumento poblacional se acrecienta la demanda de agua para la producci\u00f3n tanto agr\u00edcola como industrial reduciendo la disponibilidad de agua para consumo. Esto genera una tensi\u00f3n entre sectores que hacen diferentes usos del recurso en una porci\u00f3n del territorio, tal es el caso que se evidencia en la zona periurbana del Conurbano Bonaerense, en particular de la Cuenca del R\u00edo Luj\u00e1n.<\/span><br \/>\n<span style=\"font-family:Verdana;font-size:small;\">La Cuenca del R\u00edo Luj\u00e1n abarca los partidos de Suipacha, Mercedes, Luj\u00e1n, Gral. M. Rodr\u00edguez, Exaltaci\u00f3n de la Cruz, San Andr\u00e9s de Giles, Campana, Pilar, Escobar, Moreno, Tigre, Malvinas Argentinas, Jos\u00e9 C. Paz y San Fernando; sumando un conjunto de aproximadamente 1.100.000 habitantes.<br \/>\nEs importante mencionar que un r\u00edo geomorfol\u00f3gicamente est\u00e1 conformado por distintas unidades, las principales son su cauce y su planicie de inundaci\u00f3n, la cual est\u00e1 sometida peri\u00f3dicamente a la din\u00e1mica h\u00eddrica. Es frecuente que la misma est\u00e9 asociada a humedales, como ocurre con el R\u00edo Luj\u00e1n, que cumplen m\u00faltiples funciones permitiendo la recarga de acu\u00edferos y la purificaci\u00f3n del agua que los alcanza, funci\u00f3n tan importante que a nivel mundial se los reconoce como los ri\u00f1ones del planeta. <\/span><br \/>\n<span style=\"font-family:Verdana;font-size:small;\"><strong>31 de Marzo 1970 &#8211; D\u00eda Nacional del Agua<\/strong><br \/>\nEl agua es imprescindible para el ser humano; sin ella le es imposible mantener su existencia. <\/span><br \/>\n<span style=\"font-family:Verdana;font-size:small;\">Por eso la Resoluci\u00f3n Ministerial 1630 del a\u00f1o 1970 estableci\u00f3 el \u00abD\u00eda Nacional del Agua\u00bb para estimular en todos los argentinos la conciencia en el uso de los recursos p\u00fablicos h\u00eddricos de nuestra naci\u00f3n. Situaci\u00f3n del recurso agua.<br \/>\nNo hay dudas de que el agua dulce es uno de los recursos m\u00e1s limitados, de mayor degradaci\u00f3n y cada vez m\u00e1s caro para su obtenci\u00f3n y que su cr\u00edtico estado pone en riesgo nuestra propia supervivencia y a la del planeta.<br \/>\n<strong><br \/>\nLeonardo Boff expresa:<\/strong><br \/>\n\u00bb El agua est\u00e1 ligada esencialmente a la vida y el equilibrio de todo el Planeta. Es el bien m\u00e1s inestimable de toda la naturaleza. Por eso no puede ser privatizada, pues, por su naturaleza es social y es patrimonio com\u00fan de toda la comunidad de vida (plantas, animales, personas humanas y todo sistema de vida)\u00bb. <\/span><br \/>\n<span style=\"font-family:Verdana;font-size:small;\"><em>EL RIO LUJAN Y SUS ARROYOS, CONSERVA AUN PAISAJES INCREIBLES Y ES HOGAR DE NUMEROSAS ESPECIES DE PLANTAS Y ANIMALES EN RIESGO DE EXTINCI\u00d3N.<br \/>\nSABIAS QUE EN NUESTRO RIO LUJAN TODAVIA PODEMOS VER LOBITOS DE RIO, O QUE EN SUS PASTIZALES VIVEN GATO MONTES Y ZORROS&#8230;&#8230;<br \/>\nPOR ESO TU AYUDA ES IMPORTANTE PARA QUE ELLOS PUEDAN SEGUIR VIVIENDO ALLI, QUEREMOS PROTEGER ESTE PAISAJE Y TE NECESITAMOS<\/em><\/span><\/p>\n","protected":false},"excerpt":{"rendered":"<p>El pr\u00f3ximo s\u00e1bado 31 de marzo en la Plaza 12 de Octubre de Pilar se festejar\u00e1 el D\u00eda Nacional del [&hellip;]<\/p>\n","protected":false},"author":2,"featured_media":0,"comment_status":"open","ping_status":"open","sticky":false,"template":"","format":"standard","meta":[],"categories":[2],"tags":[],"_links":{"self":[{"href":"https:\/\/quasarcomunicacion.com.ar\/web\/wp-json\/wp\/v2\/posts\/188"}],"collection":[{"href":"https:\/\/quasarcomunicacion.com.ar\/web\/wp-json\/wp\/v2\/posts"}],"about":[{"href":"https:\/\/quasarcomunicacion.com.ar\/web\/wp-json\/wp\/v2\/types\/post"}],"author":[{"embeddable":true,"href":"https:\/\/quasarcomunicacion.com.ar\/web\/wp-json\/wp\/v2\/users\/2"}],"replies":[{"embeddable":true,"href":"https:\/\/quasarcomunicacion.com.ar\/web\/wp-json\/wp\/v2\/comments?post=188"}],"version-history":[{"count":0,"href":"https:\/\/quasarcomunicacion.com.ar\/web\/wp-json\/wp\/v2\/posts\/188\/revisions"}],"wp:attachment":[{"href":"https:\/\/quasarcomunicacion.com.ar\/web\/wp-json\/wp\/v2\/media?parent=188"}],"wp:term":[{"taxonomy":"category","embeddable":true,"href":"https:\/\/quasarcomunicacion.com.ar\/web\/wp-json\/wp\/v2\/categories?post=188"},{"taxonomy":"post_tag","embeddable":true,"href":"https:\/\/quasarcomunicacion.com.ar\/web\/wp-json\/wp\/v2\/tags?post=188"}],"curies":[{"name":"wp","href":"https:\/\/api.w.org\/{rel}","templated":true}]}}