{"id":1865,"date":"2013-04-18T19:34:16","date_gmt":"2013-04-18T19:34:16","guid":{"rendered":"http:\/\/quasarcomunicacion.wordpress.com\/?p=1865"},"modified":"2013-04-18T19:34:16","modified_gmt":"2013-04-18T19:34:16","slug":"la-conciencia-civil-en-el-ambito-educativo","status":"publish","type":"post","link":"https:\/\/quasarcomunicacion.com.ar\/web\/la-conciencia-civil-en-el-ambito-educativo\/","title":{"rendered":"La conciencia Civil en el \u00e1mbito educativo"},"content":{"rendered":"<p style=\"text-align:left;\" align=\"center\"><span style=\"font-family:Verdana;font-size:small;line-height:1.5;\">Hoy comenz\u00f3 el <\/span><b style=\"font-family:Verdana;font-size:small;line-height:1.5;\">IX Congreso de Educaci\u00f3n<\/b><span style=\"font-family:Verdana;font-size:small;line-height:1.5;\"> en la Universidad del Salvador del Partido de Pilar, centrado en &#8216;La Pedagog\u00eda del Cuidado y las Emociones en el Aprendizaje&#8217;. A cargo de los Doctores Mar\u00eda Eleonora Cano, Graciela Mart\u00ednez Cuerda y Carlos Yanibelli, se realiz\u00f3 una conferencia acerca de la responsabilidad civil de las instituciones.<!--more--><\/span><\/p>\n<p><img loading=\"lazy\" alt=\"\" src=\"http:\/\/www.quasarcomunicacion.com.ar\/poloeducativo\/congreso13\/responsabilidad.gif\" width=\"550\" height=\"413\" border=\"0\" \/><br \/>\n<span style=\"font-family:Verdana;font-size:small;\">Los profesionales resaltaron diversos casos jurisprudenciales, donde dejaron claro que la mayor\u00eda de los da\u00f1os ocasionados en los establecimientos suelen ser por deficiencia de los mismos en diferentes aspectos, y se insisti\u00f3 en la responsabilidad total de los propietarios, directores y docentes para garantizar la calidad del proceso educativo.<\/span><br \/>\n<span style=\"font-family:Verdana;font-size:small;\">Los abogados hicieron hincapi\u00e9 en la informaci\u00f3n como fundamental frente a cualquier acontecimiento, y tambi\u00e9n, sostuvieron las ideas de &#8216;prever, prevenir y asegurar&#8217; como eje para conocer y poder enfrentar cualquier acto peligroso.<\/span><br \/>\n<img loading=\"lazy\" alt=\"\" src=\"http:\/\/www.quasarcomunicacion.com.ar\/poloeducativo\/congreso13\/responsabilidad1.gif\" width=\"300\" height=\"225\" align=\"right\" border=\"0\" hspace=\"6\" vspace=\"6\" \/><span style=\"font-family:Verdana;font-size:small;\">Se brindaron recomendaciones como ser, &#8216;contar con un contrato de responsabilidad social&#8217;, &#8216;levantar los casos en el libro de actas&#8217;, entre otros, para explicar algunas de las responsabilidades clave de los due\u00f1os y personal de los establecimientos para asegurar el bienestar de todos los miembros de la comunidad educativa.<\/span><br \/>\n<span style=\"font-family:Verdana;font-size:small;\">Se dej\u00f3 claro durante la exposici\u00f3n que si bien el responsable es el propietario del establecimiento, subsiste la responsabilidad del director y de los docentes por el hecho propio.<\/span><br \/>\n<span style=\"font-family:Verdana;font-size:small;\">Adem\u00e1s, se indic\u00f3 que al analizar cada caso hay que ver si se trata de un establecimiento educativo, si el alumno es menor de edad y es requisito ineludible que el da\u00f1o se produzca mientras el alumno permanece bajo la autoridad escolar.<\/span><\/p>\n","protected":false},"excerpt":{"rendered":"<p>Hoy comenz\u00f3 el IX Congreso de Educaci\u00f3n en la Universidad del Salvador del Partido de Pilar, centrado en &#8216;La Pedagog\u00eda [&hellip;]<\/p>\n","protected":false},"author":2,"featured_media":0,"comment_status":"open","ping_status":"open","sticky":false,"template":"","format":"standard","meta":[],"categories":[2],"tags":[],"_links":{"self":[{"href":"https:\/\/quasarcomunicacion.com.ar\/web\/wp-json\/wp\/v2\/posts\/1865"}],"collection":[{"href":"https:\/\/quasarcomunicacion.com.ar\/web\/wp-json\/wp\/v2\/posts"}],"about":[{"href":"https:\/\/quasarcomunicacion.com.ar\/web\/wp-json\/wp\/v2\/types\/post"}],"author":[{"embeddable":true,"href":"https:\/\/quasarcomunicacion.com.ar\/web\/wp-json\/wp\/v2\/users\/2"}],"replies":[{"embeddable":true,"href":"https:\/\/quasarcomunicacion.com.ar\/web\/wp-json\/wp\/v2\/comments?post=1865"}],"version-history":[{"count":0,"href":"https:\/\/quasarcomunicacion.com.ar\/web\/wp-json\/wp\/v2\/posts\/1865\/revisions"}],"wp:attachment":[{"href":"https:\/\/quasarcomunicacion.com.ar\/web\/wp-json\/wp\/v2\/media?parent=1865"}],"wp:term":[{"taxonomy":"category","embeddable":true,"href":"https:\/\/quasarcomunicacion.com.ar\/web\/wp-json\/wp\/v2\/categories?post=1865"},{"taxonomy":"post_tag","embeddable":true,"href":"https:\/\/quasarcomunicacion.com.ar\/web\/wp-json\/wp\/v2\/tags?post=1865"}],"curies":[{"name":"wp","href":"https:\/\/api.w.org\/{rel}","templated":true}]}}