{"id":1834,"date":"2013-04-12T17:59:17","date_gmt":"2013-04-12T17:59:17","guid":{"rendered":"http:\/\/quasarcomunicacion.wordpress.com\/?p=1834"},"modified":"2013-04-12T17:59:17","modified_gmt":"2013-04-12T17:59:17","slug":"el-congreso-de-educacion-en-diario-resumen-de-pilar","status":"publish","type":"post","link":"https:\/\/quasarcomunicacion.com.ar\/web\/el-congreso-de-educacion-en-diario-resumen-de-pilar\/","title":{"rendered":"El Congreso de Educaci\u00f3n en Diario Resumen de Pilar"},"content":{"rendered":"<p>Nota sobre el IX Congreso Nacional de Educaci\u00f3n en el diario Resumen de Pilar, el cual es organizado por el Polo Educativo Pilar. Esta nota fue publicada en la p\u00e1gina 06 el viernes 12 de abril de 2013<img title=\"M\u00e1s...\" alt=\"\" src=\"http:\/\/quasarcomunicacion.wordpress.com\/wp-includes\/js\/tinymce\/plugins\/wordpress\/img\/trans.gif\" \/><!--more--><!--more--><a href=\"http:\/\/quasarcomunicacion.wordpress.com\/2013\/04\/12\/el-congreso-de-educacion-en-diario-resumen-de-pilar\/diario-resumen-12-de-abril-de-2013\/\" rel=\"attachment wp-att-1835\"><img loading=\"lazy\" class=\"aligncenter size-full wp-image-1835\" alt=\"Diario Resumen, 12 de abril de 2013\" src=\"http:\/\/quasarcomunicacion.files.wordpress.com\/2013\/04\/diario-resumen-12-de-abril-de-2013.jpg\" width=\"640\" height=\"859\" \/><\/a><\/p>\n","protected":false},"excerpt":{"rendered":"<p>Nota sobre el IX Congreso Nacional de Educaci\u00f3n en el diario Resumen de Pilar, el cual es organizado por el [&hellip;]<\/p>\n","protected":false},"author":2,"featured_media":0,"comment_status":"open","ping_status":"open","sticky":false,"template":"","format":"standard","meta":[],"categories":[42],"tags":[],"_links":{"self":[{"href":"https:\/\/quasarcomunicacion.com.ar\/web\/wp-json\/wp\/v2\/posts\/1834"}],"collection":[{"href":"https:\/\/quasarcomunicacion.com.ar\/web\/wp-json\/wp\/v2\/posts"}],"about":[{"href":"https:\/\/quasarcomunicacion.com.ar\/web\/wp-json\/wp\/v2\/types\/post"}],"author":[{"embeddable":true,"href":"https:\/\/quasarcomunicacion.com.ar\/web\/wp-json\/wp\/v2\/users\/2"}],"replies":[{"embeddable":true,"href":"https:\/\/quasarcomunicacion.com.ar\/web\/wp-json\/wp\/v2\/comments?post=1834"}],"version-history":[{"count":0,"href":"https:\/\/quasarcomunicacion.com.ar\/web\/wp-json\/wp\/v2\/posts\/1834\/revisions"}],"wp:attachment":[{"href":"https:\/\/quasarcomunicacion.com.ar\/web\/wp-json\/wp\/v2\/media?parent=1834"}],"wp:term":[{"taxonomy":"category","embeddable":true,"href":"https:\/\/quasarcomunicacion.com.ar\/web\/wp-json\/wp\/v2\/categories?post=1834"},{"taxonomy":"post_tag","embeddable":true,"href":"https:\/\/quasarcomunicacion.com.ar\/web\/wp-json\/wp\/v2\/tags?post=1834"}],"curies":[{"name":"wp","href":"https:\/\/api.w.org\/{rel}","templated":true}]}}