{"id":1795,"date":"2013-04-10T18:24:48","date_gmt":"2013-04-10T18:24:48","guid":{"rendered":"http:\/\/quasarcomunicacion.wordpress.com\/?p=1795"},"modified":"2013-04-10T18:24:48","modified_gmt":"2013-04-10T18:24:48","slug":"el-polo-educativo-pilar-beca-a-todos-los-docentes-de-escuelas-publicas-de-pilar-para-asistir-al-ix-congreso-de-educacion-en-la-usal","status":"publish","type":"post","link":"https:\/\/quasarcomunicacion.com.ar\/web\/el-polo-educativo-pilar-beca-a-todos-los-docentes-de-escuelas-publicas-de-pilar-para-asistir-al-ix-congreso-de-educacion-en-la-usal\/","title":{"rendered":"El Polo Educativo Pilar beca a todos los docentes de escuelas p\u00fablicas de Pilar para asistir al IX Congreso de Educaci\u00f3n en la USAL"},"content":{"rendered":"<p style=\"text-align:left;\" align=\"center\"><span style=\"font-family:Verdana;font-size:small;line-height:1.5;\">El <\/span><b style=\"font-family:Verdana;font-size:small;line-height:1.5;\">Polo Educativo Pilar<\/b><span style=\"font-family:Verdana;font-size:small;line-height:1.5;\">, otorga becas a todos los docentes de Escuelas p\u00fablicas de Pilar para que asistan <\/span><span style=\"text-decoration:underline;\"><b>SIN CARGO<\/b><\/span><span style=\"font-family:Verdana;font-size:small;line-height:1.5;\"> tanto al <\/span><b style=\"font-family:Verdana;font-size:small;line-height:1.5;\">IX Congreso de Educaci\u00f3n<\/b><span style=\"font-family:Verdana;font-size:small;line-height:1.5;\"> que tendr\u00e1 lugar el pr\u00f3ximo viernes 19 y s\u00e1bado 20 de abril como a las actividades del Pre-Congreso que tendr\u00e1n lugar el jueves 18 por la ma\u00f1ana. Todas las ponencias y talleres tendr\u00e1n lugar en el Auditorio del Campus Nuestra Se\u00f1ora del Pilar de la Universidad del Salvador. Para aprovechar la beca solo deber\u00e1n inscribirse enviando los datos al mail <\/span><a style=\"font-family:Verdana;font-size:small;line-height:1.5;\" href=\"mailto:congresos@poloeducativopilar.org.ar\"> congresos@poloeducativopilar.org.ar<!--more--><\/a><\/p>\n<p style=\"text-align:left;\" align=\"center\">\u00a0<span style=\"font-family:Verdana;font-size:small;\">El jueves 18, por primera vez se realizar\u00e1 una jornada denominada Pre-Congreso con variada tem\u00e1tica de inter\u00e9s. Para participar deber\u00e1n anotarse con anticipaci\u00f3n en la conferencia que desean enviando los datos a <a href=\"mailto:congresos@poloeducativopilar.org.ar\"> congresos@poloeducativopilar.org.ar<\/a> debido a que las conferencias son simult\u00e1neas.<\/span><\/p>\n<p><span style=\"font-family:Verdana;font-size:small;\">Entre los temas del Pre-Congreso, se abordar\u00e1n:<\/span><br \/>\n<span style=\"font-family:Verdana;font-size:small;\">\u00a0<b>\u201cCRITERIOS B\u00c1SICOS DE ATENCI\u00d3N Y DERIVACI\u00d3N EN SALUD\u201d, por el DR. PABLO ATCHABAHIAN<\/b><\/span><br \/>\n<span style=\"font-family:Verdana;font-size:small;\"><b>\u201cDIGITAL NATIVES: THE CHALLENGE OF REACHING THEIR WONDERFUL BRAINS! Selfawareness, self-management and positive thinking\u201d, por la LIC. LUCRECIA PRAT GAY (conferencia en ingl\u00e9s)<\/b><\/span><br \/>\n<span style=\"font-family:Verdana;font-size:small;\"><b>\u00abEL AGUA VA A LA ESCUELA: DIN\u00c1MICA DE APLICACI\u00d3N\u00bb, por la LIC. CARINA GUARAGNA<\/b><\/span><br \/>\n<span style=\"font-family:Verdana;font-size:small;\"><b>\u201cRELACI\u00d3N ESCUELA-FAMILIA\u201d, por el PROF. DR. JUAN CLEMENTE LESCANO<\/b><\/span><br \/>\n<span style=\"font-family:Verdana;font-size:small;\"><b>\u00abLESIONES FRECUENTES EN EL DEPORTE\u00bb, por la LIC. NOELIA C\u00c1CERES<i>.<\/i><\/b><\/span><br \/>\n<span style=\"font-family:Verdana;font-size:small;\"><b>\u201cRESPONSABILIDAD CIVIL\u201d, por los DRES. MAR\u00cdA ELEONORA CANO (CIVIL), GRACIELA<\/b> <b>MART\u00cdNEZ CUERDA Y CARLOS YANIBELLI (LABORAL) <\/b><\/span><br \/>\n<span style=\"font-family:Verdana;font-size:small;\"><b>\u00abLOS EDUCADORES COMO L\u00cdDERES EN LA ERA DIGITAL\u00bb, por el PROF. MERCEDES P\u00c9REZ BERBAIN<\/b><\/span><br \/>\n<span style=\"font-family:Verdana;font-size:small;\"><b>\u00abDIGITAL NATIVES: THE CHALLENGE OF REACHING THEIR WONDERFUL BRAINS!\u00bb, por la LIC. LUCRECIA PRAT GAY (UNIV. OXFORD) (conferencia en ingl\u00e9s).<\/b><\/span><br \/>\nEn esta oportunidad, el t\u00f3pico de discusi\u00f3n de los especialistas invitados para el Congreso ser\u00e1 <b>\u201cLa Pedagog\u00eda del Cuidado y las Emociones en el Aprendizaje\u201d<\/b><br \/>\nLas jornadas de capacitaci\u00f3n est\u00e1n dirigidas a directivos y docentes de institutos de ense\u00f1anza de gesti\u00f3n p\u00fablica y privada, investigadores y profesionales relacionados con la educaci\u00f3n.<br \/>\nEn este caso son dos los disertantes: Giovanni Marcello Iafrancesco Villegas y Silvia Renata Figiacone.<br \/>\nEl Prof. Iafrancesco, es PhD en Filosof\u00eda de la Educaci\u00f3n, Newport University, California, USA. PhD en Educaci\u00f3n, U. Internacional Euroamericana, Valencia, Espa\u00f1a. Mag\u00edster en Docencia, U. De La Salle, Bogot\u00e1, Colombia. Magister en Estudios Profesionales, ILAEP de M\u00e9xico. Magister en Estudios Estrat\u00e9gicos, IDEE de Montevideo, Uruguay. 65 Distinciones y Premios Honor\u00edficos en Pedagog\u00eda en 14 pa\u00edses de Iberoam\u00e9rica. Consultor del PNUD de la ONU. Miembro de n\u00famero de la Academia Colombiana de Pedagog\u00eda y Educaci\u00f3n. Autor de la propuesta de Pedagog\u00eda Transformadora EEPT para Am\u00e9rica Latina. Autor de 26 libros para el magisterio latinoamericano. Actualmente es Director de CORIPET y Asesor, Consultor, conferencista y profesor de postgrados a nivel internacional.<br \/>\nLa Lic. Figiacone es PhD en Psicolog\u00eda (UP). Lic. en Psicopedagog\u00eda (UCA). Directora de Neuroeduca. Neuropsic\u00f3loga de ADINEU, Asistencia Docencia e Investigaci\u00f3n en Neurociencia. Coordinadora de dos m\u00f3dulos de la Maestr\u00eda en Neuropsicolog\u00eda del Hospital Italiano. Profesora protitular de Cl\u00ednica Psicopedag\u00f3gica en la carrera de Psicopedagog\u00eda de la UCA. Psicopedagoga del Servicio de Psiquiatr\u00eda del Hospital Frances, Centro Neurol\u00f3gico Alfredo Thomson entre 1998 y 2007. Ha participado en numerosos cursos, congresos, seminarios y jornadas, nacionales e internacionales y realizado publicaciones en las principales revistas de la especialidad en el orden nacional e internacional.<br \/>\nEl evento cuenta, como todos los a\u00f1os, con el auspicio del CITIBANK.<br \/>\n<b> El programa<\/b><br \/>\n<b><span style=\"text-decoration:underline;\"> Viernes 19 de Abril <\/span><\/b><br \/>\n08:00 Acreditaci\u00f3n de Participantes.<br \/>\n09:00 Apertura del Congreso.<br \/>\n09:15 Conferencia de Apertura.<br \/>\n<b><i>\u201cTRANSFORMACIONES DE LAS PR\u00c1CTICAS PEDAG\u00d3GICAS: De los modelos pedag\u00f3gicos instruccionales a los modelos pedag\u00f3gicos hol\u00edsticos y de mediaci\u00f3n\u201d <\/i><\/b>por<b> <\/b>el Prof. Giovanni Iafrancesco<br \/>\n10:45 Coffee<br \/>\n11:15 Conferencia<br \/>\n<b><i>\u201cLA EVOLUCI\u00d3N DE LOS ROLES DE QUIEN ENSE\u00d1A Y DE QUIEN APRENDE: IMPLICACIONES PEDAG\u00d3GICAS, DID\u00c1CTICAS, CURRICULARES Y EVALUATIVAS\u201d <\/i><\/b>por el Prof. Giovanni Iafrancesco<br \/>\n12:45 Almuerzo libre<br \/>\n14:00 Conferencia<br \/>\n<b><i>\u201cEDUCACI\u00d3N Y EMOCI\u00d3N: REGULACI\u00d3N EMOCIONAL, APRENDIZAJE Y EMOCIONES ACAD\u00c9MICAS\u201d <\/i><\/b><i>por la<b> <\/b><\/i>Lic. Silvia Renata Figiacone<br \/>\n15:30 Coffee<br \/>\n15:45 Conferencia <b>\u201cLA COGNICI\u00d3N SOCIAL EN EL AULA: EXPLORANDO LA RELACI\u00d3N ENTRE COMPETENCIAS SOCIOEMOCIONALES Y APRENDIZAJE ACAD\u00c9MICO\u201d, <\/b>a cargo de la Lic. Silvia Renata Figiacone<br \/>\n17:00 \u2013 Fin de las actividades del d\u00eda.<br \/>\n<b><span style=\"text-decoration:underline;\"> S\u00e1bado 20 de Abril <\/span><\/b><br \/>\n09:30 <b><i>Taller \u201cLA PROPUESTA DE EDUCACI\u00d3N, ESCUELA Y PEDAGOG\u00cdA TRANSFORMADORA EEPT: FUNDAMENTOS Y PROYECTOS\u201d<\/i><\/b>, dictado por el Prof. Giovanni Iafrancesco<br \/>\n09:30 <b>Taller \u201cESTRATEGIAS DE ENSE\u00d1ANZA Y ESTRATEGIAS DE APRENDIZAJE ORIENTADAS A LA EMOCI\u00d3N Y LAS HABILIDADES SOCIALES\u201d,<\/b><br \/>\na cargo de la Lic. Silvia Renata Figiacone<br \/>\n11:00 Coffee<br \/>\n11:30 <b>Conferencia \u201cEL MODELO PEDAG\u00d3GICO HOL\u00cdSTICO DE UNA ESCUELA TRANSFORMADORA: ELEMENTOS, FUNCIONES, RELACIONES, ESTRUCTURA, DIMENSIONES\u201d<\/b> por el Prof. Giovanni Iafrancesco<br \/>\n13:00 Fin de las actividades y cierre del Congreso.<br \/>\n<b> INFORMES E INSCRIPCIONES<\/b><br \/>\nLas consultas e inscripciones se realizar\u00e1n por mail a <a href=\"mailto:congresos@poloeducativopilar.org.ar\"> congresos@poloeducativopilar.org.ar<\/a><br \/>\n<b> ARANCELES<\/b><br \/>\nSocios hasta el 19\/04\/2013 $ 350, no socios $ 450.<br \/>\nLos pagos se har\u00e1n por transferencias bancarias a la siguiente cuenta:<br \/>\n\u2022 CITIBANK &#8211; Sucursal Pilar<br \/>\n\u2022 Cuenta Corriente en $ N\u00ba: 0241449815<br \/>\n\u2022 CBU: N\u00ba 0167 7771 0000 2414 4981 52<br \/>\n\u2022 CUIT: 30-70923503-2<br \/>\n\u2022 Titular: POLO EDUCATIVO PILAR<br \/>\nUna vez realizado el pago enviar por fax el comprobante del mismo al (0348) 4477355 indicando claramente Instituci\u00f3n a la que pertenece y nombres de los inscriptos o escaneado por mail a <a href=\"mailto:congresos@poloeducativopilar.org.ar\"> congresos@poloeducativopilar.org.ar<\/a> .<br \/>\nLos recibos se entregar\u00e1n en la Secretar\u00eda del Congreso a partir del 19 de abril 2013.<br \/>\n<b> El Polo Educativo Pilar<\/b> beca a todos los docentes de las escuelas p\u00fablicas del Distrito los que deber\u00e1n inscribirse previamente por mail a <a href=\"mailto:congresos@poloeducativopilar.org.ar\"> congresos@poloeducativopilar.org.ar<\/a><\/p>\n","protected":false},"excerpt":{"rendered":"<p>El Polo Educativo Pilar, otorga becas a todos los docentes de Escuelas p\u00fablicas de Pilar para que asistan SIN CARGO [&hellip;]<\/p>\n","protected":false},"author":2,"featured_media":0,"comment_status":"open","ping_status":"open","sticky":false,"template":"","format":"standard","meta":[],"categories":[2],"tags":[],"_links":{"self":[{"href":"https:\/\/quasarcomunicacion.com.ar\/web\/wp-json\/wp\/v2\/posts\/1795"}],"collection":[{"href":"https:\/\/quasarcomunicacion.com.ar\/web\/wp-json\/wp\/v2\/posts"}],"about":[{"href":"https:\/\/quasarcomunicacion.com.ar\/web\/wp-json\/wp\/v2\/types\/post"}],"author":[{"embeddable":true,"href":"https:\/\/quasarcomunicacion.com.ar\/web\/wp-json\/wp\/v2\/users\/2"}],"replies":[{"embeddable":true,"href":"https:\/\/quasarcomunicacion.com.ar\/web\/wp-json\/wp\/v2\/comments?post=1795"}],"version-history":[{"count":0,"href":"https:\/\/quasarcomunicacion.com.ar\/web\/wp-json\/wp\/v2\/posts\/1795\/revisions"}],"wp:attachment":[{"href":"https:\/\/quasarcomunicacion.com.ar\/web\/wp-json\/wp\/v2\/media?parent=1795"}],"wp:term":[{"taxonomy":"category","embeddable":true,"href":"https:\/\/quasarcomunicacion.com.ar\/web\/wp-json\/wp\/v2\/categories?post=1795"},{"taxonomy":"post_tag","embeddable":true,"href":"https:\/\/quasarcomunicacion.com.ar\/web\/wp-json\/wp\/v2\/tags?post=1795"}],"curies":[{"name":"wp","href":"https:\/\/api.w.org\/{rel}","templated":true}]}}