{"id":1787,"date":"2013-04-08T22:38:52","date_gmt":"2013-04-08T22:38:52","guid":{"rendered":"http:\/\/quasarcomunicacion.wordpress.com\/?p=1787"},"modified":"2013-04-08T22:38:52","modified_gmt":"2013-04-08T22:38:52","slug":"1787-2","status":"publish","type":"post","link":"https:\/\/quasarcomunicacion.com.ar\/web\/1787-2\/","title":{"rendered":"Nota en Diario Clar\u00edn sobre Estr\u00e9s Postraum\u00e1tico luego de las inundaciones"},"content":{"rendered":"<p>Nota publicada en la tapa del diario Clar\u00edn del lunes 8 de abril con un informe sobre el estr\u00e9s postraum\u00e1tico sufrido luego de las inundaciones, nota en la cual consultaron a la directora del CEETA, la Lic. Gabriela Mart\u00ednez Castro<!--more--><\/p>\n\n","protected":false},"excerpt":{"rendered":"<p>Nota publicada en la tapa del diario Clar\u00edn del lunes 8 de abril con un informe sobre el estr\u00e9s postraum\u00e1tico [&hellip;]<\/p>\n","protected":false},"author":2,"featured_media":0,"comment_status":"open","ping_status":"open","sticky":false,"template":"","format":"standard","meta":[],"categories":[42],"tags":[],"_links":{"self":[{"href":"https:\/\/quasarcomunicacion.com.ar\/web\/wp-json\/wp\/v2\/posts\/1787"}],"collection":[{"href":"https:\/\/quasarcomunicacion.com.ar\/web\/wp-json\/wp\/v2\/posts"}],"about":[{"href":"https:\/\/quasarcomunicacion.com.ar\/web\/wp-json\/wp\/v2\/types\/post"}],"author":[{"embeddable":true,"href":"https:\/\/quasarcomunicacion.com.ar\/web\/wp-json\/wp\/v2\/users\/2"}],"replies":[{"embeddable":true,"href":"https:\/\/quasarcomunicacion.com.ar\/web\/wp-json\/wp\/v2\/comments?post=1787"}],"version-history":[{"count":0,"href":"https:\/\/quasarcomunicacion.com.ar\/web\/wp-json\/wp\/v2\/posts\/1787\/revisions"}],"wp:attachment":[{"href":"https:\/\/quasarcomunicacion.com.ar\/web\/wp-json\/wp\/v2\/media?parent=1787"}],"wp:term":[{"taxonomy":"category","embeddable":true,"href":"https:\/\/quasarcomunicacion.com.ar\/web\/wp-json\/wp\/v2\/categories?post=1787"},{"taxonomy":"post_tag","embeddable":true,"href":"https:\/\/quasarcomunicacion.com.ar\/web\/wp-json\/wp\/v2\/tags?post=1787"}],"curies":[{"name":"wp","href":"https:\/\/api.w.org\/{rel}","templated":true}]}}