{"id":1720,"date":"2013-03-25T20:32:12","date_gmt":"2013-03-25T20:32:12","guid":{"rendered":"http:\/\/quasarcomunicacion.wordpress.com\/?p=1720"},"modified":"2013-03-25T20:32:12","modified_gmt":"2013-03-25T20:32:12","slug":"el-polo-educativo-pilar-organiza-el-noveno-congreso-de-educacion-en-la-ciudad","status":"publish","type":"post","link":"https:\/\/quasarcomunicacion.com.ar\/web\/el-polo-educativo-pilar-organiza-el-noveno-congreso-de-educacion-en-la-ciudad\/","title":{"rendered":"El Polo Educativo Pilar organiza el noveno Congreso de Educaci\u00f3n en la ciudad"},"content":{"rendered":"<p style=\"text-align:left;\" align=\"center\"><span style=\"font-family:Verdana;font-size:small;line-height:1.5;\">El\u00a0<\/span><b style=\"font-family:Verdana;font-size:small;line-height:1.5;\">Polo Educativo Pilar<\/b><span style=\"font-family:Verdana;font-size:small;line-height:1.5;\">, organiza por noveno a\u00f1o consecutivo el\u00a0<\/span><b style=\"font-family:Verdana;font-size:small;line-height:1.5;\">Congreso Nacional de Educaci\u00f3n<\/b><span style=\"font-family:Verdana;font-size:small;line-height:1.5;\">\u00a0que tendr\u00e1 lugar en el Campus Nuestra Se\u00f1ora del Pilar de la Universidad del Salvador el pr\u00f3ximo viernes 19 y s\u00e1bado 20 de abril. Como cada a\u00f1o, la inscripci\u00f3n para los docentes de escuelas p\u00fablicas del partido de Pilar es sin cargo.<!--more--><\/span><\/p>\n<p><span style=\"font-family:Verdana;font-size:small;\">Informes escribiendo a\u00a0<a href=\"mailto:congresos@poloeducativopilar.org.ar\">congresos@poloeducativopilar.org.ar<\/a><\/span><\/p>\n<p style=\"text-align:left;\" align=\"center\">En esta oportunidad, el t\u00f3pico de discusi\u00f3n de los especialistas invitados ser\u00e1<b>\u201cLa Pedagog\u00eda del Cuidado y las Emociones en el Aprendizaje\u201d<\/b><\/p>\n<p>Las dos jornadas de capacitaci\u00f3n est\u00e1n dirigidas a directivos y docentes de institutos de ense\u00f1anza de gesti\u00f3n p\u00fablica y privada, investigadores y profesionales relacionados con la educaci\u00f3n.<br \/>\nEn este caso son dos los disertantes: Giovanni Marcello Iafrancesco Villegas y Silvia Renata Figiacone.<br \/>\nEl Prof. Iafrancesco,\u00a0es PhD en Filosof\u00eda de la Educaci\u00f3n, Newport University, California, USA. PhD en Educaci\u00f3n, U. Internacional Euroamericana, Valencia, Espa\u00f1a. Mag\u00edster en Docencia, U. De La Salle, Bogot\u00e1, Colombia. Magister en Estudios Profesionales, ILAEP de M\u00e9xico. Magister en Estudios Estrat\u00e9gicos, IDEE de Montevideo, Uruguay. 65 Distinciones y Premios Honor\u00edficos en Pedagog\u00eda en 14 pa\u00edses de Iberoam\u00e9rica. Consultor del PNUD de la ONU. Miembro de n\u00famero de la Academia Colombiana de Pedagog\u00eda y Educaci\u00f3n. Autor de la propuesta de Pedagog\u00eda Transformadora EEPT para Am\u00e9rica Latina. Autor de 26 libros para el magisterio latinoamericano. Actualmente es Director de CORIPET y Asesor, Consultor, conferencista y profesor de postgrados a nivel internacional.<br \/>\nLa Lic.\u00a0Figiacone es PhD en Psicolog\u00eda (UP). Lic. en Psicopedagog\u00eda (UCA). Directora de Neuroeduca. Neuropsic\u00f3loga de ADINEU, Asistencia Docencia e Investigaci\u00f3n en Neurociencia. Coordinadora de dos m\u00f3dulos de la Maestr\u00eda en Neuropsicolog\u00eda del Hospital Italiano. Profesora protitular de Cl\u00ednica Psicopedag\u00f3gica en la carrera de Psicopedagog\u00eda de la UCA. Psicopedagoga del Servicio de Psiquiatr\u00eda del Hospital Frances, Centro Neurol\u00f3gico Alfredo Thomson entre 1998 y 2007. Ha participado en numerosos cursos, congresos, seminarios y jornadas, nacionales e internacionales y realizado publicaciones en las principales revistas de la especialidad en el orden nacional e internacional.<br \/>\nEl evento cuenta, como todos los a\u00f1os, con el auspicio del CITIBANK.<br \/>\n<b>El programa<\/b><br \/>\n<b><span style=\"text-decoration:underline;\">Viernes 19 de Abril<\/span><\/b><br \/>\n08:00 Acreditaci\u00f3n de Participantes.<br \/>\n09:00 Apertura del Congreso.<br \/>\n09:15 Conferencia de Apertura.<br \/>\n<b><i>\u201cTRANSFORMACIONES DE LAS PR\u00c1CTICAS PEDAG\u00d3GICAS: De los modelos pedag\u00f3gicos instruccionales a los modelos pedag\u00f3gicos hol\u00edsticos y de mediaci\u00f3n\u201d\u00a0<\/i><\/b>por<b>\u00a0<\/b>el Prof. Giovanni Iafrancesco<br \/>\n10:45 Coffee<br \/>\n11:15 Conferencia<br \/>\n<b><i>\u201cLA EVOLUCI\u00d3N DE LOS ROLES DE QUIEN ENSE\u00d1A Y DE QUIEN APRENDE: IMPLICACIONES PEDAG\u00d3GICAS, DID\u00c1CTICAS, CURRICULARES Y EVALUATIVAS\u201d\u00a0<\/i><\/b>por el Prof. Giovanni Iafrancesco<br \/>\n12:45 Almuerzo libre<br \/>\n14:00 Conferencia<br \/>\n<b><i>\u201cEDUCACI\u00d3N Y EMOCI\u00d3N: REGULACI\u00d3N EMOCIONAL, APRENDIZAJE Y EMOCIONES ACAD\u00c9MICAS\u201d\u00a0<\/i><\/b><i>por la<b>\u00a0<\/b><\/i>Lic. Silvia Renata Figiacone<br \/>\n15:30 Coffee<br \/>\n15:45 Conferencia\u00a0<b>\u201cLA COGNICI\u00d3N SOCIAL EN EL AULA: EXPLORANDO LA RELACI\u00d3N ENTRE COMPETENCIAS SOCIOEMOCIONALES Y APRENDIZAJE ACAD\u00c9MICO\u201d,\u00a0<\/b>a cargo de la Lic. Silvia Renata Figiacone<br \/>\n17:00 \u2013 Fin de las actividades del d\u00eda.<br \/>\n<b><span style=\"text-decoration:underline;\">S\u00e1bado 20 de Abril<\/span><\/b><br \/>\n09:30\u00a0<b><i>Taller \u201cLA PROPUESTA DE EDUCACI\u00d3N, ESCUELA Y PEDAGOG\u00cdA TRANSFORMADORA EEPT: FUNDAMENTOS Y PROYECTOS\u201d<\/i><\/b>, dictado por el Prof. Giovanni Iafrancesco<br \/>\n09:30\u00a0<b>Taller \u201cESTRATEGIAS DE ENSE\u00d1ANZA Y ESTRATEGIAS DE APRENDIZAJE ORIENTADAS A LA EMOCI\u00d3N Y LAS HABILIDADES SOCIALES\u201d,<\/b><br \/>\na cargo de la Lic. Silvia Renata Figiacone<br \/>\n11:00 Coffee<br \/>\n11:30\u00a0<b>Conferencia \u201cEL MODELO PEDAG\u00d3GICO HOL\u00cdSTICO DE UNA ESCUELA TRANSFORMADORA: ELEMENTOS, FUNCIONES, RELACIONES, ESTRUCTURA, DIMENSIONES\u201d<\/b>\u00a0por el Prof. Giovanni Iafrancesco<br \/>\n13:00 Fin de las actividades y cierre del Congreso.<br \/>\n<b>INFORMES E INSCRIPCIONES<\/b><br \/>\nLas consultas e inscripciones se realizar\u00e1n por mail a<a href=\"mailto:congresos@poloeducativopilar.org.ar\">congresos@poloeducativopilar.org.ar<\/a><br \/>\n<b>ARANCELES<\/b><br \/>\nSocios hasta el 19\/04\/2013 $ 350, no socios $ 450.<br \/>\nLos pagos se har\u00e1n por transferencias bancarias a la siguiente cuenta:<br \/>\n\u2022 CITIBANK &#8211; Sucursal Pilar<br \/>\n\u2022 Cuenta Corriente en $ N\u00ba: 0241449815<br \/>\n\u2022 CBU: N\u00ba 0167 7771 0000 2414 4981 52<br \/>\n\u2022 CUIT: 30-70923503-2<br \/>\n\u2022 Titular: POLO EDUCATIVO PILAR<br \/>\nUna vez realizado el pago enviar por fax el comprobante del mismo al (0348) 4477355 indicando claramente Instituci\u00f3n a la que pertenece y nombres de los inscriptos o escaneado por mail a\u00a0<a href=\"mailto:congresos@poloeducativopilar.org.ar\">congresos@poloeducativopilar.org.ar<\/a>\u00a0.<br \/>\nLos recibos se entregar\u00e1n en la Secretar\u00eda del Congreso a partir del 19 de abril 2013.<br \/>\n<b>El Polo Educativo Pilar<\/b>\u00a0beca a todos los docentes de las escuelas p\u00fablicas del Distrito los que deber\u00e1n inscribirse previamente por mail a<a href=\"mailto:congresos@poloeducativopilar.org.ar\">congresos@poloeducativopilar.org.ar<\/a><\/p>\n","protected":false},"excerpt":{"rendered":"<p>El\u00a0Polo Educativo Pilar, organiza por noveno a\u00f1o consecutivo el\u00a0Congreso Nacional de Educaci\u00f3n\u00a0que tendr\u00e1 lugar en el Campus Nuestra Se\u00f1ora del [&hellip;]<\/p>\n","protected":false},"author":2,"featured_media":0,"comment_status":"open","ping_status":"open","sticky":false,"template":"","format":"standard","meta":[],"categories":[2],"tags":[],"_links":{"self":[{"href":"https:\/\/quasarcomunicacion.com.ar\/web\/wp-json\/wp\/v2\/posts\/1720"}],"collection":[{"href":"https:\/\/quasarcomunicacion.com.ar\/web\/wp-json\/wp\/v2\/posts"}],"about":[{"href":"https:\/\/quasarcomunicacion.com.ar\/web\/wp-json\/wp\/v2\/types\/post"}],"author":[{"embeddable":true,"href":"https:\/\/quasarcomunicacion.com.ar\/web\/wp-json\/wp\/v2\/users\/2"}],"replies":[{"embeddable":true,"href":"https:\/\/quasarcomunicacion.com.ar\/web\/wp-json\/wp\/v2\/comments?post=1720"}],"version-history":[{"count":0,"href":"https:\/\/quasarcomunicacion.com.ar\/web\/wp-json\/wp\/v2\/posts\/1720\/revisions"}],"wp:attachment":[{"href":"https:\/\/quasarcomunicacion.com.ar\/web\/wp-json\/wp\/v2\/media?parent=1720"}],"wp:term":[{"taxonomy":"category","embeddable":true,"href":"https:\/\/quasarcomunicacion.com.ar\/web\/wp-json\/wp\/v2\/categories?post=1720"},{"taxonomy":"post_tag","embeddable":true,"href":"https:\/\/quasarcomunicacion.com.ar\/web\/wp-json\/wp\/v2\/tags?post=1720"}],"curies":[{"name":"wp","href":"https:\/\/api.w.org\/{rel}","templated":true}]}}