{"id":1709,"date":"2013-03-21T18:12:19","date_gmt":"2013-03-21T18:12:19","guid":{"rendered":"http:\/\/quasarcomunicacion.wordpress.com\/?p=1709"},"modified":"2013-03-21T18:12:19","modified_gmt":"2013-03-21T18:12:19","slug":"nota-sobre-la-llegada-de-la-fundacion-julio-bocca-al-dailan-en-la-nacion","status":"publish","type":"post","link":"https:\/\/quasarcomunicacion.com.ar\/web\/nota-sobre-la-llegada-de-la-fundacion-julio-bocca-al-dailan-en-la-nacion\/","title":{"rendered":"Nota sobre la llegada de la Fundaci\u00f3n Julio Bocca al Dailan en La Naci\u00f3n"},"content":{"rendered":"<p>Nota publicada en la tapa del suplemento Espect\u00e1culos del diario La Naci\u00f3n este jueves 21 de marzo donde entrevistaron a Julio Bocca durante la presentaci\u00f3n de la nueva escuela de su fundaci\u00f3n en Pilar<!--more--><!--more--><\/p>\n","protected":false},"excerpt":{"rendered":"<p>Nota publicada en la tapa del suplemento Espect\u00e1culos del diario La Naci\u00f3n este jueves 21 de marzo donde entrevistaron a [&hellip;]<\/p>\n","protected":false},"author":2,"featured_media":0,"comment_status":"open","ping_status":"open","sticky":false,"template":"","format":"standard","meta":[],"categories":[42],"tags":[],"_links":{"self":[{"href":"https:\/\/quasarcomunicacion.com.ar\/web\/wp-json\/wp\/v2\/posts\/1709"}],"collection":[{"href":"https:\/\/quasarcomunicacion.com.ar\/web\/wp-json\/wp\/v2\/posts"}],"about":[{"href":"https:\/\/quasarcomunicacion.com.ar\/web\/wp-json\/wp\/v2\/types\/post"}],"author":[{"embeddable":true,"href":"https:\/\/quasarcomunicacion.com.ar\/web\/wp-json\/wp\/v2\/users\/2"}],"replies":[{"embeddable":true,"href":"https:\/\/quasarcomunicacion.com.ar\/web\/wp-json\/wp\/v2\/comments?post=1709"}],"version-history":[{"count":0,"href":"https:\/\/quasarcomunicacion.com.ar\/web\/wp-json\/wp\/v2\/posts\/1709\/revisions"}],"wp:attachment":[{"href":"https:\/\/quasarcomunicacion.com.ar\/web\/wp-json\/wp\/v2\/media?parent=1709"}],"wp:term":[{"taxonomy":"category","embeddable":true,"href":"https:\/\/quasarcomunicacion.com.ar\/web\/wp-json\/wp\/v2\/categories?post=1709"},{"taxonomy":"post_tag","embeddable":true,"href":"https:\/\/quasarcomunicacion.com.ar\/web\/wp-json\/wp\/v2\/tags?post=1709"}],"curies":[{"name":"wp","href":"https:\/\/api.w.org\/{rel}","templated":true}]}}